{"id":1008,"date":"2020-05-07T00:00:00","date_gmt":"2020-05-07T04:00:00","guid":{"rendered":"https:\/\/www-new2022.chezcora.com\/?p=1008"},"modified":"2021-12-02T17:20:37","modified_gmt":"2021-12-02T22:20:37","slug":"bonne-fete-des-meres","status":"publish","type":"post","link":"https:\/\/www.chezcora.com\/en\/lettre-mme-cora\/bonne-fete-des-meres\/","title":{"rendered":"\u200b\u200b\u200b\u200b\u200b\u200b\u200bHappy Mother\u2019s Day!"},"content":{"rendered":"<p>Wow! Comme je suis b&#xE9;nie d&#x2019;avoir des coll&#xE8;gues aussi ing&#xE9;nieux.<\/p>\n<p>Hier matin, l&#x2019;un d&#x2019;eux me fait savoir que&#xA0;: &#xAB;&#x2009;cette ann&#xE9;e, ch&#xE8;re fondatrice, nous allons vous f&#xEA;ter avant l&#x2019;heure&#x2009;&#xBB;. Comme la f&#xEA;te des M&#xE8;res (10&#xA0;mai) s&#x2019;av&#xE8;re la plus grosse journ&#xE9;e de l&#x2019;ann&#xE9;e en restauration, l&#x2019;&#xE9;quipe sera certainement occup&#xE9;e &#xE0; s&#x2019;assurer que tous nos restos ronronnent promptement. Ainsi, ch&#xE8;re madame Cora, d&#xE8;s demain vous n&#x2019;aurez qu&#x2019;&#xE0; ouvrir votre porte pour trouver, dans un gros sac soleil, un super d&#xE9;jeuner &#xE0; assembler en un clin d&#x2019;&#x153;il. Et r&#xE9;galez-vous!<\/p>\n<p>Mangez pour quatre, car il y en aura assez pour six.<\/p>\n<p>Le colis est arriv&#xE9; ce matin. Chapeau l&#x2019;&#xE9;quipe! Je vous <span style=\"font-family:&quot;Apple Color Emoji&quot;\">&#x2764;&#xFE0F;.<\/p>\n<p>Et j&#x2019;ai compris qu&#x2019;au-del&#xE0; de me faire manger comme un ogre pour f&#xEA;ter la maman en moi, l&#x2019;&#xE9;quipe voulait aussi me pr&#xE9;senter l&#x2019;excellente id&#xE9;e qu&#x2019;elle a eue de concocter pour nos clients un &#xAB;&#x2009;Bon Gros d&#xE9;jeuner Cora&#x2009;&#xBB; avec des &#x153;ufs, du bacon, du jambon, des f&#xE8;ves au lard, des cretons, et m&#xEA;me de la sauce hollandaise pour tremper son &#x153;uf, des patates &#xE0; d&#xE9;jeuner, du bon pain pour faire les toasts, du jus pour les enfants, du caf&#xE9; pour remplir deux&#xA0;fois votre silex et bien entendu, du sucre &#xE0; la cr&#xE8;me pour finir en beaut&#xE9;.<\/p>\n<p>Mes f&#xE9;licitations &#xE0; l&#x2019;&#xE9;quipe furent aussi copieuses que le Gros d&#xE9;jeuner &#xE0; emporter qu&#x2019;elle m&#x2019;a fait parvenir. &#xC0; mon avis, c&#x2019;est une excellente id&#xE9;e pour les familles voulant &#xE9;viter de sortir en temps de pand&#xE9;mie. Et peut-&#xEA;tre, qui sait, une id&#xE9;e qui devra perdurer pour accommoder les familles pr&#xE9;f&#xE9;rant &#xE9;viter les files d&#x2019;attente des week-ends.<\/p>\n<p>J&#x2019;apprendrai rapidement que ce bon Gros d&#xE9;jeuner pour 4 &#xA0;se d&#xE9;cline en quatre versions selon les go&#xFB;ts des familles! En plus du traditionnel &#x153;ufs-viandes, il y a celui des Cr&#xEA;pes &#xE9;pinards-cheddar et leurs garnitures, du Pain dor&#xE9; au sirop d&#x2019;&#xE9;rable ou des Pancakes bien accompagn&#xE9;es. Tout est dans le sac pour assembler facilement. Vous n&#x2019;avez qu&#x2019;&#xE0; commander et on vous livre ou vous venez en succursale chercher votre commande.<\/p>\n<p>Moi qui m&#x2019;attendais &#xE0; un bouquet. Je vais religieusement manger du Cora les cinq prochains matins! Et &#xE7;a adonne bien, c&#x2019;est ma nouvelle habitude&#xA0;Covid-19&#xA0;: prendre le temps de bien d&#xE9;jeuner,&#xA0;me faire un bon caf&#xE9; (ou 2 ou 3), appr&#xE9;cier ma jolie cuisine, r&#xF4;tir&#xA0;un bagel d&#xE9;congel&#xE9;, y &#xE9;tendre ma bonne confiture et, les doigts collants, feuilleter ma Presse sur l&#x2019;iPad. Et tout &#xE7;a sans oublier de savourer ma vie au ralenti avant de chausser mes bottes de 4&#xA0;kilom&#xE8;tres. D&#x2019;ailleurs, c&#x2019;est en marchant que me viennent mes meilleures r&#xE9;alisations. Et la plus flagrante d&#x2019;aujourd&#x2019;hui, c&#x2019;est que la grosse baraque fonctionne sans moi. Mission accomplie maman. <\/p>\n<p>Bonne f&#xEA;te des M&#xE8;res!<\/p>\n<p>Cora<\/p>\n<p>Je vous <span style=\"font-family:&quot;Apple Color Emoji&quot;\">&#x2764;&#xFE0F; toute l&#x2019;&#xE9;quipe!<\/p>","protected":false},"excerpt":{"rendered":"<p>Wow! Comme je suis b&#xE9;nie d&#x2019;avoir des coll&#xE8;gues aussi ing&#xE9;nieux. Hier matin, [&hellip;]<\/p>\n","protected":false},"author":1,"featured_media":1011,"comment_status":"open","ping_status":"open","sticky":false,"template":"","format":"standard","meta":{"_acf_changed":false,"footnotes":""},"categories":[32],"tags":[],"class_list":["post-1008","post","type-post","status-publish","format-standard","has-post-thumbnail","hentry","category-lettre-mme-cora"],"acf":[],"yoast_head":"<!-- This site is optimized with the Yoast SEO plugin v27.4 - https:\/\/yoast.com\/product\/yoast-seo-wordpress\/ -->\n<title>Bonne f\u00eate des M\u00e8res! &#8211; Cora D\u00e9jeuners et d\u00eeners<\/title>\n<meta name=\"robots\" content=\"index, follow, max-snippet:-1, max-image-preview:large, max-video-preview:-1\" \/>\n<link rel=\"canonical\" href=\"https:\/\/www.chezcora.com\/en\/mme-coras-letter\/bonne-fete-des-meres\/\" \/>\n<meta property=\"og:locale\" content=\"en_US\" \/>\n<meta property=\"og:type\" content=\"article\" \/>\n<meta property=\"og:title\" content=\"Bonne f\u00eate des M\u00e8res! &#8211; Cora D\u00e9jeuners et d\u00eeners\" \/>\n<meta property=\"og:description\" content=\"Wow! Comme je suis b&#xE9;nie d&#x2019;avoir des coll&#xE8;gues aussi ing&#xE9;nieux. Hier matin, [&hellip;]\" \/>\n<meta property=\"og:url\" content=\"https:\/\/www.chezcora.com\/en\/mme-coras-letter\/bonne-fete-des-meres\/\" \/>\n<meta property=\"og:site_name\" content=\"Cora D\u00e9jeuners et d\u00eeners\" \/>\n<meta property=\"article:publisher\" content=\"https:\/\/www.facebook.com\/corarestaurants\" \/>\n<meta property=\"article:published_time\" content=\"2020-05-07T04:00:00+00:00\" \/>\n<meta property=\"article:modified_time\" content=\"2021-12-02T22:20:37+00:00\" \/>\n<meta property=\"og:image\" content=\"https:\/\/e3b2rn3eqfa.exactdn.com\/wp-content\/uploads\/2021\/11\/IMG_4789_article-scale_max-1040x1040-1.png?strip=all&lossy=0&ssl=1\" \/>\n\t<meta property=\"og:image:width\" content=\"1040\" \/>\n\t<meta property=\"og:image:height\" content=\"1040\" \/>\n\t<meta property=\"og:image:type\" content=\"image\/png\" \/>\n<meta name=\"author\" content=\"Frederic\" \/>\n<meta name=\"twitter:card\" content=\"summary_large_image\" \/>\n<meta name=\"twitter:creator\" content=\"@CoraRestaurants\" \/>\n<meta name=\"twitter:site\" content=\"@CoraRestaurants\" \/>\n<meta name=\"twitter:label1\" content=\"Written by\" \/>\n\t<meta name=\"twitter:data1\" content=\"Frederic\" \/>\n\t<meta name=\"twitter:label2\" content=\"Est. reading time\" \/>\n\t<meta name=\"twitter:data2\" content=\"3 minutes\" \/>\n<script type=\"application\/ld+json\" class=\"yoast-schema-graph\">{\"@context\":\"https:\\\/\\\/schema.org\",\"@graph\":[{\"@type\":\"Article\",\"@id\":\"https:\\\/\\\/www.chezcora.com\\\/lettre-mme-cora\\\/bonne-fete-des-meres\\\/#article\",\"isPartOf\":{\"@id\":\"https:\\\/\\\/www.chezcora.com\\\/lettre-mme-cora\\\/bonne-fete-des-meres\\\/\"},\"author\":{\"name\":\"Frederic\",\"@id\":\"https:\\\/\\\/www.chezcora.com\\\/#\\\/schema\\\/person\\\/dcb5c62d3439ed922025241c5de42233\"},\"headline\":\"Bonne f\u00eate des M\u00e8res!\",\"datePublished\":\"2020-05-07T04:00:00+00:00\",\"dateModified\":\"2021-12-02T22:20:37+00:00\",\"mainEntityOfPage\":{\"@id\":\"https:\\\/\\\/www.chezcora.com\\\/lettre-mme-cora\\\/bonne-fete-des-meres\\\/\"},\"wordCount\":650,\"commentCount\":0,\"image\":{\"@id\":\"https:\\\/\\\/www.chezcora.com\\\/lettre-mme-cora\\\/bonne-fete-des-meres\\\/#primaryimage\"},\"thumbnailUrl\":\"https:\\\/\\\/e3b2rn3eqfa.exactdn.com\\\/wp-content\\\/uploads\\\/2021\\\/11\\\/IMG_4789_article-scale_max-1040x1040-1.png?strip=all\",\"articleSection\":[\"Lettre Mme Cora\"],\"inLanguage\":\"en-CA\",\"potentialAction\":[{\"@type\":\"CommentAction\",\"name\":\"Comment\",\"target\":[\"https:\\\/\\\/www.chezcora.com\\\/lettre-mme-cora\\\/bonne-fete-des-meres\\\/#respond\"]}]},{\"@type\":\"WebPage\",\"@id\":\"https:\\\/\\\/www.chezcora.com\\\/lettre-mme-cora\\\/bonne-fete-des-meres\\\/\",\"url\":\"https:\\\/\\\/www.chezcora.com\\\/lettre-mme-cora\\\/bonne-fete-des-meres\\\/\",\"name\":\"Bonne f\u00eate des M\u00e8res! &#8211; Cora D\u00e9jeuners et d\u00eeners\",\"isPartOf\":{\"@id\":\"https:\\\/\\\/www.chezcora.com\\\/#website\"},\"primaryImageOfPage\":{\"@id\":\"https:\\\/\\\/www.chezcora.com\\\/lettre-mme-cora\\\/bonne-fete-des-meres\\\/#primaryimage\"},\"image\":{\"@id\":\"https:\\\/\\\/www.chezcora.com\\\/lettre-mme-cora\\\/bonne-fete-des-meres\\\/#primaryimage\"},\"thumbnailUrl\":\"https:\\\/\\\/e3b2rn3eqfa.exactdn.com\\\/wp-content\\\/uploads\\\/2021\\\/11\\\/IMG_4789_article-scale_max-1040x1040-1.png?strip=all\",\"datePublished\":\"2020-05-07T04:00:00+00:00\",\"dateModified\":\"2021-12-02T22:20:37+00:00\",\"author\":{\"@id\":\"https:\\\/\\\/www.chezcora.com\\\/#\\\/schema\\\/person\\\/dcb5c62d3439ed922025241c5de42233\"},\"breadcrumb\":{\"@id\":\"https:\\\/\\\/www.chezcora.com\\\/lettre-mme-cora\\\/bonne-fete-des-meres\\\/#breadcrumb\"},\"inLanguage\":\"en-CA\",\"potentialAction\":[{\"@type\":\"ReadAction\",\"target\":[\"https:\\\/\\\/www.chezcora.com\\\/lettre-mme-cora\\\/bonne-fete-des-meres\\\/\"]}]},{\"@type\":\"ImageObject\",\"inLanguage\":\"en-CA\",\"@id\":\"https:\\\/\\\/www.chezcora.com\\\/lettre-mme-cora\\\/bonne-fete-des-meres\\\/#primaryimage\",\"url\":\"https:\\\/\\\/e3b2rn3eqfa.exactdn.com\\\/wp-content\\\/uploads\\\/2021\\\/11\\\/IMG_4789_article-scale_max-1040x1040-1.png?strip=all\",\"contentUrl\":\"https:\\\/\\\/e3b2rn3eqfa.exactdn.com\\\/wp-content\\\/uploads\\\/2021\\\/11\\\/IMG_4789_article-scale_max-1040x1040-1.png?strip=all\",\"width\":1040,\"height\":1040},{\"@type\":\"BreadcrumbList\",\"@id\":\"https:\\\/\\\/www.chezcora.com\\\/lettre-mme-cora\\\/bonne-fete-des-meres\\\/#breadcrumb\",\"itemListElement\":[{\"@type\":\"ListItem\",\"position\":1,\"name\":\"Lettre Mme Cora\",\"item\":\"https:\\\/\\\/www.chezcora.com\\\/lettre-mme-cora\\\/\"},{\"@type\":\"ListItem\",\"position\":2,\"name\":\"Bonne f\u00eate des M\u00e8res!\"}]},{\"@type\":\"WebSite\",\"@id\":\"https:\\\/\\\/www.chezcora.com\\\/#website\",\"url\":\"https:\\\/\\\/www.chezcora.com\\\/\",\"name\":\"Cora D\u00e9jeuners et d\u00eeners\",\"description\":\"D\u00e9jeuners spectaculaires livr\u00e9s \u00e0 votre domicile\",\"potentialAction\":[{\"@type\":\"SearchAction\",\"target\":{\"@type\":\"EntryPoint\",\"urlTemplate\":\"https:\\\/\\\/www.chezcora.com\\\/?s={search_term_string}\"},\"query-input\":{\"@type\":\"PropertyValueSpecification\",\"valueRequired\":true,\"valueName\":\"search_term_string\"}}],\"inLanguage\":\"en-CA\"},{\"@type\":\"Person\",\"@id\":\"https:\\\/\\\/www.chezcora.com\\\/#\\\/schema\\\/person\\\/dcb5c62d3439ed922025241c5de42233\",\"name\":\"Frederic\",\"image\":{\"@type\":\"ImageObject\",\"inLanguage\":\"en-CA\",\"@id\":\"https:\\\/\\\/secure.gravatar.com\\\/avatar\\\/1082bab674d453fb78e24eb556b982941cd520a5fc55895a71fda0b2f8b39c70?s=96&d=mm&r=g\",\"url\":\"https:\\\/\\\/secure.gravatar.com\\\/avatar\\\/1082bab674d453fb78e24eb556b982941cd520a5fc55895a71fda0b2f8b39c70?s=96&d=mm&r=g\",\"contentUrl\":\"https:\\\/\\\/secure.gravatar.com\\\/avatar\\\/1082bab674d453fb78e24eb556b982941cd520a5fc55895a71fda0b2f8b39c70?s=96&d=mm&r=g\",\"caption\":\"Frederic\"}}]}<\/script>\n<!-- \/ Yoast SEO plugin. -->","yoast_head_json":{"title":"Bonne f\u00eate des M\u00e8res! &#8211; Cora D\u00e9jeuners et d\u00eeners","robots":{"index":"index","follow":"follow","max-snippet":"max-snippet:-1","max-image-preview":"max-image-preview:large","max-video-preview":"max-video-preview:-1"},"canonical":"https:\/\/www.chezcora.com\/en\/mme-coras-letter\/bonne-fete-des-meres\/","og_locale":"en_US","og_type":"article","og_title":"Bonne f\u00eate des M\u00e8res! &#8211; Cora D\u00e9jeuners et d\u00eeners","og_description":"Wow! Comme je suis b&#xE9;nie d&#x2019;avoir des coll&#xE8;gues aussi ing&#xE9;nieux. Hier matin, [&hellip;]","og_url":"https:\/\/www.chezcora.com\/en\/mme-coras-letter\/bonne-fete-des-meres\/","og_site_name":"Cora D\u00e9jeuners et d\u00eeners","article_publisher":"https:\/\/www.facebook.com\/corarestaurants","article_published_time":"2020-05-07T04:00:00+00:00","article_modified_time":"2021-12-02T22:20:37+00:00","og_image":[{"width":1040,"height":1040,"url":"https:\/\/e3b2rn3eqfa.exactdn.com\/wp-content\/uploads\/2021\/11\/IMG_4789_article-scale_max-1040x1040-1.png?strip=all&lossy=0&ssl=1","type":"image\/png"}],"author":"Frederic","twitter_card":"summary_large_image","twitter_creator":"@CoraRestaurants","twitter_site":"@CoraRestaurants","twitter_misc":{"Written by":"Frederic","Est. reading time":"3 minutes"},"schema":{"@context":"https:\/\/schema.org","@graph":[{"@type":"Article","@id":"https:\/\/www.chezcora.com\/lettre-mme-cora\/bonne-fete-des-meres\/#article","isPartOf":{"@id":"https:\/\/www.chezcora.com\/lettre-mme-cora\/bonne-fete-des-meres\/"},"author":{"name":"Frederic","@id":"https:\/\/www.chezcora.com\/#\/schema\/person\/dcb5c62d3439ed922025241c5de42233"},"headline":"Bonne f\u00eate des M\u00e8res!","datePublished":"2020-05-07T04:00:00+00:00","dateModified":"2021-12-02T22:20:37+00:00","mainEntityOfPage":{"@id":"https:\/\/www.chezcora.com\/lettre-mme-cora\/bonne-fete-des-meres\/"},"wordCount":650,"commentCount":0,"image":{"@id":"https:\/\/www.chezcora.com\/lettre-mme-cora\/bonne-fete-des-meres\/#primaryimage"},"thumbnailUrl":"https:\/\/e3b2rn3eqfa.exactdn.com\/wp-content\/uploads\/2021\/11\/IMG_4789_article-scale_max-1040x1040-1.png?strip=all","articleSection":["Lettre Mme Cora"],"inLanguage":"en-CA","potentialAction":[{"@type":"CommentAction","name":"Comment","target":["https:\/\/www.chezcora.com\/lettre-mme-cora\/bonne-fete-des-meres\/#respond"]}]},{"@type":"WebPage","@id":"https:\/\/www.chezcora.com\/lettre-mme-cora\/bonne-fete-des-meres\/","url":"https:\/\/www.chezcora.com\/lettre-mme-cora\/bonne-fete-des-meres\/","name":"Bonne f\u00eate des M\u00e8res! &#8211; Cora D\u00e9jeuners et d\u00eeners","isPartOf":{"@id":"https:\/\/www.chezcora.com\/#website"},"primaryImageOfPage":{"@id":"https:\/\/www.chezcora.com\/lettre-mme-cora\/bonne-fete-des-meres\/#primaryimage"},"image":{"@id":"https:\/\/www.chezcora.com\/lettre-mme-cora\/bonne-fete-des-meres\/#primaryimage"},"thumbnailUrl":"https:\/\/e3b2rn3eqfa.exactdn.com\/wp-content\/uploads\/2021\/11\/IMG_4789_article-scale_max-1040x1040-1.png?strip=all","datePublished":"2020-05-07T04:00:00+00:00","dateModified":"2021-12-02T22:20:37+00:00","author":{"@id":"https:\/\/www.chezcora.com\/#\/schema\/person\/dcb5c62d3439ed922025241c5de42233"},"breadcrumb":{"@id":"https:\/\/www.chezcora.com\/lettre-mme-cora\/bonne-fete-des-meres\/#breadcrumb"},"inLanguage":"en-CA","potentialAction":[{"@type":"ReadAction","target":["https:\/\/www.chezcora.com\/lettre-mme-cora\/bonne-fete-des-meres\/"]}]},{"@type":"ImageObject","inLanguage":"en-CA","@id":"https:\/\/www.chezcora.com\/lettre-mme-cora\/bonne-fete-des-meres\/#primaryimage","url":"https:\/\/e3b2rn3eqfa.exactdn.com\/wp-content\/uploads\/2021\/11\/IMG_4789_article-scale_max-1040x1040-1.png?strip=all","contentUrl":"https:\/\/e3b2rn3eqfa.exactdn.com\/wp-content\/uploads\/2021\/11\/IMG_4789_article-scale_max-1040x1040-1.png?strip=all","width":1040,"height":1040},{"@type":"BreadcrumbList","@id":"https:\/\/www.chezcora.com\/lettre-mme-cora\/bonne-fete-des-meres\/#breadcrumb","itemListElement":[{"@type":"ListItem","position":1,"name":"Lettre Mme Cora","item":"https:\/\/www.chezcora.com\/lettre-mme-cora\/"},{"@type":"ListItem","position":2,"name":"Bonne f\u00eate des M\u00e8res!"}]},{"@type":"WebSite","@id":"https:\/\/www.chezcora.com\/#website","url":"https:\/\/www.chezcora.com\/","name":"Cora Breakfast and Lunch","description":"D\u00e9jeuners spectaculaires livr\u00e9s \u00e0 votre domicile","potentialAction":[{"@type":"SearchAction","target":{"@type":"EntryPoint","urlTemplate":"https:\/\/www.chezcora.com\/?s={search_term_string}"},"query-input":{"@type":"PropertyValueSpecification","valueRequired":true,"valueName":"search_term_string"}}],"inLanguage":"en-CA"},{"@type":"Person","@id":"https:\/\/www.chezcora.com\/#\/schema\/person\/dcb5c62d3439ed922025241c5de42233","name":"Frederic","image":{"@type":"ImageObject","inLanguage":"en-CA","@id":"https:\/\/secure.gravatar.com\/avatar\/1082bab674d453fb78e24eb556b982941cd520a5fc55895a71fda0b2f8b39c70?s=96&d=mm&r=g","url":"https:\/\/secure.gravatar.com\/avatar\/1082bab674d453fb78e24eb556b982941cd520a5fc55895a71fda0b2f8b39c70?s=96&d=mm&r=g","contentUrl":"https:\/\/secure.gravatar.com\/avatar\/1082bab674d453fb78e24eb556b982941cd520a5fc55895a71fda0b2f8b39c70?s=96&d=mm&r=g","caption":"Frederic"}}]}},"_links":{"self":[{"href":"https:\/\/www.chezcora.com\/en\/wp-json\/wp\/v2\/posts\/1008","targetHints":{"allow":["GET"]}}],"collection":[{"href":"https:\/\/www.chezcora.com\/en\/wp-json\/wp\/v2\/posts"}],"about":[{"href":"https:\/\/www.chezcora.com\/en\/wp-json\/wp\/v2\/types\/post"}],"author":[{"embeddable":true,"href":"https:\/\/www.chezcora.com\/en\/wp-json\/wp\/v2\/users\/1"}],"replies":[{"embeddable":true,"href":"https:\/\/www.chezcora.com\/en\/wp-json\/wp\/v2\/comments?post=1008"}],"version-history":[{"count":0,"href":"https:\/\/www.chezcora.com\/en\/wp-json\/wp\/v2\/posts\/1008\/revisions"}],"wp:featuredmedia":[{"embeddable":true,"href":"https:\/\/www.chezcora.com\/en\/wp-json\/wp\/v2\/media\/1011"}],"wp:attachment":[{"href":"https:\/\/www.chezcora.com\/en\/wp-json\/wp\/v2\/media?parent=1008"}],"wp:term":[{"taxonomy":"category","embeddable":true,"href":"https:\/\/www.chezcora.com\/en\/wp-json\/wp\/v2\/categories?post=1008"},{"taxonomy":"post_tag","embeddable":true,"href":"https:\/\/www.chezcora.com\/en\/wp-json\/wp\/v2\/tags?post=1008"}],"curies":[{"name":"wp","href":"https:\/\/api.w.org\/{rel}","templated":true}]}}