{"id":1028,"date":"2019-11-07T00:00:00","date_gmt":"2019-11-07T05:00:00","guid":{"rendered":"https:\/\/www-new2022.chezcora.com\/?p=1028"},"modified":"2021-12-02T18:38:28","modified_gmt":"2021-12-02T23:38:28","slug":"cora-prend-son-envol-avec-westjet","status":"publish","type":"post","link":"https:\/\/www.chezcora.com\/en\/nouvelles\/cora-prend-son-envol-avec-westjet\/","title":{"rendered":"Cora breakfasts take flight aboard WestJet"},"content":{"rendered":"<p>Les restaurants Cora sont fiers d\u2019annoncer que la marque devient d\u00e9sormais un partenaire de choix de la compagnie a\u00e9rienne WestJet. En effet, le transporteur canadien offre dor\u00e9navant le d\u00e9jeuner Cora dans sa cabine Privil\u00e8ge \u00e0 bord de ses vols matinaux. Il s\u2019agit d\u2019une d\u00e9lectable marque de confiance \u00e0 l\u2019\u00e9gard notre entreprise, la pionni\u00e8re des restaurants de d\u00e9jeuners au Canada!<\/p>\n<p>WestJet propose, depuis le 26 juin, un d\u00e9jeuner Cora sur la plupart de ses vols d\u2019une dur\u00e9e de deux heures et demie et plus.  Les plats offerts sont inspir\u00e9s des repas d\u00e9j\u00e0 pris\u00e9s des mordus des d\u00e9jeuners Cora : les oeufs Ben et Dictine \u00e0 la dinde fum\u00e9e, la Cassolette de l\u00e9gumes et l\u2019Omelette au cheddar vieilli et aux \u00e9pinards avec saucisse \u00e0 la dinde. <\/p>\n<p>Il s\u2019agit d\u2019une savoureuse opportunit\u00e9 pour Cora d\u00e9jeuners d\u2019accro\u00eetre sa notori\u00e9t\u00e9 et de faire d\u00e9couvrir son menu aupr\u00e8s d\u2019un public voyageur en donnant aux passagers de WestJet la chance de savourer un d\u00e9jeuner Cora dans la cabine Privil\u00e8ge du transporteur.<\/p>\n<p>Bon voyage!<\/p>","protected":false},"excerpt":{"rendered":"<p>Les restaurants Cora sont fiers d\u2019annoncer que la marque devient d\u00e9sormais un [&hellip;]<\/p>\n","protected":false},"author":1,"featured_media":1032,"comment_status":"open","ping_status":"open","sticky":false,"template":"","format":"standard","meta":{"_acf_changed":false,"footnotes":""},"categories":[33],"tags":[],"class_list":["post-1028","post","type-post","status-publish","format-standard","has-post-thumbnail","hentry","category-nouvelles"],"acf":[],"yoast_head":"<!-- This site is optimized with the Yoast SEO plugin v27.4 - https:\/\/yoast.com\/product\/yoast-seo-wordpress\/ -->\n<title>Cora prend son envol avec WestJet! &#8211; Cora D\u00e9jeuners et d\u00eeners<\/title>\n<meta name=\"robots\" content=\"index, follow, max-snippet:-1, max-image-preview:large, max-video-preview:-1\" \/>\n<link rel=\"canonical\" href=\"https:\/\/www.chezcora.com\/en\/news\/cora-prend-son-envol-avec-westjet\/\" \/>\n<meta property=\"og:locale\" content=\"en_US\" \/>\n<meta property=\"og:type\" content=\"article\" \/>\n<meta property=\"og:title\" content=\"Cora prend son envol avec WestJet! &#8211; Cora D\u00e9jeuners et d\u00eeners\" \/>\n<meta property=\"og:description\" content=\"Les restaurants Cora sont fiers d\u2019annoncer que la marque devient d\u00e9sormais un [&hellip;]\" \/>\n<meta property=\"og:url\" content=\"https:\/\/www.chezcora.com\/en\/news\/cora-prend-son-envol-avec-westjet\/\" \/>\n<meta property=\"og:site_name\" content=\"Cora D\u00e9jeuners et d\u00eeners\" \/>\n<meta property=\"article:publisher\" content=\"https:\/\/www.facebook.com\/corarestaurants\" \/>\n<meta property=\"article:published_time\" content=\"2019-11-07T05:00:00+00:00\" \/>\n<meta property=\"article:modified_time\" content=\"2021-12-02T23:38:28+00:00\" \/>\n<meta property=\"og:image\" content=\"https:\/\/e3b2rn3eqfa.exactdn.com\/wp-content\/uploads\/2021\/11\/Cora20Breakfast20and20Lunch20takes20flight20aboard20WestJet_1-scale_max-1040x1040-1.jpg?strip=all&lossy=0&ssl=1\" \/>\n\t<meta property=\"og:image:width\" content=\"1040\" \/>\n\t<meta property=\"og:image:height\" content=\"801\" \/>\n\t<meta property=\"og:image:type\" content=\"image\/jpeg\" \/>\n<meta name=\"author\" content=\"Frederic\" \/>\n<meta name=\"twitter:card\" content=\"summary_large_image\" \/>\n<meta name=\"twitter:creator\" content=\"@CoraRestaurants\" \/>\n<meta name=\"twitter:site\" content=\"@CoraRestaurants\" \/>\n<meta name=\"twitter:label1\" content=\"Written by\" \/>\n\t<meta name=\"twitter:data1\" content=\"Frederic\" \/>\n\t<meta name=\"twitter:label2\" content=\"Est. reading time\" \/>\n\t<meta name=\"twitter:data2\" content=\"1 minute\" \/>\n<script type=\"application\/ld+json\" class=\"yoast-schema-graph\">{\"@context\":\"https:\\\/\\\/schema.org\",\"@graph\":[{\"@type\":\"Article\",\"@id\":\"https:\\\/\\\/www.chezcora.com\\\/en\\\/news\\\/cora-prend-son-envol-avec-westjet\\\/#article\",\"isPartOf\":{\"@id\":\"https:\\\/\\\/www.chezcora.com\\\/en\\\/news\\\/cora-prend-son-envol-avec-westjet\\\/\"},\"author\":{\"name\":\"Frederic\",\"@id\":\"https:\\\/\\\/www.chezcora.com\\\/#\\\/schema\\\/person\\\/dcb5c62d3439ed922025241c5de42233\"},\"headline\":\"Cora prend son envol avec WestJet!\",\"datePublished\":\"2019-11-07T05:00:00+00:00\",\"dateModified\":\"2021-12-02T23:38:28+00:00\",\"mainEntityOfPage\":{\"@id\":\"https:\\\/\\\/www.chezcora.com\\\/en\\\/news\\\/cora-prend-son-envol-avec-westjet\\\/\"},\"wordCount\":199,\"commentCount\":0,\"image\":{\"@id\":\"https:\\\/\\\/www.chezcora.com\\\/en\\\/news\\\/cora-prend-son-envol-avec-westjet\\\/#primaryimage\"},\"thumbnailUrl\":\"https:\\\/\\\/e3b2rn3eqfa.exactdn.com\\\/wp-content\\\/uploads\\\/2021\\\/11\\\/Cora20Breakfast20and20Lunch20takes20flight20aboard20WestJet_1-scale_max-1040x1040-1.jpg?strip=all\",\"articleSection\":[\"Nouvelles\"],\"inLanguage\":\"en-CA\",\"potentialAction\":[{\"@type\":\"CommentAction\",\"name\":\"Comment\",\"target\":[\"https:\\\/\\\/www.chezcora.com\\\/en\\\/news\\\/cora-prend-son-envol-avec-westjet\\\/#respond\"]}]},{\"@type\":\"WebPage\",\"@id\":\"https:\\\/\\\/www.chezcora.com\\\/en\\\/news\\\/cora-prend-son-envol-avec-westjet\\\/\",\"url\":\"https:\\\/\\\/www.chezcora.com\\\/en\\\/news\\\/cora-prend-son-envol-avec-westjet\\\/\",\"name\":\"Cora prend son envol avec WestJet! &#8211; Cora D\u00e9jeuners et d\u00eeners\",\"isPartOf\":{\"@id\":\"https:\\\/\\\/www.chezcora.com\\\/#website\"},\"primaryImageOfPage\":{\"@id\":\"https:\\\/\\\/www.chezcora.com\\\/en\\\/news\\\/cora-prend-son-envol-avec-westjet\\\/#primaryimage\"},\"image\":{\"@id\":\"https:\\\/\\\/www.chezcora.com\\\/en\\\/news\\\/cora-prend-son-envol-avec-westjet\\\/#primaryimage\"},\"thumbnailUrl\":\"https:\\\/\\\/e3b2rn3eqfa.exactdn.com\\\/wp-content\\\/uploads\\\/2021\\\/11\\\/Cora20Breakfast20and20Lunch20takes20flight20aboard20WestJet_1-scale_max-1040x1040-1.jpg?strip=all\",\"datePublished\":\"2019-11-07T05:00:00+00:00\",\"dateModified\":\"2021-12-02T23:38:28+00:00\",\"author\":{\"@id\":\"https:\\\/\\\/www.chezcora.com\\\/#\\\/schema\\\/person\\\/dcb5c62d3439ed922025241c5de42233\"},\"breadcrumb\":{\"@id\":\"https:\\\/\\\/www.chezcora.com\\\/en\\\/news\\\/cora-prend-son-envol-avec-westjet\\\/#breadcrumb\"},\"inLanguage\":\"en-CA\",\"potentialAction\":[{\"@type\":\"ReadAction\",\"target\":[\"https:\\\/\\\/www.chezcora.com\\\/en\\\/news\\\/cora-prend-son-envol-avec-westjet\\\/\"]}]},{\"@type\":\"ImageObject\",\"inLanguage\":\"en-CA\",\"@id\":\"https:\\\/\\\/www.chezcora.com\\\/en\\\/news\\\/cora-prend-son-envol-avec-westjet\\\/#primaryimage\",\"url\":\"https:\\\/\\\/e3b2rn3eqfa.exactdn.com\\\/wp-content\\\/uploads\\\/2021\\\/11\\\/Cora20Breakfast20and20Lunch20takes20flight20aboard20WestJet_1-scale_max-1040x1040-1.jpg?strip=all\",\"contentUrl\":\"https:\\\/\\\/e3b2rn3eqfa.exactdn.com\\\/wp-content\\\/uploads\\\/2021\\\/11\\\/Cora20Breakfast20and20Lunch20takes20flight20aboard20WestJet_1-scale_max-1040x1040-1.jpg?strip=all\",\"width\":1040,\"height\":801},{\"@type\":\"BreadcrumbList\",\"@id\":\"https:\\\/\\\/www.chezcora.com\\\/en\\\/news\\\/cora-prend-son-envol-avec-westjet\\\/#breadcrumb\",\"itemListElement\":[{\"@type\":\"ListItem\",\"position\":1,\"name\":\"Nouvelles\",\"item\":\"https:\\\/\\\/www.chezcora.com\\\/nouvelles\\\/\"},{\"@type\":\"ListItem\",\"position\":2,\"name\":\"Cora prend son envol avec WestJet!\"}]},{\"@type\":\"WebSite\",\"@id\":\"https:\\\/\\\/www.chezcora.com\\\/#website\",\"url\":\"https:\\\/\\\/www.chezcora.com\\\/\",\"name\":\"Cora D\u00e9jeuners et d\u00eeners\",\"description\":\"D\u00e9jeuners spectaculaires livr\u00e9s \u00e0 votre domicile\",\"potentialAction\":[{\"@type\":\"SearchAction\",\"target\":{\"@type\":\"EntryPoint\",\"urlTemplate\":\"https:\\\/\\\/www.chezcora.com\\\/?s={search_term_string}\"},\"query-input\":{\"@type\":\"PropertyValueSpecification\",\"valueRequired\":true,\"valueName\":\"search_term_string\"}}],\"inLanguage\":\"en-CA\"},{\"@type\":\"Person\",\"@id\":\"https:\\\/\\\/www.chezcora.com\\\/#\\\/schema\\\/person\\\/dcb5c62d3439ed922025241c5de42233\",\"name\":\"Frederic\",\"image\":{\"@type\":\"ImageObject\",\"inLanguage\":\"en-CA\",\"@id\":\"https:\\\/\\\/secure.gravatar.com\\\/avatar\\\/1082bab674d453fb78e24eb556b982941cd520a5fc55895a71fda0b2f8b39c70?s=96&d=mm&r=g\",\"url\":\"https:\\\/\\\/secure.gravatar.com\\\/avatar\\\/1082bab674d453fb78e24eb556b982941cd520a5fc55895a71fda0b2f8b39c70?s=96&d=mm&r=g\",\"contentUrl\":\"https:\\\/\\\/secure.gravatar.com\\\/avatar\\\/1082bab674d453fb78e24eb556b982941cd520a5fc55895a71fda0b2f8b39c70?s=96&d=mm&r=g\",\"caption\":\"Frederic\"}}]}<\/script>\n<!-- \/ Yoast SEO plugin. -->","yoast_head_json":{"title":"Cora prend son envol avec WestJet! &#8211; Cora D\u00e9jeuners et d\u00eeners","robots":{"index":"index","follow":"follow","max-snippet":"max-snippet:-1","max-image-preview":"max-image-preview:large","max-video-preview":"max-video-preview:-1"},"canonical":"https:\/\/www.chezcora.com\/en\/news\/cora-prend-son-envol-avec-westjet\/","og_locale":"en_US","og_type":"article","og_title":"Cora prend son envol avec WestJet! &#8211; Cora D\u00e9jeuners et d\u00eeners","og_description":"Les restaurants Cora sont fiers d\u2019annoncer que la marque devient d\u00e9sormais un [&hellip;]","og_url":"https:\/\/www.chezcora.com\/en\/news\/cora-prend-son-envol-avec-westjet\/","og_site_name":"Cora D\u00e9jeuners et d\u00eeners","article_publisher":"https:\/\/www.facebook.com\/corarestaurants","article_published_time":"2019-11-07T05:00:00+00:00","article_modified_time":"2021-12-02T23:38:28+00:00","og_image":[{"width":1040,"height":801,"url":"https:\/\/e3b2rn3eqfa.exactdn.com\/wp-content\/uploads\/2021\/11\/Cora20Breakfast20and20Lunch20takes20flight20aboard20WestJet_1-scale_max-1040x1040-1.jpg?strip=all&lossy=0&ssl=1","type":"image\/jpeg"}],"author":"Frederic","twitter_card":"summary_large_image","twitter_creator":"@CoraRestaurants","twitter_site":"@CoraRestaurants","twitter_misc":{"Written by":"Frederic","Est. reading time":"1 minute"},"schema":{"@context":"https:\/\/schema.org","@graph":[{"@type":"Article","@id":"https:\/\/www.chezcora.com\/en\/news\/cora-prend-son-envol-avec-westjet\/#article","isPartOf":{"@id":"https:\/\/www.chezcora.com\/en\/news\/cora-prend-son-envol-avec-westjet\/"},"author":{"name":"Frederic","@id":"https:\/\/www.chezcora.com\/#\/schema\/person\/dcb5c62d3439ed922025241c5de42233"},"headline":"Cora prend son envol avec WestJet!","datePublished":"2019-11-07T05:00:00+00:00","dateModified":"2021-12-02T23:38:28+00:00","mainEntityOfPage":{"@id":"https:\/\/www.chezcora.com\/en\/news\/cora-prend-son-envol-avec-westjet\/"},"wordCount":199,"commentCount":0,"image":{"@id":"https:\/\/www.chezcora.com\/en\/news\/cora-prend-son-envol-avec-westjet\/#primaryimage"},"thumbnailUrl":"https:\/\/e3b2rn3eqfa.exactdn.com\/wp-content\/uploads\/2021\/11\/Cora20Breakfast20and20Lunch20takes20flight20aboard20WestJet_1-scale_max-1040x1040-1.jpg?strip=all","articleSection":["Nouvelles"],"inLanguage":"en-CA","potentialAction":[{"@type":"CommentAction","name":"Comment","target":["https:\/\/www.chezcora.com\/en\/news\/cora-prend-son-envol-avec-westjet\/#respond"]}]},{"@type":"WebPage","@id":"https:\/\/www.chezcora.com\/en\/news\/cora-prend-son-envol-avec-westjet\/","url":"https:\/\/www.chezcora.com\/en\/news\/cora-prend-son-envol-avec-westjet\/","name":"Cora prend son envol avec WestJet! &#8211; Cora D\u00e9jeuners et d\u00eeners","isPartOf":{"@id":"https:\/\/www.chezcora.com\/#website"},"primaryImageOfPage":{"@id":"https:\/\/www.chezcora.com\/en\/news\/cora-prend-son-envol-avec-westjet\/#primaryimage"},"image":{"@id":"https:\/\/www.chezcora.com\/en\/news\/cora-prend-son-envol-avec-westjet\/#primaryimage"},"thumbnailUrl":"https:\/\/e3b2rn3eqfa.exactdn.com\/wp-content\/uploads\/2021\/11\/Cora20Breakfast20and20Lunch20takes20flight20aboard20WestJet_1-scale_max-1040x1040-1.jpg?strip=all","datePublished":"2019-11-07T05:00:00+00:00","dateModified":"2021-12-02T23:38:28+00:00","author":{"@id":"https:\/\/www.chezcora.com\/#\/schema\/person\/dcb5c62d3439ed922025241c5de42233"},"breadcrumb":{"@id":"https:\/\/www.chezcora.com\/en\/news\/cora-prend-son-envol-avec-westjet\/#breadcrumb"},"inLanguage":"en-CA","potentialAction":[{"@type":"ReadAction","target":["https:\/\/www.chezcora.com\/en\/news\/cora-prend-son-envol-avec-westjet\/"]}]},{"@type":"ImageObject","inLanguage":"en-CA","@id":"https:\/\/www.chezcora.com\/en\/news\/cora-prend-son-envol-avec-westjet\/#primaryimage","url":"https:\/\/e3b2rn3eqfa.exactdn.com\/wp-content\/uploads\/2021\/11\/Cora20Breakfast20and20Lunch20takes20flight20aboard20WestJet_1-scale_max-1040x1040-1.jpg?strip=all","contentUrl":"https:\/\/e3b2rn3eqfa.exactdn.com\/wp-content\/uploads\/2021\/11\/Cora20Breakfast20and20Lunch20takes20flight20aboard20WestJet_1-scale_max-1040x1040-1.jpg?strip=all","width":1040,"height":801},{"@type":"BreadcrumbList","@id":"https:\/\/www.chezcora.com\/en\/news\/cora-prend-son-envol-avec-westjet\/#breadcrumb","itemListElement":[{"@type":"ListItem","position":1,"name":"Nouvelles","item":"https:\/\/www.chezcora.com\/nouvelles\/"},{"@type":"ListItem","position":2,"name":"Cora prend son envol avec WestJet!"}]},{"@type":"WebSite","@id":"https:\/\/www.chezcora.com\/#website","url":"https:\/\/www.chezcora.com\/","name":"Cora Breakfast and Lunch","description":"D\u00e9jeuners spectaculaires livr\u00e9s \u00e0 votre domicile","potentialAction":[{"@type":"SearchAction","target":{"@type":"EntryPoint","urlTemplate":"https:\/\/www.chezcora.com\/?s={search_term_string}"},"query-input":{"@type":"PropertyValueSpecification","valueRequired":true,"valueName":"search_term_string"}}],"inLanguage":"en-CA"},{"@type":"Person","@id":"https:\/\/www.chezcora.com\/#\/schema\/person\/dcb5c62d3439ed922025241c5de42233","name":"Frederic","image":{"@type":"ImageObject","inLanguage":"en-CA","@id":"https:\/\/secure.gravatar.com\/avatar\/1082bab674d453fb78e24eb556b982941cd520a5fc55895a71fda0b2f8b39c70?s=96&d=mm&r=g","url":"https:\/\/secure.gravatar.com\/avatar\/1082bab674d453fb78e24eb556b982941cd520a5fc55895a71fda0b2f8b39c70?s=96&d=mm&r=g","contentUrl":"https:\/\/secure.gravatar.com\/avatar\/1082bab674d453fb78e24eb556b982941cd520a5fc55895a71fda0b2f8b39c70?s=96&d=mm&r=g","caption":"Frederic"}}]}},"_links":{"self":[{"href":"https:\/\/www.chezcora.com\/en\/wp-json\/wp\/v2\/posts\/1028","targetHints":{"allow":["GET"]}}],"collection":[{"href":"https:\/\/www.chezcora.com\/en\/wp-json\/wp\/v2\/posts"}],"about":[{"href":"https:\/\/www.chezcora.com\/en\/wp-json\/wp\/v2\/types\/post"}],"author":[{"embeddable":true,"href":"https:\/\/www.chezcora.com\/en\/wp-json\/wp\/v2\/users\/1"}],"replies":[{"embeddable":true,"href":"https:\/\/www.chezcora.com\/en\/wp-json\/wp\/v2\/comments?post=1028"}],"version-history":[{"count":0,"href":"https:\/\/www.chezcora.com\/en\/wp-json\/wp\/v2\/posts\/1028\/revisions"}],"wp:featuredmedia":[{"embeddable":true,"href":"https:\/\/www.chezcora.com\/en\/wp-json\/wp\/v2\/media\/1032"}],"wp:attachment":[{"href":"https:\/\/www.chezcora.com\/en\/wp-json\/wp\/v2\/media?parent=1028"}],"wp:term":[{"taxonomy":"category","embeddable":true,"href":"https:\/\/www.chezcora.com\/en\/wp-json\/wp\/v2\/categories?post=1028"},{"taxonomy":"post_tag","embeddable":true,"href":"https:\/\/www.chezcora.com\/en\/wp-json\/wp\/v2\/tags?post=1028"}],"curies":[{"name":"wp","href":"https:\/\/api.w.org\/{rel}","templated":true}]}}