{"id":1106,"date":"2015-08-28T00:00:00","date_gmt":"2015-08-28T04:00:00","guid":{"rendered":"https:\/\/www-new2022.chezcora.com\/?p=1106"},"modified":"2025-10-09T14:59:53","modified_gmt":"2025-10-09T18:59:53","slug":"muffins-aux-pommes-erable-et-gruau","status":"publish","type":"post","link":"https:\/\/www.chezcora.com\/en\/recettes\/muffins-aux-pommes-erable-et-gruau\/","title":{"rendered":"Apple, maple and oatmeal muffin"},"content":{"rendered":"<h3>Ingredients<\/h3>\n<ul>\n<li>1 1\/3 tasse de farine<\/li>\n<li>1 tasse de gruau<\/li>\n<li>2\/3 tasse de sucre<\/li>\n<li>1 cuill\u00e8re \u00e0 table de poudre \u00e0 p\u00e2te<\/li>\n<li>1 \u00bd cuill\u00e8re \u00e0 th\u00e9 de cannelle<\/li>\n<li>\u00bd tasse de lait<\/li>\n<li>1 \u0153uf fouett\u00e9<\/li>\n<li>1\/3 tasse de beurre fondu<\/li>\n<li>\u00bc tasse de sirop d\u2019\u00e9rable<\/li>\n<li>2 tasses de pommes Cortland (pel\u00e9es en d\u00e9s de \u00bd cm X \u00bd cm)<\/li>\n<\/ul>\n<p>&nbsp;<\/p>\n<h3>Directions<\/h3>\n<ol>\n<li>Pr\u00e9chauffer votre four \u00e0 350 \u00b0F.<\/li>\n<li>M\u00e9langer le sucre et le beurre fondu. Ajouter le lait, l\u2019\u0153uf, le sirop d\u2019\u00e9rable et les pommes.<\/li>\n<li>Dans un autre bol, combiner tous les ingr\u00e9dients secs.<\/li>\n<li>Ajouter graduellement les ingr\u00e9dients secs aux ingr\u00e9dients liquides. M\u00e9langer d\u00e9licatement.<\/li>\n<li>Remplir les moules \u00e0 muffins jusqu\u2019\u00e0 la moiti\u00e9 ou aux trois-quarts des moules.<\/li>\n<li>Placer le moule \u00e0 muffins au centre du four pendant 25 \u00e0 30 minutes ou jusqu\u2019\u00e0 ce qu\u2019un cure-dents soit ins\u00e9r\u00e9 au centre d\u2019un muffin et en ressorte propre.<\/li>\n<li>Laisser refroidir compl\u00e8tement sur une grille.<\/li>\n<\/ol>","protected":false},"excerpt":{"rendered":"<p>Ingr\u00e9dients 1 1\/3 tasse de farine 1 tasse de gruau 2\/3 tasse [&hellip;]<\/p>\n","protected":false},"author":1,"featured_media":1113,"comment_status":"open","ping_status":"open","sticky":false,"template":"","format":"standard","meta":{"_acf_changed":false,"footnotes":""},"categories":[34],"tags":[],"class_list":["post-1106","post","type-post","status-publish","format-standard","has-post-thumbnail","hentry","category-recettes"],"acf":[],"yoast_head":"<!-- This site is optimized with the Yoast SEO plugin v27.4 - https:\/\/yoast.com\/product\/yoast-seo-wordpress\/ -->\n<title>Muffins aux pommes, \u00e9rable et gruau &#8211; Cora D\u00e9jeuners et d\u00eeners<\/title>\n<meta name=\"robots\" content=\"index, follow, max-snippet:-1, max-image-preview:large, max-video-preview:-1\" \/>\n<link rel=\"canonical\" href=\"https:\/\/www.chezcora.com\/en\/recipes\/muffins-aux-pommes-erable-et-gruau\/\" \/>\n<meta property=\"og:locale\" content=\"en_US\" \/>\n<meta property=\"og:type\" content=\"article\" \/>\n<meta property=\"og:title\" content=\"Muffins aux pommes, \u00e9rable et gruau &#8211; Cora D\u00e9jeuners et d\u00eeners\" \/>\n<meta property=\"og:description\" content=\"Ingr\u00e9dients 1 1\/3 tasse de farine 1 tasse de gruau 2\/3 tasse [&hellip;]\" \/>\n<meta property=\"og:url\" content=\"https:\/\/www.chezcora.com\/en\/recipes\/muffins-aux-pommes-erable-et-gruau\/\" \/>\n<meta property=\"og:site_name\" content=\"Cora D\u00e9jeuners et d\u00eeners\" \/>\n<meta property=\"article:publisher\" content=\"https:\/\/www.facebook.com\/corarestaurants\" \/>\n<meta property=\"article:published_time\" content=\"2015-08-28T04:00:00+00:00\" \/>\n<meta property=\"article:modified_time\" content=\"2025-10-09T18:59:53+00:00\" \/>\n<meta property=\"og:image\" content=\"https:\/\/www.chezcora.com\/wp-content\/uploads\/2021\/11\/Muffins20aux20pommes-scale_max-1040x1040-1.jpg\" \/>\n\t<meta property=\"og:image:width\" content=\"1040\" \/>\n\t<meta property=\"og:image:height\" content=\"693\" \/>\n\t<meta property=\"og:image:type\" content=\"image\/jpeg\" \/>\n<meta name=\"author\" content=\"Frederic\" \/>\n<meta name=\"twitter:card\" content=\"summary_large_image\" \/>\n<meta name=\"twitter:creator\" content=\"@CoraRestaurants\" \/>\n<meta name=\"twitter:site\" content=\"@CoraRestaurants\" \/>\n<meta name=\"twitter:label1\" content=\"Written by\" \/>\n\t<meta name=\"twitter:data1\" content=\"Frederic\" \/>\n\t<meta name=\"twitter:label2\" content=\"Est. reading time\" \/>\n\t<meta name=\"twitter:data2\" content=\"1 minute\" \/>\n<script type=\"application\/ld+json\" class=\"yoast-schema-graph\">{\"@context\":\"https:\\\/\\\/schema.org\",\"@graph\":[{\"@type\":\"Article\",\"@id\":\"https:\\\/\\\/www.chezcora.com\\\/recettes\\\/muffins-aux-pommes-erable-et-gruau\\\/#article\",\"isPartOf\":{\"@id\":\"https:\\\/\\\/www.chezcora.com\\\/recettes\\\/muffins-aux-pommes-erable-et-gruau\\\/\"},\"author\":{\"name\":\"Frederic\",\"@id\":\"https:\\\/\\\/www.chezcora.com\\\/#\\\/schema\\\/person\\\/dcb5c62d3439ed922025241c5de42233\"},\"headline\":\"Muffins aux pommes, \u00e9rable et gruau\",\"datePublished\":\"2015-08-28T04:00:00+00:00\",\"dateModified\":\"2025-10-09T18:59:53+00:00\",\"mainEntityOfPage\":{\"@id\":\"https:\\\/\\\/www.chezcora.com\\\/recettes\\\/muffins-aux-pommes-erable-et-gruau\\\/\"},\"wordCount\":155,\"commentCount\":0,\"image\":{\"@id\":\"https:\\\/\\\/www.chezcora.com\\\/recettes\\\/muffins-aux-pommes-erable-et-gruau\\\/#primaryimage\"},\"thumbnailUrl\":\"https:\\\/\\\/e3b2rn3eqfa.exactdn.com\\\/wp-content\\\/uploads\\\/2021\\\/11\\\/Muffins20aux20pommes-scale_max-1040x1040-1.jpg?strip=all\",\"articleSection\":[\"Recettes\"],\"inLanguage\":\"en-CA\",\"potentialAction\":[{\"@type\":\"CommentAction\",\"name\":\"Comment\",\"target\":[\"https:\\\/\\\/www.chezcora.com\\\/recettes\\\/muffins-aux-pommes-erable-et-gruau\\\/#respond\"]}]},{\"@type\":\"WebPage\",\"@id\":\"https:\\\/\\\/www.chezcora.com\\\/recettes\\\/muffins-aux-pommes-erable-et-gruau\\\/\",\"url\":\"https:\\\/\\\/www.chezcora.com\\\/recettes\\\/muffins-aux-pommes-erable-et-gruau\\\/\",\"name\":\"Muffins aux pommes, \u00e9rable et gruau &#8211; Cora D\u00e9jeuners et d\u00eeners\",\"isPartOf\":{\"@id\":\"https:\\\/\\\/www.chezcora.com\\\/#website\"},\"primaryImageOfPage\":{\"@id\":\"https:\\\/\\\/www.chezcora.com\\\/recettes\\\/muffins-aux-pommes-erable-et-gruau\\\/#primaryimage\"},\"image\":{\"@id\":\"https:\\\/\\\/www.chezcora.com\\\/recettes\\\/muffins-aux-pommes-erable-et-gruau\\\/#primaryimage\"},\"thumbnailUrl\":\"https:\\\/\\\/e3b2rn3eqfa.exactdn.com\\\/wp-content\\\/uploads\\\/2021\\\/11\\\/Muffins20aux20pommes-scale_max-1040x1040-1.jpg?strip=all\",\"datePublished\":\"2015-08-28T04:00:00+00:00\",\"dateModified\":\"2025-10-09T18:59:53+00:00\",\"author\":{\"@id\":\"https:\\\/\\\/www.chezcora.com\\\/#\\\/schema\\\/person\\\/dcb5c62d3439ed922025241c5de42233\"},\"breadcrumb\":{\"@id\":\"https:\\\/\\\/www.chezcora.com\\\/recettes\\\/muffins-aux-pommes-erable-et-gruau\\\/#breadcrumb\"},\"inLanguage\":\"en-CA\",\"potentialAction\":[{\"@type\":\"ReadAction\",\"target\":[\"https:\\\/\\\/www.chezcora.com\\\/recettes\\\/muffins-aux-pommes-erable-et-gruau\\\/\"]}]},{\"@type\":\"ImageObject\",\"inLanguage\":\"en-CA\",\"@id\":\"https:\\\/\\\/www.chezcora.com\\\/recettes\\\/muffins-aux-pommes-erable-et-gruau\\\/#primaryimage\",\"url\":\"https:\\\/\\\/e3b2rn3eqfa.exactdn.com\\\/wp-content\\\/uploads\\\/2021\\\/11\\\/Muffins20aux20pommes-scale_max-1040x1040-1.jpg?strip=all\",\"contentUrl\":\"https:\\\/\\\/e3b2rn3eqfa.exactdn.com\\\/wp-content\\\/uploads\\\/2021\\\/11\\\/Muffins20aux20pommes-scale_max-1040x1040-1.jpg?strip=all\",\"width\":1040,\"height\":693},{\"@type\":\"BreadcrumbList\",\"@id\":\"https:\\\/\\\/www.chezcora.com\\\/recettes\\\/muffins-aux-pommes-erable-et-gruau\\\/#breadcrumb\",\"itemListElement\":[{\"@type\":\"ListItem\",\"position\":1,\"name\":\"Recettes\",\"item\":\"https:\\\/\\\/www.chezcora.com\\\/recettes\\\/\"},{\"@type\":\"ListItem\",\"position\":2,\"name\":\"Muffins aux pommes, \u00e9rable et gruau\"}]},{\"@type\":\"WebSite\",\"@id\":\"https:\\\/\\\/www.chezcora.com\\\/#website\",\"url\":\"https:\\\/\\\/www.chezcora.com\\\/\",\"name\":\"Cora D\u00e9jeuners et d\u00eeners\",\"description\":\"D\u00e9jeuners spectaculaires livr\u00e9s \u00e0 votre domicile\",\"potentialAction\":[{\"@type\":\"SearchAction\",\"target\":{\"@type\":\"EntryPoint\",\"urlTemplate\":\"https:\\\/\\\/www.chezcora.com\\\/?s={search_term_string}\"},\"query-input\":{\"@type\":\"PropertyValueSpecification\",\"valueRequired\":true,\"valueName\":\"search_term_string\"}}],\"inLanguage\":\"en-CA\"},{\"@type\":\"Person\",\"@id\":\"https:\\\/\\\/www.chezcora.com\\\/#\\\/schema\\\/person\\\/dcb5c62d3439ed922025241c5de42233\",\"name\":\"Frederic\",\"image\":{\"@type\":\"ImageObject\",\"inLanguage\":\"en-CA\",\"@id\":\"https:\\\/\\\/secure.gravatar.com\\\/avatar\\\/1082bab674d453fb78e24eb556b982941cd520a5fc55895a71fda0b2f8b39c70?s=96&d=mm&r=g\",\"url\":\"https:\\\/\\\/secure.gravatar.com\\\/avatar\\\/1082bab674d453fb78e24eb556b982941cd520a5fc55895a71fda0b2f8b39c70?s=96&d=mm&r=g\",\"contentUrl\":\"https:\\\/\\\/secure.gravatar.com\\\/avatar\\\/1082bab674d453fb78e24eb556b982941cd520a5fc55895a71fda0b2f8b39c70?s=96&d=mm&r=g\",\"caption\":\"Frederic\"}}]}<\/script>\n<!-- \/ Yoast SEO plugin. -->","yoast_head_json":{"title":"Muffins aux pommes, \u00e9rable et gruau &#8211; Cora D\u00e9jeuners et d\u00eeners","robots":{"index":"index","follow":"follow","max-snippet":"max-snippet:-1","max-image-preview":"max-image-preview:large","max-video-preview":"max-video-preview:-1"},"canonical":"https:\/\/www.chezcora.com\/en\/recipes\/muffins-aux-pommes-erable-et-gruau\/","og_locale":"en_US","og_type":"article","og_title":"Muffins aux pommes, \u00e9rable et gruau &#8211; Cora D\u00e9jeuners et d\u00eeners","og_description":"Ingr\u00e9dients 1 1\/3 tasse de farine 1 tasse de gruau 2\/3 tasse [&hellip;]","og_url":"https:\/\/www.chezcora.com\/en\/recipes\/muffins-aux-pommes-erable-et-gruau\/","og_site_name":"Cora D\u00e9jeuners et d\u00eeners","article_publisher":"https:\/\/www.facebook.com\/corarestaurants","article_published_time":"2015-08-28T04:00:00+00:00","article_modified_time":"2025-10-09T18:59:53+00:00","og_image":[{"width":1040,"height":693,"url":"https:\/\/www.chezcora.com\/wp-content\/uploads\/2021\/11\/Muffins20aux20pommes-scale_max-1040x1040-1.jpg","type":"image\/jpeg"}],"author":"Frederic","twitter_card":"summary_large_image","twitter_creator":"@CoraRestaurants","twitter_site":"@CoraRestaurants","twitter_misc":{"Written by":"Frederic","Est. reading time":"1 minute"},"schema":{"@context":"https:\/\/schema.org","@graph":[{"@type":"Article","@id":"https:\/\/www.chezcora.com\/recettes\/muffins-aux-pommes-erable-et-gruau\/#article","isPartOf":{"@id":"https:\/\/www.chezcora.com\/recettes\/muffins-aux-pommes-erable-et-gruau\/"},"author":{"name":"Frederic","@id":"https:\/\/www.chezcora.com\/#\/schema\/person\/dcb5c62d3439ed922025241c5de42233"},"headline":"Muffins aux pommes, \u00e9rable et gruau","datePublished":"2015-08-28T04:00:00+00:00","dateModified":"2025-10-09T18:59:53+00:00","mainEntityOfPage":{"@id":"https:\/\/www.chezcora.com\/recettes\/muffins-aux-pommes-erable-et-gruau\/"},"wordCount":155,"commentCount":0,"image":{"@id":"https:\/\/www.chezcora.com\/recettes\/muffins-aux-pommes-erable-et-gruau\/#primaryimage"},"thumbnailUrl":"https:\/\/e3b2rn3eqfa.exactdn.com\/wp-content\/uploads\/2021\/11\/Muffins20aux20pommes-scale_max-1040x1040-1.jpg?strip=all","articleSection":["Recettes"],"inLanguage":"en-CA","potentialAction":[{"@type":"CommentAction","name":"Comment","target":["https:\/\/www.chezcora.com\/recettes\/muffins-aux-pommes-erable-et-gruau\/#respond"]}]},{"@type":"WebPage","@id":"https:\/\/www.chezcora.com\/recettes\/muffins-aux-pommes-erable-et-gruau\/","url":"https:\/\/www.chezcora.com\/recettes\/muffins-aux-pommes-erable-et-gruau\/","name":"Muffins aux pommes, \u00e9rable et gruau &#8211; Cora D\u00e9jeuners et d\u00eeners","isPartOf":{"@id":"https:\/\/www.chezcora.com\/#website"},"primaryImageOfPage":{"@id":"https:\/\/www.chezcora.com\/recettes\/muffins-aux-pommes-erable-et-gruau\/#primaryimage"},"image":{"@id":"https:\/\/www.chezcora.com\/recettes\/muffins-aux-pommes-erable-et-gruau\/#primaryimage"},"thumbnailUrl":"https:\/\/e3b2rn3eqfa.exactdn.com\/wp-content\/uploads\/2021\/11\/Muffins20aux20pommes-scale_max-1040x1040-1.jpg?strip=all","datePublished":"2015-08-28T04:00:00+00:00","dateModified":"2025-10-09T18:59:53+00:00","author":{"@id":"https:\/\/www.chezcora.com\/#\/schema\/person\/dcb5c62d3439ed922025241c5de42233"},"breadcrumb":{"@id":"https:\/\/www.chezcora.com\/recettes\/muffins-aux-pommes-erable-et-gruau\/#breadcrumb"},"inLanguage":"en-CA","potentialAction":[{"@type":"ReadAction","target":["https:\/\/www.chezcora.com\/recettes\/muffins-aux-pommes-erable-et-gruau\/"]}]},{"@type":"ImageObject","inLanguage":"en-CA","@id":"https:\/\/www.chezcora.com\/recettes\/muffins-aux-pommes-erable-et-gruau\/#primaryimage","url":"https:\/\/e3b2rn3eqfa.exactdn.com\/wp-content\/uploads\/2021\/11\/Muffins20aux20pommes-scale_max-1040x1040-1.jpg?strip=all","contentUrl":"https:\/\/e3b2rn3eqfa.exactdn.com\/wp-content\/uploads\/2021\/11\/Muffins20aux20pommes-scale_max-1040x1040-1.jpg?strip=all","width":1040,"height":693},{"@type":"BreadcrumbList","@id":"https:\/\/www.chezcora.com\/recettes\/muffins-aux-pommes-erable-et-gruau\/#breadcrumb","itemListElement":[{"@type":"ListItem","position":1,"name":"Recettes","item":"https:\/\/www.chezcora.com\/recettes\/"},{"@type":"ListItem","position":2,"name":"Muffins aux pommes, \u00e9rable et gruau"}]},{"@type":"WebSite","@id":"https:\/\/www.chezcora.com\/#website","url":"https:\/\/www.chezcora.com\/","name":"Cora Breakfast and Lunch","description":"D\u00e9jeuners spectaculaires livr\u00e9s \u00e0 votre domicile","potentialAction":[{"@type":"SearchAction","target":{"@type":"EntryPoint","urlTemplate":"https:\/\/www.chezcora.com\/?s={search_term_string}"},"query-input":{"@type":"PropertyValueSpecification","valueRequired":true,"valueName":"search_term_string"}}],"inLanguage":"en-CA"},{"@type":"Person","@id":"https:\/\/www.chezcora.com\/#\/schema\/person\/dcb5c62d3439ed922025241c5de42233","name":"Frederic","image":{"@type":"ImageObject","inLanguage":"en-CA","@id":"https:\/\/secure.gravatar.com\/avatar\/1082bab674d453fb78e24eb556b982941cd520a5fc55895a71fda0b2f8b39c70?s=96&d=mm&r=g","url":"https:\/\/secure.gravatar.com\/avatar\/1082bab674d453fb78e24eb556b982941cd520a5fc55895a71fda0b2f8b39c70?s=96&d=mm&r=g","contentUrl":"https:\/\/secure.gravatar.com\/avatar\/1082bab674d453fb78e24eb556b982941cd520a5fc55895a71fda0b2f8b39c70?s=96&d=mm&r=g","caption":"Frederic"}}]}},"_links":{"self":[{"href":"https:\/\/www.chezcora.com\/en\/wp-json\/wp\/v2\/posts\/1106","targetHints":{"allow":["GET"]}}],"collection":[{"href":"https:\/\/www.chezcora.com\/en\/wp-json\/wp\/v2\/posts"}],"about":[{"href":"https:\/\/www.chezcora.com\/en\/wp-json\/wp\/v2\/types\/post"}],"author":[{"embeddable":true,"href":"https:\/\/www.chezcora.com\/en\/wp-json\/wp\/v2\/users\/1"}],"replies":[{"embeddable":true,"href":"https:\/\/www.chezcora.com\/en\/wp-json\/wp\/v2\/comments?post=1106"}],"version-history":[{"count":1,"href":"https:\/\/www.chezcora.com\/en\/wp-json\/wp\/v2\/posts\/1106\/revisions"}],"predecessor-version":[{"id":75909,"href":"https:\/\/www.chezcora.com\/en\/wp-json\/wp\/v2\/posts\/1106\/revisions\/75909"}],"wp:featuredmedia":[{"embeddable":true,"href":"https:\/\/www.chezcora.com\/en\/wp-json\/wp\/v2\/media\/1113"}],"wp:attachment":[{"href":"https:\/\/www.chezcora.com\/en\/wp-json\/wp\/v2\/media?parent=1106"}],"wp:term":[{"taxonomy":"category","embeddable":true,"href":"https:\/\/www.chezcora.com\/en\/wp-json\/wp\/v2\/categories?post=1106"},{"taxonomy":"post_tag","embeddable":true,"href":"https:\/\/www.chezcora.com\/en\/wp-json\/wp\/v2\/tags?post=1106"}],"curies":[{"name":"wp","href":"https:\/\/api.w.org\/{rel}","templated":true}]}}