{"id":13455,"date":"2022-12-09T09:26:49","date_gmt":"2022-12-09T14:26:49","guid":{"rendered":"https:\/\/www.chezcora.com\/?p=13455"},"modified":"2022-12-08T18:28:56","modified_gmt":"2022-12-08T23:28:56","slug":"celebrating-our-35-years","status":"publish","type":"post","link":"https:\/\/www.chezcora.com\/en\/lettre-mme-cora\/nous-fetons-nos-35-ans\/","title":{"rendered":"Celebrating our 35 years"},"content":{"rendered":"<p>16 h 14, mercredi, au complexe h\u00f4telier Est\u00e9rel<br \/>\nCroyez-le ou non, cette ann\u00e9e nous f\u00eatons nos 35 ann\u00e9es d\u2019existence, le premier petit resto ayant ouvert le 27 mai 1987, le jour exact de mon 40e anniversaire de naissance. Je n\u2019\u00e9tais pas une jeune poulette r\u00eavant de conqu\u00e9rir l\u2019univers, mais une maman de trois jeunes ados capables de m\u2019aider \u00e0 gagner notre cro\u00fbte. Vous connaissez cette histoire, j\u2019en suis certaine. Ce que j\u2019aime pourtant, c\u2019est de dire aux femmes que l\u2019\u00e2ge n\u2019a aucune importance. Bien au contraire! Un kilo de maturit\u00e9 brass\u00e9 avec deux kilos de difficult\u00e9s, poivr\u00e9 de courage et sal\u00e9 de cr\u00e9ativit\u00e9, fait des miracles lorsque quelques enfants ont besoin d\u2019\u00eatre nourris.<\/p>\n<p>J\u2019ose ajouter qu\u2019\u00e0 l\u2019\u0153uvre, le corps de la femme est g\u00e9n\u00e9ralement plus solide que la coque d\u2019un navire qui traverse les oc\u00e9ans. La force, la patience et l\u2019endurance d\u2019une m\u00e8re font des miracles. J\u2019en ai \u00e9t\u00e9 la preuve vivante \u00e0 plusieurs occasions. Maintenant que je suis devenue une petite vieille assagie, j\u2019ai le temps de reconna\u00eetre et d\u2019appr\u00e9cier toutes les belles qualit\u00e9s des femmes.<\/p>\n<p>J\u2019ai commenc\u00e9 cette lettre devant un magnifique feu de foyer, install\u00e9e comme une reine dans un grand salon du complexe h\u00f4telier Est\u00e9rel situ\u00e9 dans les Laurentides. Oui, oui! Pour c\u00e9l\u00e9brer notre trente-cinqui\u00e8me anniversaire, nous avons invit\u00e9 tous nos employ\u00e9s de partout au Canada, quelque cinquante-deux valeureuses personnes, \u00e0 passer deux jours avec nous au si\u00e8ge social de l\u2019Entreprise. Puis, pour cl\u00f4turer les r\u00e9jouissances, nous nous sommes dirig\u00e9s vers les montagnes laurentiennes pour y partager un d\u00e9licieux souper, lequel a \u00e9t\u00e9 suivi d\u2019un feu de camp anim\u00e9 de chansons et de guimauves. Parions que chacun a fait un dodo de r\u00eave dans une des tr\u00e8s belles chambres de l\u2019Est\u00e9rel.<\/p>\n<p>8 h 15 le lendemain matin<br \/>\nLe temps est un peu frisquet, mais nos c\u0153urs bouillonnent d\u2019amour les uns pour les autres. Matinale, je suis d\u00e9j\u00e0 install\u00e9e dans l\u2019immense salle \u00e0 manger avec vue sur le lac, \u00e0 une table pr\u00e8s de la machine \u00e0 caf\u00e9. Les uns apr\u00e8s les autres, les gens arrivent, me saluent, zieutent l\u2019immense buffet brunch et choisissent en priorit\u00e9 les tables pr\u00e8s du lac. La nourriture est tr\u00e8s attirante et le comptoir de fruits joliment coup\u00e9s se r\u00e9v\u00e8le \u00e0 la hauteur de nos attentes. Nous sommes enchant\u00e9s.<\/p>\n<p>Tous les employ\u00e9s de l\u2019Entreprise sont heureux de s\u2019\u00eatre rencontr\u00e9s. Un bourdonnement de rires anime le repas. C\u2019est la premi\u00e8re fois qu\u2019ils sont tous ensemble et qu\u2019ils peuvent cr\u00e9er des liens nonobstant l\u2019\u00e9loignement des provinces canadiennes. Nous sommes tous ravis de la r\u00e9ussite de l\u2019\u00e9v\u00e9nement. La rencontre s\u2019ach\u00e8ve par un rassemblement devant l\u2019immense foyer pour le mot de la fin. Le jeune pr\u00e9sident remercie chaleureusement Nancy, la directrice des ressources humaines, pour l\u2019organisation de l\u2019\u00e9v\u00e9nement, ainsi que tous les participants d\u2019y avoir assist\u00e9. Alors que nous nous acheminons vers nos bagnoles, un immense soleil nous accompagne. Le voyage de retour est parsem\u00e9 de jolis lacs \u00e0 nous donner envie de revenir dans ce coin de pays. <\/p>\n<p>16 h 20, assise \u00e0 ma table de cuisine<br \/>\nC\u2019est toujours un immense plaisir pour moi de rencontrer nos valeureux coll\u00e8gues dispers\u00e9s \u00e0 travers notre grand pays. Surtout maintenant que je ne voyage plus autant qu\u2019avant. J\u2019avoue qu\u2019en conduisant vers la maison, j\u2019avais un tantinet l\u2019\u0153il humide en pensant que je ne suis plus ni \u00e0 la barre du navire, ni complice de toutes les d\u00e9cisions op\u00e9rationnelles. Pour tout dire, quelques fois, je m\u2019ennuie de l\u2019\u00e9poque du travail acharn\u00e9, du temps o\u00f9 j\u2019\u00e9tais au centre de l\u2019action. Ne faut-il pas mourir \u00e0 quelque chose pour rena\u00eetre ailleurs? Je me dois d\u2019\u00eatre enti\u00e8rement heureuse de la tournure des \u00e9v\u00e9nements. Mais, comme tout le monde, quelquefois je voudrais revenir \u00e0 mes quarante ans.<\/p>\n<p>Je suppose que la morale de ce paragraphe c\u2019est qu\u2019il faut vivre chaque jour comme si c\u2019\u00e9tait le dernier. Sur ma route vers l\u2019ultime demeure, je devrais plut\u00f4t disperser des remerciements au lieu de penser \u00e0 certains regrets. Tout est parfait. J\u2019ai re\u00e7u plusieurs talents et je les ai exploit\u00e9s. Et le temps a pass\u00e9. Pourtant, j\u2019avance encore avec une immense reconnaissance d\u2019\u00eatre toujours vivante. <\/p>\n<p>Je sais au fond de mon c\u0153ur que j\u2019ai encore un dernier objectif, une ultime saison. Je suis comme le pommier qui n\u2019a de repos que lorsque tous ses fruits se d\u00e9tachent de l\u2019arbre, ces pommes porteuses de joie et de bons conseils. J\u2019essaie de lancer en terre jusqu\u2019au dernier p\u00e9pin gage d\u2019avenir. En insistant pour \u00e9crire, je secoue ma t\u00eate encore bourr\u00e9e de mots. Je veux mourir us\u00e9e jusqu\u2019\u00e0 la corde, vide et l\u00e9g\u00e8re comme une plume toute pr\u00eate \u00e0 s\u2019envoler. \u00c0 mon rythme et \u00e0 ma mani\u00e8re, je pers\u00e9v\u00e8re. J\u2019appr\u00e9cie chaque minute du trajet, chaque ligne, chaque mot cr\u00e9ateur d\u2019espoir.<\/p>\n<p>Aussi longtemps que vous voudrez me lire, ch\u00e8res lectrices et chers lecteurs, je serai l\u00e0 pour vous servir mes d\u00e9jeuners de mots. Je suis encore affam\u00e9e d\u2019apprendre, vaillante, curieuse et susceptible de m\u2019\u00e9merveiller devant une toute petite fourmi tisserande capable de transporter cent fois son propre poids. Comme elle, j\u2019essaierai moi aussi de vous apporter des tonnes de joie, un peu de r\u00e9confort et de partager avec vous mes r\u00e9flexions saugrenues concernant mon instable compr\u00e9hension des myst\u00e8res de la vie.<\/p>\n<p>Sachez que tout m\u2019int\u00e9resse encore, tout m\u2019\u00e9merveille, tout m\u2019interpelle. Chacune de mes phrases pourrait \u00eatre une question. Elles le sont bien souvent. Ligne apr\u00e8s ligne, je suis devenue une observatrice du vivant, une femme aguerrie cherchant \u00e0 comprendre les multiples circonvolutions du c\u0153ur humain. Sachez aussi que je vous aime \u00e9norm\u00e9ment.<\/p>\n<p>Cora<br \/>\n\u2764<\/p>","protected":false},"excerpt":{"rendered":"<p>16 h 14, mercredi, au complexe h\u00f4telier Est\u00e9rel Croyez-le ou non, cette [&hellip;]<\/p>\n","protected":false},"author":414,"featured_media":13456,"comment_status":"open","ping_status":"open","sticky":false,"template":"","format":"standard","meta":{"_acf_changed":false,"footnotes":""},"categories":[32],"tags":[],"class_list":["post-13455","post","type-post","status-publish","format-standard","has-post-thumbnail","hentry","category-lettre-mme-cora"],"acf":[],"yoast_head":"<!-- This site is optimized with the Yoast SEO plugin v27.4 - https:\/\/yoast.com\/product\/yoast-seo-wordpress\/ -->\n<title>Nous f\u00eatons nos 35 ans &#8211; Cora D\u00e9jeuners et d\u00eeners<\/title>\n<meta name=\"robots\" content=\"index, follow, max-snippet:-1, max-image-preview:large, max-video-preview:-1\" \/>\n<link rel=\"canonical\" href=\"https:\/\/www.chezcora.com\/en\/mme-coras-letter\/celebrating-our-35-years\/\" \/>\n<meta property=\"og:locale\" content=\"en_US\" \/>\n<meta property=\"og:type\" content=\"article\" \/>\n<meta property=\"og:title\" content=\"Nous f\u00eatons nos 35 ans &#8211; Cora D\u00e9jeuners et d\u00eeners\" \/>\n<meta property=\"og:description\" content=\"16 h 14, mercredi, au complexe h\u00f4telier Est\u00e9rel Croyez-le ou non, cette [&hellip;]\" \/>\n<meta property=\"og:url\" content=\"https:\/\/www.chezcora.com\/en\/mme-coras-letter\/celebrating-our-35-years\/\" \/>\n<meta property=\"og:site_name\" content=\"Cora D\u00e9jeuners et d\u00eeners\" \/>\n<meta property=\"article:publisher\" content=\"https:\/\/www.facebook.com\/corarestaurants\" \/>\n<meta property=\"article:published_time\" content=\"2022-12-09T14:26:49+00:00\" \/>\n<meta property=\"og:image\" content=\"https:\/\/e3b2rn3eqfa.exactdn.com\/wp-content\/uploads\/2022\/12\/11-decembre_1025.jpg?strip=all&lossy=0&ssl=1\" \/>\n\t<meta property=\"og:image:width\" content=\"1025\" \/>\n\t<meta property=\"og:image:height\" content=\"1025\" \/>\n\t<meta property=\"og:image:type\" content=\"image\/jpeg\" \/>\n<meta name=\"author\" content=\"Isabel P. Picard\" \/>\n<meta name=\"twitter:card\" content=\"summary_large_image\" \/>\n<meta name=\"twitter:creator\" content=\"@CoraRestaurants\" \/>\n<meta name=\"twitter:site\" content=\"@CoraRestaurants\" \/>\n<meta name=\"twitter:label1\" content=\"Written by\" \/>\n\t<meta name=\"twitter:data1\" content=\"Isabel P. Picard\" \/>\n\t<meta name=\"twitter:label2\" content=\"Est. reading time\" \/>\n\t<meta name=\"twitter:data2\" content=\"5 minutes\" \/>\n<script type=\"application\/ld+json\" class=\"yoast-schema-graph\">{\"@context\":\"https:\\\/\\\/schema.org\",\"@graph\":[{\"@type\":\"Article\",\"@id\":\"https:\\\/\\\/www.chezcora.com\\\/lettre-mme-cora\\\/nous-fetons-nos-35-ans\\\/#article\",\"isPartOf\":{\"@id\":\"https:\\\/\\\/www.chezcora.com\\\/lettre-mme-cora\\\/nous-fetons-nos-35-ans\\\/\"},\"author\":{\"name\":\"Isabel P. Picard\",\"@id\":\"https:\\\/\\\/www.chezcora.com\\\/#\\\/schema\\\/person\\\/88e2042ed1147c57ae662ff786f967a3\"},\"headline\":\"Nous f\u00eatons nos 35 ans\",\"datePublished\":\"2022-12-09T14:26:49+00:00\",\"mainEntityOfPage\":{\"@id\":\"https:\\\/\\\/www.chezcora.com\\\/lettre-mme-cora\\\/nous-fetons-nos-35-ans\\\/\"},\"wordCount\":1048,\"commentCount\":0,\"image\":{\"@id\":\"https:\\\/\\\/www.chezcora.com\\\/lettre-mme-cora\\\/nous-fetons-nos-35-ans\\\/#primaryimage\"},\"thumbnailUrl\":\"https:\\\/\\\/e3b2rn3eqfa.exactdn.com\\\/wp-content\\\/uploads\\\/2022\\\/12\\\/11-decembre_1025.jpg?strip=all\",\"articleSection\":[\"Lettre Mme Cora\"],\"inLanguage\":\"en-CA\",\"potentialAction\":[{\"@type\":\"CommentAction\",\"name\":\"Comment\",\"target\":[\"https:\\\/\\\/www.chezcora.com\\\/lettre-mme-cora\\\/nous-fetons-nos-35-ans\\\/#respond\"]}]},{\"@type\":\"WebPage\",\"@id\":\"https:\\\/\\\/www.chezcora.com\\\/lettre-mme-cora\\\/nous-fetons-nos-35-ans\\\/\",\"url\":\"https:\\\/\\\/www.chezcora.com\\\/lettre-mme-cora\\\/nous-fetons-nos-35-ans\\\/\",\"name\":\"Nous f\u00eatons nos 35 ans &#8211; Cora D\u00e9jeuners et d\u00eeners\",\"isPartOf\":{\"@id\":\"https:\\\/\\\/www.chezcora.com\\\/#website\"},\"primaryImageOfPage\":{\"@id\":\"https:\\\/\\\/www.chezcora.com\\\/lettre-mme-cora\\\/nous-fetons-nos-35-ans\\\/#primaryimage\"},\"image\":{\"@id\":\"https:\\\/\\\/www.chezcora.com\\\/lettre-mme-cora\\\/nous-fetons-nos-35-ans\\\/#primaryimage\"},\"thumbnailUrl\":\"https:\\\/\\\/e3b2rn3eqfa.exactdn.com\\\/wp-content\\\/uploads\\\/2022\\\/12\\\/11-decembre_1025.jpg?strip=all\",\"datePublished\":\"2022-12-09T14:26:49+00:00\",\"author\":{\"@id\":\"https:\\\/\\\/www.chezcora.com\\\/#\\\/schema\\\/person\\\/88e2042ed1147c57ae662ff786f967a3\"},\"breadcrumb\":{\"@id\":\"https:\\\/\\\/www.chezcora.com\\\/lettre-mme-cora\\\/nous-fetons-nos-35-ans\\\/#breadcrumb\"},\"inLanguage\":\"en-CA\",\"potentialAction\":[{\"@type\":\"ReadAction\",\"target\":[\"https:\\\/\\\/www.chezcora.com\\\/lettre-mme-cora\\\/nous-fetons-nos-35-ans\\\/\"]}]},{\"@type\":\"ImageObject\",\"inLanguage\":\"en-CA\",\"@id\":\"https:\\\/\\\/www.chezcora.com\\\/lettre-mme-cora\\\/nous-fetons-nos-35-ans\\\/#primaryimage\",\"url\":\"https:\\\/\\\/e3b2rn3eqfa.exactdn.com\\\/wp-content\\\/uploads\\\/2022\\\/12\\\/11-decembre_1025.jpg?strip=all\",\"contentUrl\":\"https:\\\/\\\/e3b2rn3eqfa.exactdn.com\\\/wp-content\\\/uploads\\\/2022\\\/12\\\/11-decembre_1025.jpg?strip=all\",\"width\":1025,\"height\":1025,\"caption\":\"Nous fetons nos 35 ans_11 decembre 2022\"},{\"@type\":\"BreadcrumbList\",\"@id\":\"https:\\\/\\\/www.chezcora.com\\\/lettre-mme-cora\\\/nous-fetons-nos-35-ans\\\/#breadcrumb\",\"itemListElement\":[{\"@type\":\"ListItem\",\"position\":1,\"name\":\"Lettre Mme Cora\",\"item\":\"https:\\\/\\\/www.chezcora.com\\\/lettre-mme-cora\\\/\"},{\"@type\":\"ListItem\",\"position\":2,\"name\":\"Nous f\u00eatons nos 35 ans\"}]},{\"@type\":\"WebSite\",\"@id\":\"https:\\\/\\\/www.chezcora.com\\\/#website\",\"url\":\"https:\\\/\\\/www.chezcora.com\\\/\",\"name\":\"Cora D\u00e9jeuners et d\u00eeners\",\"description\":\"D\u00e9jeuners spectaculaires livr\u00e9s \u00e0 votre domicile\",\"potentialAction\":[{\"@type\":\"SearchAction\",\"target\":{\"@type\":\"EntryPoint\",\"urlTemplate\":\"https:\\\/\\\/www.chezcora.com\\\/?s={search_term_string}\"},\"query-input\":{\"@type\":\"PropertyValueSpecification\",\"valueRequired\":true,\"valueName\":\"search_term_string\"}}],\"inLanguage\":\"en-CA\"},{\"@type\":\"Person\",\"@id\":\"https:\\\/\\\/www.chezcora.com\\\/#\\\/schema\\\/person\\\/88e2042ed1147c57ae662ff786f967a3\",\"name\":\"Isabel P. Picard\",\"image\":{\"@type\":\"ImageObject\",\"inLanguage\":\"en-CA\",\"@id\":\"https:\\\/\\\/secure.gravatar.com\\\/avatar\\\/d9b7dd76d8858b218ed5ff8164b843efdac8c0ab35ed48ce74bd4b45a2a5ee07?s=96&d=mm&r=g\",\"url\":\"https:\\\/\\\/secure.gravatar.com\\\/avatar\\\/d9b7dd76d8858b218ed5ff8164b843efdac8c0ab35ed48ce74bd4b45a2a5ee07?s=96&d=mm&r=g\",\"contentUrl\":\"https:\\\/\\\/secure.gravatar.com\\\/avatar\\\/d9b7dd76d8858b218ed5ff8164b843efdac8c0ab35ed48ce74bd4b45a2a5ee07?s=96&d=mm&r=g\",\"caption\":\"Isabel P. Picard\"}}]}<\/script>\n<!-- \/ Yoast SEO plugin. -->","yoast_head_json":{"title":"Nous f\u00eatons nos 35 ans &#8211; Cora D\u00e9jeuners et d\u00eeners","robots":{"index":"index","follow":"follow","max-snippet":"max-snippet:-1","max-image-preview":"max-image-preview:large","max-video-preview":"max-video-preview:-1"},"canonical":"https:\/\/www.chezcora.com\/en\/mme-coras-letter\/celebrating-our-35-years\/","og_locale":"en_US","og_type":"article","og_title":"Nous f\u00eatons nos 35 ans &#8211; Cora D\u00e9jeuners et d\u00eeners","og_description":"16 h 14, mercredi, au complexe h\u00f4telier Est\u00e9rel Croyez-le ou non, cette [&hellip;]","og_url":"https:\/\/www.chezcora.com\/en\/mme-coras-letter\/celebrating-our-35-years\/","og_site_name":"Cora D\u00e9jeuners et d\u00eeners","article_publisher":"https:\/\/www.facebook.com\/corarestaurants","article_published_time":"2022-12-09T14:26:49+00:00","og_image":[{"width":1025,"height":1025,"url":"https:\/\/e3b2rn3eqfa.exactdn.com\/wp-content\/uploads\/2022\/12\/11-decembre_1025.jpg?strip=all&lossy=0&ssl=1","type":"image\/jpeg"}],"author":"Isabel P. Picard","twitter_card":"summary_large_image","twitter_creator":"@CoraRestaurants","twitter_site":"@CoraRestaurants","twitter_misc":{"Written by":"Isabel P. Picard","Est. reading time":"5 minutes"},"schema":{"@context":"https:\/\/schema.org","@graph":[{"@type":"Article","@id":"https:\/\/www.chezcora.com\/lettre-mme-cora\/nous-fetons-nos-35-ans\/#article","isPartOf":{"@id":"https:\/\/www.chezcora.com\/lettre-mme-cora\/nous-fetons-nos-35-ans\/"},"author":{"name":"Isabel P. Picard","@id":"https:\/\/www.chezcora.com\/#\/schema\/person\/88e2042ed1147c57ae662ff786f967a3"},"headline":"Nous f\u00eatons nos 35 ans","datePublished":"2022-12-09T14:26:49+00:00","mainEntityOfPage":{"@id":"https:\/\/www.chezcora.com\/lettre-mme-cora\/nous-fetons-nos-35-ans\/"},"wordCount":1048,"commentCount":0,"image":{"@id":"https:\/\/www.chezcora.com\/lettre-mme-cora\/nous-fetons-nos-35-ans\/#primaryimage"},"thumbnailUrl":"https:\/\/e3b2rn3eqfa.exactdn.com\/wp-content\/uploads\/2022\/12\/11-decembre_1025.jpg?strip=all","articleSection":["Lettre Mme Cora"],"inLanguage":"en-CA","potentialAction":[{"@type":"CommentAction","name":"Comment","target":["https:\/\/www.chezcora.com\/lettre-mme-cora\/nous-fetons-nos-35-ans\/#respond"]}]},{"@type":"WebPage","@id":"https:\/\/www.chezcora.com\/lettre-mme-cora\/nous-fetons-nos-35-ans\/","url":"https:\/\/www.chezcora.com\/lettre-mme-cora\/nous-fetons-nos-35-ans\/","name":"Nous f\u00eatons nos 35 ans &#8211; Cora D\u00e9jeuners et d\u00eeners","isPartOf":{"@id":"https:\/\/www.chezcora.com\/#website"},"primaryImageOfPage":{"@id":"https:\/\/www.chezcora.com\/lettre-mme-cora\/nous-fetons-nos-35-ans\/#primaryimage"},"image":{"@id":"https:\/\/www.chezcora.com\/lettre-mme-cora\/nous-fetons-nos-35-ans\/#primaryimage"},"thumbnailUrl":"https:\/\/e3b2rn3eqfa.exactdn.com\/wp-content\/uploads\/2022\/12\/11-decembre_1025.jpg?strip=all","datePublished":"2022-12-09T14:26:49+00:00","author":{"@id":"https:\/\/www.chezcora.com\/#\/schema\/person\/88e2042ed1147c57ae662ff786f967a3"},"breadcrumb":{"@id":"https:\/\/www.chezcora.com\/lettre-mme-cora\/nous-fetons-nos-35-ans\/#breadcrumb"},"inLanguage":"en-CA","potentialAction":[{"@type":"ReadAction","target":["https:\/\/www.chezcora.com\/lettre-mme-cora\/nous-fetons-nos-35-ans\/"]}]},{"@type":"ImageObject","inLanguage":"en-CA","@id":"https:\/\/www.chezcora.com\/lettre-mme-cora\/nous-fetons-nos-35-ans\/#primaryimage","url":"https:\/\/e3b2rn3eqfa.exactdn.com\/wp-content\/uploads\/2022\/12\/11-decembre_1025.jpg?strip=all","contentUrl":"https:\/\/e3b2rn3eqfa.exactdn.com\/wp-content\/uploads\/2022\/12\/11-decembre_1025.jpg?strip=all","width":1025,"height":1025,"caption":"Nous fetons nos 35 ans_11 decembre 2022"},{"@type":"BreadcrumbList","@id":"https:\/\/www.chezcora.com\/lettre-mme-cora\/nous-fetons-nos-35-ans\/#breadcrumb","itemListElement":[{"@type":"ListItem","position":1,"name":"Lettre Mme Cora","item":"https:\/\/www.chezcora.com\/lettre-mme-cora\/"},{"@type":"ListItem","position":2,"name":"Nous f\u00eatons nos 35 ans"}]},{"@type":"WebSite","@id":"https:\/\/www.chezcora.com\/#website","url":"https:\/\/www.chezcora.com\/","name":"Cora Breakfast and Lunch","description":"D\u00e9jeuners spectaculaires livr\u00e9s \u00e0 votre domicile","potentialAction":[{"@type":"SearchAction","target":{"@type":"EntryPoint","urlTemplate":"https:\/\/www.chezcora.com\/?s={search_term_string}"},"query-input":{"@type":"PropertyValueSpecification","valueRequired":true,"valueName":"search_term_string"}}],"inLanguage":"en-CA"},{"@type":"Person","@id":"https:\/\/www.chezcora.com\/#\/schema\/person\/88e2042ed1147c57ae662ff786f967a3","name":"Isabel P. Picard","image":{"@type":"ImageObject","inLanguage":"en-CA","@id":"https:\/\/secure.gravatar.com\/avatar\/d9b7dd76d8858b218ed5ff8164b843efdac8c0ab35ed48ce74bd4b45a2a5ee07?s=96&d=mm&r=g","url":"https:\/\/secure.gravatar.com\/avatar\/d9b7dd76d8858b218ed5ff8164b843efdac8c0ab35ed48ce74bd4b45a2a5ee07?s=96&d=mm&r=g","contentUrl":"https:\/\/secure.gravatar.com\/avatar\/d9b7dd76d8858b218ed5ff8164b843efdac8c0ab35ed48ce74bd4b45a2a5ee07?s=96&d=mm&r=g","caption":"Isabel P. Picard"}}]}},"_links":{"self":[{"href":"https:\/\/www.chezcora.com\/en\/wp-json\/wp\/v2\/posts\/13455","targetHints":{"allow":["GET"]}}],"collection":[{"href":"https:\/\/www.chezcora.com\/en\/wp-json\/wp\/v2\/posts"}],"about":[{"href":"https:\/\/www.chezcora.com\/en\/wp-json\/wp\/v2\/types\/post"}],"author":[{"embeddable":true,"href":"https:\/\/www.chezcora.com\/en\/wp-json\/wp\/v2\/users\/414"}],"replies":[{"embeddable":true,"href":"https:\/\/www.chezcora.com\/en\/wp-json\/wp\/v2\/comments?post=13455"}],"version-history":[{"count":0,"href":"https:\/\/www.chezcora.com\/en\/wp-json\/wp\/v2\/posts\/13455\/revisions"}],"wp:featuredmedia":[{"embeddable":true,"href":"https:\/\/www.chezcora.com\/en\/wp-json\/wp\/v2\/media\/13456"}],"wp:attachment":[{"href":"https:\/\/www.chezcora.com\/en\/wp-json\/wp\/v2\/media?parent=13455"}],"wp:term":[{"taxonomy":"category","embeddable":true,"href":"https:\/\/www.chezcora.com\/en\/wp-json\/wp\/v2\/categories?post=13455"},{"taxonomy":"post_tag","embeddable":true,"href":"https:\/\/www.chezcora.com\/en\/wp-json\/wp\/v2\/tags?post=13455"}],"curies":[{"name":"wp","href":"https:\/\/api.w.org\/{rel}","templated":true}]}}