{"id":1430,"date":"2019-04-17T00:00:00","date_gmt":"2019-04-17T04:00:00","guid":{"rendered":"https:\/\/www-new2022.chezcora.com\/?p=1430"},"modified":"2021-12-02T13:33:22","modified_gmt":"2021-12-02T18:33:22","slug":"les-30-ans-de-la-crepe-avril-89","status":"publish","type":"post","link":"https:\/\/www.chezcora.com\/en\/histoire\/les-30-ans-de-la-crepe-avril-89\/","title":{"rendered":"April 89 celebrate 30 years"},"content":{"rendered":"<p>Il y a 30 ans d\u00e9j\u00e0 que la plantureuse cr\u00eape Avril 89 a fait son apparition sur le menu des d\u00e9jeuners Cora.<\/p>\n<p>La cr\u00eape, mince et longue \u00e0 souhait, est napp\u00e9e de la sucr\u00e9e de bonne cr\u00e8me p\u00e2tissi\u00e8re Cora, d\u00e9borde\u00a0d\u2019une g\u00e9n\u00e9reuse portion de fruits frais, est d\u00e9cor\u00e9e de trois rosettes de cr\u00e8me fouett\u00e9e et saupoudr\u00e9e de neige enivrante (du sucre en poudre).<\/p>\n<p>Elle a \u00e9t\u00e9 cr\u00e9\u00e9e un matin d\u2019avril 1989, vous l\u2019aurez devin\u00e9, alors que, quelques jours plus t\u00f4t, Madame Cora avait jou\u00e9 un tour \u00e0 une amie et cliente du restaurant \u00e0 l\u2019occasion du poisson d\u2019avril. Pour se faire pardonner son coup pendable, Madame Cora a propos\u00e9 \u00e0 son amie de lui cuisiner le d\u00e9jeuner de son choix. La cliente avait demand\u00e9 une cr\u00eape avec des fruits frais, mais additionn\u00e9e d\u2019une touche un peu sucr\u00e9e et r\u00e9confortante. C\u2019\u00e9tait la premi\u00e8re fois que Madame Cora mettait de la cr\u00e8me p\u00e2tissi\u00e8re dans une de ses cr\u00eapes. Une vedette fruit\u00e9e \u00e9tait n\u00e9e.<\/p>\n<p>Joyeux anniversaire, toute d\u00e9licieuse cr\u00eape Avril 89!<\/p>","protected":false},"excerpt":{"rendered":"<p>Il y a 30 ans d\u00e9j\u00e0 que la plantureuse cr\u00eape Avril 89 [&hellip;]<\/p>\n","protected":false},"author":1,"featured_media":1448,"comment_status":"open","ping_status":"open","sticky":false,"template":"","format":"standard","meta":{"_acf_changed":false,"footnotes":""},"categories":[42],"tags":[],"class_list":["post-1430","post","type-post","status-publish","format-standard","has-post-thumbnail","hentry","category-histoire"],"acf":[],"yoast_head":"<!-- This site is optimized with the Yoast SEO plugin v27.4 - https:\/\/yoast.com\/product\/yoast-seo-wordpress\/ -->\n<title>Les 30 ans de la cr\u00eape Avril 89 &#8211; Cora D\u00e9jeuners et d\u00eeners<\/title>\n<meta name=\"robots\" content=\"index, follow, max-snippet:-1, max-image-preview:large, max-video-preview:-1\" \/>\n<link rel=\"canonical\" href=\"https:\/\/www.chezcora.com\/en\/history\/les-30-ans-de-la-crepe-avril-89\/\" \/>\n<meta property=\"og:locale\" content=\"en_US\" \/>\n<meta property=\"og:type\" content=\"article\" \/>\n<meta property=\"og:title\" content=\"Les 30 ans de la cr\u00eape Avril 89 &#8211; Cora D\u00e9jeuners et d\u00eeners\" \/>\n<meta property=\"og:description\" content=\"Il y a 30 ans d\u00e9j\u00e0 que la plantureuse cr\u00eape Avril 89 [&hellip;]\" \/>\n<meta property=\"og:url\" content=\"https:\/\/www.chezcora.com\/en\/history\/les-30-ans-de-la-crepe-avril-89\/\" \/>\n<meta property=\"og:site_name\" content=\"Cora D\u00e9jeuners et d\u00eeners\" \/>\n<meta property=\"article:publisher\" content=\"https:\/\/www.facebook.com\/corarestaurants\" \/>\n<meta property=\"article:published_time\" content=\"2019-04-17T04:00:00+00:00\" \/>\n<meta property=\"article:modified_time\" content=\"2021-12-02T18:33:22+00:00\" \/>\n<meta property=\"og:image\" content=\"https:\/\/e3b2rn3eqfa.exactdn.com\/wp-content\/uploads\/2021\/12\/27avril_Avril89Story-scale_max-1040x1040-1.jpg?strip=all&lossy=0&ssl=1\" \/>\n\t<meta property=\"og:image:width\" content=\"1040\" \/>\n\t<meta property=\"og:image:height\" content=\"592\" \/>\n\t<meta property=\"og:image:type\" content=\"image\/jpeg\" \/>\n<meta name=\"author\" content=\"Frederic\" \/>\n<meta name=\"twitter:card\" content=\"summary_large_image\" \/>\n<meta name=\"twitter:creator\" content=\"@CoraRestaurants\" \/>\n<meta name=\"twitter:site\" content=\"@CoraRestaurants\" \/>\n<meta name=\"twitter:label1\" content=\"Written by\" \/>\n\t<meta name=\"twitter:data1\" content=\"Frederic\" \/>\n\t<meta name=\"twitter:label2\" content=\"Est. reading time\" \/>\n\t<meta name=\"twitter:data2\" content=\"1 minute\" \/>\n<script type=\"application\/ld+json\" class=\"yoast-schema-graph\">{\"@context\":\"https:\\\/\\\/schema.org\",\"@graph\":[{\"@type\":\"Article\",\"@id\":\"https:\\\/\\\/www.chezcora.com\\\/histoire\\\/les-30-ans-de-la-crepe-avril-89\\\/#article\",\"isPartOf\":{\"@id\":\"https:\\\/\\\/www.chezcora.com\\\/histoire\\\/les-30-ans-de-la-crepe-avril-89\\\/\"},\"author\":{\"name\":\"Frederic\",\"@id\":\"https:\\\/\\\/www.chezcora.com\\\/#\\\/schema\\\/person\\\/dcb5c62d3439ed922025241c5de42233\"},\"headline\":\"Les 30 ans de la cr\u00eape Avril 89\",\"datePublished\":\"2019-04-17T04:00:00+00:00\",\"dateModified\":\"2021-12-02T18:33:22+00:00\",\"mainEntityOfPage\":{\"@id\":\"https:\\\/\\\/www.chezcora.com\\\/histoire\\\/les-30-ans-de-la-crepe-avril-89\\\/\"},\"wordCount\":207,\"commentCount\":0,\"image\":{\"@id\":\"https:\\\/\\\/www.chezcora.com\\\/histoire\\\/les-30-ans-de-la-crepe-avril-89\\\/#primaryimage\"},\"thumbnailUrl\":\"https:\\\/\\\/e3b2rn3eqfa.exactdn.com\\\/wp-content\\\/uploads\\\/2021\\\/12\\\/27avril_Avril89Story-scale_max-1040x1040-1.jpg?strip=all\",\"articleSection\":[\"Histoire\"],\"inLanguage\":\"en-CA\",\"potentialAction\":[{\"@type\":\"CommentAction\",\"name\":\"Comment\",\"target\":[\"https:\\\/\\\/www.chezcora.com\\\/histoire\\\/les-30-ans-de-la-crepe-avril-89\\\/#respond\"]}]},{\"@type\":\"WebPage\",\"@id\":\"https:\\\/\\\/www.chezcora.com\\\/histoire\\\/les-30-ans-de-la-crepe-avril-89\\\/\",\"url\":\"https:\\\/\\\/www.chezcora.com\\\/histoire\\\/les-30-ans-de-la-crepe-avril-89\\\/\",\"name\":\"Les 30 ans de la cr\u00eape Avril 89 &#8211; Cora D\u00e9jeuners et d\u00eeners\",\"isPartOf\":{\"@id\":\"https:\\\/\\\/www.chezcora.com\\\/#website\"},\"primaryImageOfPage\":{\"@id\":\"https:\\\/\\\/www.chezcora.com\\\/histoire\\\/les-30-ans-de-la-crepe-avril-89\\\/#primaryimage\"},\"image\":{\"@id\":\"https:\\\/\\\/www.chezcora.com\\\/histoire\\\/les-30-ans-de-la-crepe-avril-89\\\/#primaryimage\"},\"thumbnailUrl\":\"https:\\\/\\\/e3b2rn3eqfa.exactdn.com\\\/wp-content\\\/uploads\\\/2021\\\/12\\\/27avril_Avril89Story-scale_max-1040x1040-1.jpg?strip=all\",\"datePublished\":\"2019-04-17T04:00:00+00:00\",\"dateModified\":\"2021-12-02T18:33:22+00:00\",\"author\":{\"@id\":\"https:\\\/\\\/www.chezcora.com\\\/#\\\/schema\\\/person\\\/dcb5c62d3439ed922025241c5de42233\"},\"breadcrumb\":{\"@id\":\"https:\\\/\\\/www.chezcora.com\\\/histoire\\\/les-30-ans-de-la-crepe-avril-89\\\/#breadcrumb\"},\"inLanguage\":\"en-CA\",\"potentialAction\":[{\"@type\":\"ReadAction\",\"target\":[\"https:\\\/\\\/www.chezcora.com\\\/histoire\\\/les-30-ans-de-la-crepe-avril-89\\\/\"]}]},{\"@type\":\"ImageObject\",\"inLanguage\":\"en-CA\",\"@id\":\"https:\\\/\\\/www.chezcora.com\\\/histoire\\\/les-30-ans-de-la-crepe-avril-89\\\/#primaryimage\",\"url\":\"https:\\\/\\\/e3b2rn3eqfa.exactdn.com\\\/wp-content\\\/uploads\\\/2021\\\/12\\\/27avril_Avril89Story-scale_max-1040x1040-1.jpg?strip=all\",\"contentUrl\":\"https:\\\/\\\/e3b2rn3eqfa.exactdn.com\\\/wp-content\\\/uploads\\\/2021\\\/12\\\/27avril_Avril89Story-scale_max-1040x1040-1.jpg?strip=all\",\"width\":1040,\"height\":592},{\"@type\":\"BreadcrumbList\",\"@id\":\"https:\\\/\\\/www.chezcora.com\\\/histoire\\\/les-30-ans-de-la-crepe-avril-89\\\/#breadcrumb\",\"itemListElement\":[{\"@type\":\"ListItem\",\"position\":1,\"name\":\"Histoire\",\"item\":\"https:\\\/\\\/www.chezcora.com\\\/histoire\\\/\"},{\"@type\":\"ListItem\",\"position\":2,\"name\":\"Les 30 ans de la cr\u00eape Avril 89\"}]},{\"@type\":\"WebSite\",\"@id\":\"https:\\\/\\\/www.chezcora.com\\\/#website\",\"url\":\"https:\\\/\\\/www.chezcora.com\\\/\",\"name\":\"Cora D\u00e9jeuners et d\u00eeners\",\"description\":\"D\u00e9jeuners spectaculaires livr\u00e9s \u00e0 votre domicile\",\"potentialAction\":[{\"@type\":\"SearchAction\",\"target\":{\"@type\":\"EntryPoint\",\"urlTemplate\":\"https:\\\/\\\/www.chezcora.com\\\/?s={search_term_string}\"},\"query-input\":{\"@type\":\"PropertyValueSpecification\",\"valueRequired\":true,\"valueName\":\"search_term_string\"}}],\"inLanguage\":\"en-CA\"},{\"@type\":\"Person\",\"@id\":\"https:\\\/\\\/www.chezcora.com\\\/#\\\/schema\\\/person\\\/dcb5c62d3439ed922025241c5de42233\",\"name\":\"Frederic\",\"image\":{\"@type\":\"ImageObject\",\"inLanguage\":\"en-CA\",\"@id\":\"https:\\\/\\\/secure.gravatar.com\\\/avatar\\\/1082bab674d453fb78e24eb556b982941cd520a5fc55895a71fda0b2f8b39c70?s=96&d=mm&r=g\",\"url\":\"https:\\\/\\\/secure.gravatar.com\\\/avatar\\\/1082bab674d453fb78e24eb556b982941cd520a5fc55895a71fda0b2f8b39c70?s=96&d=mm&r=g\",\"contentUrl\":\"https:\\\/\\\/secure.gravatar.com\\\/avatar\\\/1082bab674d453fb78e24eb556b982941cd520a5fc55895a71fda0b2f8b39c70?s=96&d=mm&r=g\",\"caption\":\"Frederic\"}}]}<\/script>\n<!-- \/ Yoast SEO plugin. -->","yoast_head_json":{"title":"Les 30 ans de la cr\u00eape Avril 89 &#8211; Cora D\u00e9jeuners et d\u00eeners","robots":{"index":"index","follow":"follow","max-snippet":"max-snippet:-1","max-image-preview":"max-image-preview:large","max-video-preview":"max-video-preview:-1"},"canonical":"https:\/\/www.chezcora.com\/en\/history\/les-30-ans-de-la-crepe-avril-89\/","og_locale":"en_US","og_type":"article","og_title":"Les 30 ans de la cr\u00eape Avril 89 &#8211; Cora D\u00e9jeuners et d\u00eeners","og_description":"Il y a 30 ans d\u00e9j\u00e0 que la plantureuse cr\u00eape Avril 89 [&hellip;]","og_url":"https:\/\/www.chezcora.com\/en\/history\/les-30-ans-de-la-crepe-avril-89\/","og_site_name":"Cora D\u00e9jeuners et d\u00eeners","article_publisher":"https:\/\/www.facebook.com\/corarestaurants","article_published_time":"2019-04-17T04:00:00+00:00","article_modified_time":"2021-12-02T18:33:22+00:00","og_image":[{"width":1040,"height":592,"url":"https:\/\/e3b2rn3eqfa.exactdn.com\/wp-content\/uploads\/2021\/12\/27avril_Avril89Story-scale_max-1040x1040-1.jpg?strip=all&lossy=0&ssl=1","type":"image\/jpeg"}],"author":"Frederic","twitter_card":"summary_large_image","twitter_creator":"@CoraRestaurants","twitter_site":"@CoraRestaurants","twitter_misc":{"Written by":"Frederic","Est. reading time":"1 minute"},"schema":{"@context":"https:\/\/schema.org","@graph":[{"@type":"Article","@id":"https:\/\/www.chezcora.com\/histoire\/les-30-ans-de-la-crepe-avril-89\/#article","isPartOf":{"@id":"https:\/\/www.chezcora.com\/histoire\/les-30-ans-de-la-crepe-avril-89\/"},"author":{"name":"Frederic","@id":"https:\/\/www.chezcora.com\/#\/schema\/person\/dcb5c62d3439ed922025241c5de42233"},"headline":"Les 30 ans de la cr\u00eape Avril 89","datePublished":"2019-04-17T04:00:00+00:00","dateModified":"2021-12-02T18:33:22+00:00","mainEntityOfPage":{"@id":"https:\/\/www.chezcora.com\/histoire\/les-30-ans-de-la-crepe-avril-89\/"},"wordCount":207,"commentCount":0,"image":{"@id":"https:\/\/www.chezcora.com\/histoire\/les-30-ans-de-la-crepe-avril-89\/#primaryimage"},"thumbnailUrl":"https:\/\/e3b2rn3eqfa.exactdn.com\/wp-content\/uploads\/2021\/12\/27avril_Avril89Story-scale_max-1040x1040-1.jpg?strip=all","articleSection":["Histoire"],"inLanguage":"en-CA","potentialAction":[{"@type":"CommentAction","name":"Comment","target":["https:\/\/www.chezcora.com\/histoire\/les-30-ans-de-la-crepe-avril-89\/#respond"]}]},{"@type":"WebPage","@id":"https:\/\/www.chezcora.com\/histoire\/les-30-ans-de-la-crepe-avril-89\/","url":"https:\/\/www.chezcora.com\/histoire\/les-30-ans-de-la-crepe-avril-89\/","name":"Les 30 ans de la cr\u00eape Avril 89 &#8211; Cora D\u00e9jeuners et d\u00eeners","isPartOf":{"@id":"https:\/\/www.chezcora.com\/#website"},"primaryImageOfPage":{"@id":"https:\/\/www.chezcora.com\/histoire\/les-30-ans-de-la-crepe-avril-89\/#primaryimage"},"image":{"@id":"https:\/\/www.chezcora.com\/histoire\/les-30-ans-de-la-crepe-avril-89\/#primaryimage"},"thumbnailUrl":"https:\/\/e3b2rn3eqfa.exactdn.com\/wp-content\/uploads\/2021\/12\/27avril_Avril89Story-scale_max-1040x1040-1.jpg?strip=all","datePublished":"2019-04-17T04:00:00+00:00","dateModified":"2021-12-02T18:33:22+00:00","author":{"@id":"https:\/\/www.chezcora.com\/#\/schema\/person\/dcb5c62d3439ed922025241c5de42233"},"breadcrumb":{"@id":"https:\/\/www.chezcora.com\/histoire\/les-30-ans-de-la-crepe-avril-89\/#breadcrumb"},"inLanguage":"en-CA","potentialAction":[{"@type":"ReadAction","target":["https:\/\/www.chezcora.com\/histoire\/les-30-ans-de-la-crepe-avril-89\/"]}]},{"@type":"ImageObject","inLanguage":"en-CA","@id":"https:\/\/www.chezcora.com\/histoire\/les-30-ans-de-la-crepe-avril-89\/#primaryimage","url":"https:\/\/e3b2rn3eqfa.exactdn.com\/wp-content\/uploads\/2021\/12\/27avril_Avril89Story-scale_max-1040x1040-1.jpg?strip=all","contentUrl":"https:\/\/e3b2rn3eqfa.exactdn.com\/wp-content\/uploads\/2021\/12\/27avril_Avril89Story-scale_max-1040x1040-1.jpg?strip=all","width":1040,"height":592},{"@type":"BreadcrumbList","@id":"https:\/\/www.chezcora.com\/histoire\/les-30-ans-de-la-crepe-avril-89\/#breadcrumb","itemListElement":[{"@type":"ListItem","position":1,"name":"Histoire","item":"https:\/\/www.chezcora.com\/histoire\/"},{"@type":"ListItem","position":2,"name":"Les 30 ans de la cr\u00eape Avril 89"}]},{"@type":"WebSite","@id":"https:\/\/www.chezcora.com\/#website","url":"https:\/\/www.chezcora.com\/","name":"Cora Breakfast and Lunch","description":"D\u00e9jeuners spectaculaires livr\u00e9s \u00e0 votre domicile","potentialAction":[{"@type":"SearchAction","target":{"@type":"EntryPoint","urlTemplate":"https:\/\/www.chezcora.com\/?s={search_term_string}"},"query-input":{"@type":"PropertyValueSpecification","valueRequired":true,"valueName":"search_term_string"}}],"inLanguage":"en-CA"},{"@type":"Person","@id":"https:\/\/www.chezcora.com\/#\/schema\/person\/dcb5c62d3439ed922025241c5de42233","name":"Frederic","image":{"@type":"ImageObject","inLanguage":"en-CA","@id":"https:\/\/secure.gravatar.com\/avatar\/1082bab674d453fb78e24eb556b982941cd520a5fc55895a71fda0b2f8b39c70?s=96&d=mm&r=g","url":"https:\/\/secure.gravatar.com\/avatar\/1082bab674d453fb78e24eb556b982941cd520a5fc55895a71fda0b2f8b39c70?s=96&d=mm&r=g","contentUrl":"https:\/\/secure.gravatar.com\/avatar\/1082bab674d453fb78e24eb556b982941cd520a5fc55895a71fda0b2f8b39c70?s=96&d=mm&r=g","caption":"Frederic"}}]}},"_links":{"self":[{"href":"https:\/\/www.chezcora.com\/en\/wp-json\/wp\/v2\/posts\/1430","targetHints":{"allow":["GET"]}}],"collection":[{"href":"https:\/\/www.chezcora.com\/en\/wp-json\/wp\/v2\/posts"}],"about":[{"href":"https:\/\/www.chezcora.com\/en\/wp-json\/wp\/v2\/types\/post"}],"author":[{"embeddable":true,"href":"https:\/\/www.chezcora.com\/en\/wp-json\/wp\/v2\/users\/1"}],"replies":[{"embeddable":true,"href":"https:\/\/www.chezcora.com\/en\/wp-json\/wp\/v2\/comments?post=1430"}],"version-history":[{"count":0,"href":"https:\/\/www.chezcora.com\/en\/wp-json\/wp\/v2\/posts\/1430\/revisions"}],"wp:featuredmedia":[{"embeddable":true,"href":"https:\/\/www.chezcora.com\/en\/wp-json\/wp\/v2\/media\/1448"}],"wp:attachment":[{"href":"https:\/\/www.chezcora.com\/en\/wp-json\/wp\/v2\/media?parent=1430"}],"wp:term":[{"taxonomy":"category","embeddable":true,"href":"https:\/\/www.chezcora.com\/en\/wp-json\/wp\/v2\/categories?post=1430"},{"taxonomy":"post_tag","embeddable":true,"href":"https:\/\/www.chezcora.com\/en\/wp-json\/wp\/v2\/tags?post=1430"}],"curies":[{"name":"wp","href":"https:\/\/api.w.org\/{rel}","templated":true}]}}