{"id":1440,"date":"2015-09-23T00:00:00","date_gmt":"2015-09-23T04:00:00","guid":{"rendered":"https:\/\/www-new2022.chezcora.com\/?p=1440"},"modified":"2021-12-02T18:49:37","modified_gmt":"2021-12-02T23:49:37","slug":"une-etincelle-devenue-soleil","status":"publish","type":"post","link":"https:\/\/www.chezcora.com\/en\/histoire\/une-etincelle-devenue-soleil\/","title":{"rendered":"The spark that became a sun"},"content":{"rendered":"<p>Je me souviens du moment pr\u00e9cis o\u00f9 ma m\u00e8re a eu l\u2019\u00e9tincelle qui allait changer le cours de notre vie. C\u2019\u00e9tait sur le boulevard de la C\u00f4te-Vertu. Cette \u00e9tincelle est rapidement devenue un soleil qui a su illuminer 1 salle \u00e0 manger, puis 2 et bient\u00f4t 130, partout au Canada.<\/p>\n<p>Pour ma m\u00e8re, servir \u00e0 manger ne suffisait pas. \u00c0 une \u00e9poque o\u00f9 l\u2019on troquait l\u2019authenticit\u00e9 pour du vite fait,<br \/>\nelle a exig\u00e9 que chacun puisse retrouver le go\u00fbt d\u2019un bon d\u00e9jeuner pr\u00e9par\u00e9 avec des produits de premi\u00e8re qualit\u00e9. Et au-del\u00e0 du bon, il fallait du beau. Elle voulait des assiettes pleines de couleurs, remplies de cr\u00e9ativit\u00e9.<\/p>\n<p>Qui\u00a0aurait cru qu\u2019un petit casse-cro\u00fbte de 29 places, appel\u00e9\u00a0modestement Chez Cora, allait, un quart de si\u00e8cle plus\u00a0tard, servir plus de 250 000 d\u00e9jeuners chaque semaine?<\/p>\n<p>Pour rester authentique, il ne faut jamais oublier d\u2019o\u00f9 l\u2019on vient. Et, chaque matin, il y a toujours cette petite \u00e9tincelle\u00a0qui vient nous le rappeler.<\/p>\n<p><em>Nicholas Tsouflidis<\/em><br \/>\nPr\u00e9sident<\/p>","protected":false},"excerpt":{"rendered":"<p>Je me souviens du moment pr\u00e9cis o\u00f9 ma m\u00e8re a eu l\u2019\u00e9tincelle [&hellip;]<\/p>\n","protected":false},"author":1,"featured_media":1453,"comment_status":"open","ping_status":"open","sticky":false,"template":"","format":"standard","meta":{"_acf_changed":false,"footnotes":""},"categories":[42],"tags":[],"class_list":["post-1440","post","type-post","status-publish","format-standard","has-post-thumbnail","hentry","category-histoire"],"acf":[],"yoast_head":"<!-- This site is optimized with the Yoast SEO plugin v27.4 - https:\/\/yoast.com\/product\/yoast-seo-wordpress\/ -->\n<title>Une \u00e9tincelle devenue soleil &#8211; Cora D\u00e9jeuners et d\u00eeners<\/title>\n<meta name=\"robots\" content=\"index, follow, max-snippet:-1, max-image-preview:large, max-video-preview:-1\" \/>\n<link rel=\"canonical\" href=\"https:\/\/www.chezcora.com\/en\/history\/une-etincelle-devenue-soleil\/\" \/>\n<meta property=\"og:locale\" content=\"en_US\" \/>\n<meta property=\"og:type\" content=\"article\" \/>\n<meta property=\"og:title\" content=\"Une \u00e9tincelle devenue soleil &#8211; Cora D\u00e9jeuners et d\u00eeners\" \/>\n<meta property=\"og:description\" content=\"Je me souviens du moment pr\u00e9cis o\u00f9 ma m\u00e8re a eu l\u2019\u00e9tincelle [&hellip;]\" \/>\n<meta property=\"og:url\" content=\"https:\/\/www.chezcora.com\/en\/history\/une-etincelle-devenue-soleil\/\" \/>\n<meta property=\"og:site_name\" content=\"Cora D\u00e9jeuners et d\u00eeners\" \/>\n<meta property=\"article:publisher\" content=\"https:\/\/www.facebook.com\/corarestaurants\" \/>\n<meta property=\"article:published_time\" content=\"2015-09-23T04:00:00+00:00\" \/>\n<meta property=\"article:modified_time\" content=\"2021-12-02T23:49:37+00:00\" \/>\n<meta property=\"og:image\" content=\"https:\/\/e3b2rn3eqfa.exactdn.com\/wp-content\/uploads\/2021\/12\/MmeCora-scale_max-1040x1040-1.png?strip=all&lossy=0&ssl=1\" \/>\n\t<meta property=\"og:image:width\" content=\"1040\" \/>\n\t<meta property=\"og:image:height\" content=\"1040\" \/>\n\t<meta property=\"og:image:type\" content=\"image\/png\" \/>\n<meta name=\"author\" content=\"Frederic\" \/>\n<meta name=\"twitter:card\" content=\"summary_large_image\" \/>\n<meta name=\"twitter:creator\" content=\"@CoraRestaurants\" \/>\n<meta name=\"twitter:site\" content=\"@CoraRestaurants\" \/>\n<meta name=\"twitter:label1\" content=\"Written by\" \/>\n\t<meta name=\"twitter:data1\" content=\"Frederic\" \/>\n\t<meta name=\"twitter:label2\" content=\"Est. reading time\" \/>\n\t<meta name=\"twitter:data2\" content=\"1 minute\" \/>\n<script type=\"application\/ld+json\" class=\"yoast-schema-graph\">{\"@context\":\"https:\\\/\\\/schema.org\",\"@graph\":[{\"@type\":\"Article\",\"@id\":\"https:\\\/\\\/www.chezcora.com\\\/histoire\\\/une-etincelle-devenue-soleil\\\/#article\",\"isPartOf\":{\"@id\":\"https:\\\/\\\/www.chezcora.com\\\/histoire\\\/une-etincelle-devenue-soleil\\\/\"},\"author\":{\"name\":\"Frederic\",\"@id\":\"https:\\\/\\\/www.chezcora.com\\\/#\\\/schema\\\/person\\\/dcb5c62d3439ed922025241c5de42233\"},\"headline\":\"Une \u00e9tincelle devenue soleil\",\"datePublished\":\"2015-09-23T04:00:00+00:00\",\"dateModified\":\"2021-12-02T23:49:37+00:00\",\"mainEntityOfPage\":{\"@id\":\"https:\\\/\\\/www.chezcora.com\\\/histoire\\\/une-etincelle-devenue-soleil\\\/\"},\"wordCount\":181,\"commentCount\":0,\"image\":{\"@id\":\"https:\\\/\\\/www.chezcora.com\\\/histoire\\\/une-etincelle-devenue-soleil\\\/#primaryimage\"},\"thumbnailUrl\":\"https:\\\/\\\/e3b2rn3eqfa.exactdn.com\\\/wp-content\\\/uploads\\\/2021\\\/12\\\/MmeCora-scale_max-1040x1040-1.png?strip=all\",\"articleSection\":[\"Histoire\"],\"inLanguage\":\"en-CA\",\"potentialAction\":[{\"@type\":\"CommentAction\",\"name\":\"Comment\",\"target\":[\"https:\\\/\\\/www.chezcora.com\\\/histoire\\\/une-etincelle-devenue-soleil\\\/#respond\"]}]},{\"@type\":\"WebPage\",\"@id\":\"https:\\\/\\\/www.chezcora.com\\\/histoire\\\/une-etincelle-devenue-soleil\\\/\",\"url\":\"https:\\\/\\\/www.chezcora.com\\\/histoire\\\/une-etincelle-devenue-soleil\\\/\",\"name\":\"Une \u00e9tincelle devenue soleil &#8211; Cora D\u00e9jeuners et d\u00eeners\",\"isPartOf\":{\"@id\":\"https:\\\/\\\/www.chezcora.com\\\/#website\"},\"primaryImageOfPage\":{\"@id\":\"https:\\\/\\\/www.chezcora.com\\\/histoire\\\/une-etincelle-devenue-soleil\\\/#primaryimage\"},\"image\":{\"@id\":\"https:\\\/\\\/www.chezcora.com\\\/histoire\\\/une-etincelle-devenue-soleil\\\/#primaryimage\"},\"thumbnailUrl\":\"https:\\\/\\\/e3b2rn3eqfa.exactdn.com\\\/wp-content\\\/uploads\\\/2021\\\/12\\\/MmeCora-scale_max-1040x1040-1.png?strip=all\",\"datePublished\":\"2015-09-23T04:00:00+00:00\",\"dateModified\":\"2021-12-02T23:49:37+00:00\",\"author\":{\"@id\":\"https:\\\/\\\/www.chezcora.com\\\/#\\\/schema\\\/person\\\/dcb5c62d3439ed922025241c5de42233\"},\"breadcrumb\":{\"@id\":\"https:\\\/\\\/www.chezcora.com\\\/histoire\\\/une-etincelle-devenue-soleil\\\/#breadcrumb\"},\"inLanguage\":\"en-CA\",\"potentialAction\":[{\"@type\":\"ReadAction\",\"target\":[\"https:\\\/\\\/www.chezcora.com\\\/histoire\\\/une-etincelle-devenue-soleil\\\/\"]}]},{\"@type\":\"ImageObject\",\"inLanguage\":\"en-CA\",\"@id\":\"https:\\\/\\\/www.chezcora.com\\\/histoire\\\/une-etincelle-devenue-soleil\\\/#primaryimage\",\"url\":\"https:\\\/\\\/e3b2rn3eqfa.exactdn.com\\\/wp-content\\\/uploads\\\/2021\\\/12\\\/MmeCora-scale_max-1040x1040-1.png?strip=all\",\"contentUrl\":\"https:\\\/\\\/e3b2rn3eqfa.exactdn.com\\\/wp-content\\\/uploads\\\/2021\\\/12\\\/MmeCora-scale_max-1040x1040-1.png?strip=all\",\"width\":1040,\"height\":1040},{\"@type\":\"BreadcrumbList\",\"@id\":\"https:\\\/\\\/www.chezcora.com\\\/histoire\\\/une-etincelle-devenue-soleil\\\/#breadcrumb\",\"itemListElement\":[{\"@type\":\"ListItem\",\"position\":1,\"name\":\"Histoire\",\"item\":\"https:\\\/\\\/www.chezcora.com\\\/histoire\\\/\"},{\"@type\":\"ListItem\",\"position\":2,\"name\":\"Une \u00e9tincelle devenue soleil\"}]},{\"@type\":\"WebSite\",\"@id\":\"https:\\\/\\\/www.chezcora.com\\\/#website\",\"url\":\"https:\\\/\\\/www.chezcora.com\\\/\",\"name\":\"Cora D\u00e9jeuners et d\u00eeners\",\"description\":\"D\u00e9jeuners spectaculaires livr\u00e9s \u00e0 votre domicile\",\"potentialAction\":[{\"@type\":\"SearchAction\",\"target\":{\"@type\":\"EntryPoint\",\"urlTemplate\":\"https:\\\/\\\/www.chezcora.com\\\/?s={search_term_string}\"},\"query-input\":{\"@type\":\"PropertyValueSpecification\",\"valueRequired\":true,\"valueName\":\"search_term_string\"}}],\"inLanguage\":\"en-CA\"},{\"@type\":\"Person\",\"@id\":\"https:\\\/\\\/www.chezcora.com\\\/#\\\/schema\\\/person\\\/dcb5c62d3439ed922025241c5de42233\",\"name\":\"Frederic\",\"image\":{\"@type\":\"ImageObject\",\"inLanguage\":\"en-CA\",\"@id\":\"https:\\\/\\\/secure.gravatar.com\\\/avatar\\\/1082bab674d453fb78e24eb556b982941cd520a5fc55895a71fda0b2f8b39c70?s=96&d=mm&r=g\",\"url\":\"https:\\\/\\\/secure.gravatar.com\\\/avatar\\\/1082bab674d453fb78e24eb556b982941cd520a5fc55895a71fda0b2f8b39c70?s=96&d=mm&r=g\",\"contentUrl\":\"https:\\\/\\\/secure.gravatar.com\\\/avatar\\\/1082bab674d453fb78e24eb556b982941cd520a5fc55895a71fda0b2f8b39c70?s=96&d=mm&r=g\",\"caption\":\"Frederic\"}}]}<\/script>\n<!-- \/ Yoast SEO plugin. -->","yoast_head_json":{"title":"Une \u00e9tincelle devenue soleil &#8211; Cora D\u00e9jeuners et d\u00eeners","robots":{"index":"index","follow":"follow","max-snippet":"max-snippet:-1","max-image-preview":"max-image-preview:large","max-video-preview":"max-video-preview:-1"},"canonical":"https:\/\/www.chezcora.com\/en\/history\/une-etincelle-devenue-soleil\/","og_locale":"en_US","og_type":"article","og_title":"Une \u00e9tincelle devenue soleil &#8211; Cora D\u00e9jeuners et d\u00eeners","og_description":"Je me souviens du moment pr\u00e9cis o\u00f9 ma m\u00e8re a eu l\u2019\u00e9tincelle [&hellip;]","og_url":"https:\/\/www.chezcora.com\/en\/history\/une-etincelle-devenue-soleil\/","og_site_name":"Cora D\u00e9jeuners et d\u00eeners","article_publisher":"https:\/\/www.facebook.com\/corarestaurants","article_published_time":"2015-09-23T04:00:00+00:00","article_modified_time":"2021-12-02T23:49:37+00:00","og_image":[{"width":1040,"height":1040,"url":"https:\/\/e3b2rn3eqfa.exactdn.com\/wp-content\/uploads\/2021\/12\/MmeCora-scale_max-1040x1040-1.png?strip=all&lossy=0&ssl=1","type":"image\/png"}],"author":"Frederic","twitter_card":"summary_large_image","twitter_creator":"@CoraRestaurants","twitter_site":"@CoraRestaurants","twitter_misc":{"Written by":"Frederic","Est. reading time":"1 minute"},"schema":{"@context":"https:\/\/schema.org","@graph":[{"@type":"Article","@id":"https:\/\/www.chezcora.com\/histoire\/une-etincelle-devenue-soleil\/#article","isPartOf":{"@id":"https:\/\/www.chezcora.com\/histoire\/une-etincelle-devenue-soleil\/"},"author":{"name":"Frederic","@id":"https:\/\/www.chezcora.com\/#\/schema\/person\/dcb5c62d3439ed922025241c5de42233"},"headline":"Une \u00e9tincelle devenue soleil","datePublished":"2015-09-23T04:00:00+00:00","dateModified":"2021-12-02T23:49:37+00:00","mainEntityOfPage":{"@id":"https:\/\/www.chezcora.com\/histoire\/une-etincelle-devenue-soleil\/"},"wordCount":181,"commentCount":0,"image":{"@id":"https:\/\/www.chezcora.com\/histoire\/une-etincelle-devenue-soleil\/#primaryimage"},"thumbnailUrl":"https:\/\/e3b2rn3eqfa.exactdn.com\/wp-content\/uploads\/2021\/12\/MmeCora-scale_max-1040x1040-1.png?strip=all","articleSection":["Histoire"],"inLanguage":"en-CA","potentialAction":[{"@type":"CommentAction","name":"Comment","target":["https:\/\/www.chezcora.com\/histoire\/une-etincelle-devenue-soleil\/#respond"]}]},{"@type":"WebPage","@id":"https:\/\/www.chezcora.com\/histoire\/une-etincelle-devenue-soleil\/","url":"https:\/\/www.chezcora.com\/histoire\/une-etincelle-devenue-soleil\/","name":"Une \u00e9tincelle devenue soleil &#8211; Cora D\u00e9jeuners et d\u00eeners","isPartOf":{"@id":"https:\/\/www.chezcora.com\/#website"},"primaryImageOfPage":{"@id":"https:\/\/www.chezcora.com\/histoire\/une-etincelle-devenue-soleil\/#primaryimage"},"image":{"@id":"https:\/\/www.chezcora.com\/histoire\/une-etincelle-devenue-soleil\/#primaryimage"},"thumbnailUrl":"https:\/\/e3b2rn3eqfa.exactdn.com\/wp-content\/uploads\/2021\/12\/MmeCora-scale_max-1040x1040-1.png?strip=all","datePublished":"2015-09-23T04:00:00+00:00","dateModified":"2021-12-02T23:49:37+00:00","author":{"@id":"https:\/\/www.chezcora.com\/#\/schema\/person\/dcb5c62d3439ed922025241c5de42233"},"breadcrumb":{"@id":"https:\/\/www.chezcora.com\/histoire\/une-etincelle-devenue-soleil\/#breadcrumb"},"inLanguage":"en-CA","potentialAction":[{"@type":"ReadAction","target":["https:\/\/www.chezcora.com\/histoire\/une-etincelle-devenue-soleil\/"]}]},{"@type":"ImageObject","inLanguage":"en-CA","@id":"https:\/\/www.chezcora.com\/histoire\/une-etincelle-devenue-soleil\/#primaryimage","url":"https:\/\/e3b2rn3eqfa.exactdn.com\/wp-content\/uploads\/2021\/12\/MmeCora-scale_max-1040x1040-1.png?strip=all","contentUrl":"https:\/\/e3b2rn3eqfa.exactdn.com\/wp-content\/uploads\/2021\/12\/MmeCora-scale_max-1040x1040-1.png?strip=all","width":1040,"height":1040},{"@type":"BreadcrumbList","@id":"https:\/\/www.chezcora.com\/histoire\/une-etincelle-devenue-soleil\/#breadcrumb","itemListElement":[{"@type":"ListItem","position":1,"name":"Histoire","item":"https:\/\/www.chezcora.com\/histoire\/"},{"@type":"ListItem","position":2,"name":"Une \u00e9tincelle devenue soleil"}]},{"@type":"WebSite","@id":"https:\/\/www.chezcora.com\/#website","url":"https:\/\/www.chezcora.com\/","name":"Cora Breakfast and Lunch","description":"D\u00e9jeuners spectaculaires livr\u00e9s \u00e0 votre domicile","potentialAction":[{"@type":"SearchAction","target":{"@type":"EntryPoint","urlTemplate":"https:\/\/www.chezcora.com\/?s={search_term_string}"},"query-input":{"@type":"PropertyValueSpecification","valueRequired":true,"valueName":"search_term_string"}}],"inLanguage":"en-CA"},{"@type":"Person","@id":"https:\/\/www.chezcora.com\/#\/schema\/person\/dcb5c62d3439ed922025241c5de42233","name":"Frederic","image":{"@type":"ImageObject","inLanguage":"en-CA","@id":"https:\/\/secure.gravatar.com\/avatar\/1082bab674d453fb78e24eb556b982941cd520a5fc55895a71fda0b2f8b39c70?s=96&d=mm&r=g","url":"https:\/\/secure.gravatar.com\/avatar\/1082bab674d453fb78e24eb556b982941cd520a5fc55895a71fda0b2f8b39c70?s=96&d=mm&r=g","contentUrl":"https:\/\/secure.gravatar.com\/avatar\/1082bab674d453fb78e24eb556b982941cd520a5fc55895a71fda0b2f8b39c70?s=96&d=mm&r=g","caption":"Frederic"}}]}},"_links":{"self":[{"href":"https:\/\/www.chezcora.com\/en\/wp-json\/wp\/v2\/posts\/1440","targetHints":{"allow":["GET"]}}],"collection":[{"href":"https:\/\/www.chezcora.com\/en\/wp-json\/wp\/v2\/posts"}],"about":[{"href":"https:\/\/www.chezcora.com\/en\/wp-json\/wp\/v2\/types\/post"}],"author":[{"embeddable":true,"href":"https:\/\/www.chezcora.com\/en\/wp-json\/wp\/v2\/users\/1"}],"replies":[{"embeddable":true,"href":"https:\/\/www.chezcora.com\/en\/wp-json\/wp\/v2\/comments?post=1440"}],"version-history":[{"count":0,"href":"https:\/\/www.chezcora.com\/en\/wp-json\/wp\/v2\/posts\/1440\/revisions"}],"wp:featuredmedia":[{"embeddable":true,"href":"https:\/\/www.chezcora.com\/en\/wp-json\/wp\/v2\/media\/1453"}],"wp:attachment":[{"href":"https:\/\/www.chezcora.com\/en\/wp-json\/wp\/v2\/media?parent=1440"}],"wp:term":[{"taxonomy":"category","embeddable":true,"href":"https:\/\/www.chezcora.com\/en\/wp-json\/wp\/v2\/categories?post=1440"},{"taxonomy":"post_tag","embeddable":true,"href":"https:\/\/www.chezcora.com\/en\/wp-json\/wp\/v2\/tags?post=1440"}],"curies":[{"name":"wp","href":"https:\/\/api.w.org\/{rel}","templated":true}]}}