{"id":16621,"date":"2023-02-10T08:54:10","date_gmt":"2023-02-10T13:54:10","guid":{"rendered":"https:\/\/www.chezcora.com\/?p=16621"},"modified":"2023-02-10T08:54:10","modified_gmt":"2023-02-10T13:54:10","slug":"a-dreary-saturday","status":"publish","type":"post","link":"https:\/\/www.chezcora.com\/en\/lettre-mme-cora\/un-samedi-tristounet\/","title":{"rendered":"A dreary Saturday"},"content":{"rendered":"<p>7 h 32 au caf\u00e9 du village<br \/>\nOn dirait, ce matin, que la neige a mang\u00e9 un coup de poing en plein visage. Noir de boue, le stationnement du caf\u00e9 ressemble \u00e0 l\u2019enflure noiraude d\u2019un visage massacr\u00e9. M\u00eame nous, les gentils premiers clients, avons tachet\u00e9 le plancher en ciment gris p\u00e2le du caf\u00e9. Dehors, la froidure faiblit, le balcon d\u00e9go\u00fbte \u00e0 gros bouillons et les immenses gla\u00e7ons, soud\u00e9s aux corniches ext\u00e9rieures du b\u00e2timent, plongent dans le vide. <\/p>\n<p>Confront\u00e9s de plus en plus souvent aux \u00e9nigmatiques incertitudes climatiques, seuls mes yeux semblent retenir leurs larmes. Et pourtant! La page B6 du journal LE DEVOIR du 14 et 15 janvier de ce d\u00e9but de Nouvel An affiche 12 photos d\u2019avis de d\u00e9c\u00e8s : huit hommes et quatre femmes. D\u2019habitude, il en montre quatre ou six. Je suis toujours surprise et quasi heureuse de constater que les trois-quarts des morts sont plus vieux que moi.<\/p>\n<p>Chaque samedi matin, je fais le plein d\u2019essence au Couche-Tard du village et j\u2019ach\u00e8te les journaux du week-end. Je les \u00e9pluche consciencieusement : les nouvelles internationales, la guerre en Ukraine, le devoir de PHILO, la situation dans les h\u00f4pitaux, l\u2019encart PLAISIRS, la section LIRE, VOIR ET CULTURE ainsi que la p\u00e9nible section AVIS DE D\u00c9C\u00c8S.<\/p>\n<p>L\u2019\u00e2ge des morts m\u2019int\u00e9resse au plus haut point. Je lis la courte biographie de chacun d\u2019entre eux et je cumule les statistiques qui m\u2019int\u00e9ressent. L\u2019ann\u00e9e de naissance, l\u2019\u00e2ge de la mort, l\u2019\u00e9tat matrimonial, l\u2019emploi dominant et l\u2019endroit de la mort. Quelques fois, je pleure de peur parce que les morts sont tr\u00e8s pr\u00e8s de mon \u00e2ge, et assez souvent, je me r\u00e9jouis parce qu\u2019ils sont beaucoup plus vieux que je ne le suis.<br \/>\nAinsi, aujourd\u2019hui sont affich\u00e9es quatre femmes dont l\u2019\u00e2ge du d\u00e9c\u00e8s est 77, 85, 95 et 99 ans. Et 8 hommes d\u00e9c\u00e9d\u00e9s \u00e0 73, 75, 80, 83, 88, 93, 96 et 99 ans. \u00c7a ne veut certainement pas dire que plus d\u2019hommes que de femmes meurent, ni que j\u2019aie encore 24 belles ann\u00e9es \u00e0 vivre.<\/p>\n<p>L\u2019importante question est peut-\u00eatre de savoir si l\u2019homme s\u2019use plus rapidement que la femme. Y avez-vous d\u00e9j\u00e0 pens\u00e9?<br \/>\n\u2014 \u00ab GOOGLE, aide-moi \u00bb. Et la machine de r\u00e9pondre vitement : \u00ab Selon le magazine QU\u00c9BEC SCIENCE, fond\u00e9 en 1962, au Qu\u00e9bec, l\u2019esp\u00e9rance de vie \u00e0 la naissance est de 80,6 ans chez les hommes et de 85,5 ans chez les femmes. Personne ne s\u2019en \u00e9meut, puisque c\u2019est comme \u00e7a dans toutes les soci\u00e9t\u00e9s du monde, \u00e0 divers degr\u00e9s et m\u00eame chez beaucoup d\u2019autres mammif\u00e8res. Et patati et patata. \u00c0 ce qu\u2019il para\u00eet, les \u201cstructures microscopiques\u201d qui fournissent l\u2019\u00e9nergie \u00e0 nos cellules sont mieux adapt\u00e9es aux femelles. Ainsi, c\u2019est la m\u00e8re qui l\u00e8gue ces structures \u00e0 sa prog\u00e9niture, et une fonction de la s\u00e9lection naturelle ajuste par la suite cesdites structures au m\u00e9tabolisme f\u00e9minin, au d\u00e9triment des m\u00e2les \u00bb.<br \/>\n\u2014 OUACHE!<\/p>\n<p>Je me demande ce qu\u2019en dirait ma petite-fille (21 ans) qui termine ses \u00e9tudes universitaires au printemps. Je sais qu\u2019elle envisage d\u2019aller plus loin dans sa connaissance de l\u2019humain et je vais lui parler de cet \u00e9pineux sujet. <\/p>\n<p>\u00c0 travers la \u00ab bay window \u00bb, je d\u00e9visage un soleil printanier qui essaie de nous leurrer; de nous faire accroire que demain, les pissenlits envahiront nos plates-bandes. En sortant, je constate que tout le stationnement est rempli d\u2019automobiles et de skieurs de fond qui s\u2019empressent de rejoindre, derri\u00e8re le caf\u00e9, la piste cyclable encore passablement enneig\u00e9e. Je me r\u00e9jouis d\u2019admirer tous ces faci\u00e8s de sportifs bienheureux. J\u2019ai chauss\u00e9 des skis une seule fois dans ma vie et j\u2019en ai perdu un dans ma troisi\u00e8me descente. Ce fut donc pour moi la fin de ce plaisir hivernal. La vie tourna la page. <\/p>\n<p>Midi<br \/>\nJ\u2019ai toujours un peu faim apr\u00e8s un avant-midi d\u2019\u00e9criture, surtout qu\u2019hier soir j\u2019ai presque je\u00fbn\u00e9 en me contentant de d\u00e9geler un restant de soupe \u00ab dinde et petites nouilles \u00bb. Il faut quand m\u00eame accommoder les restes de l\u2019oiseau de No\u00ebl.<\/p>\n<p>Nous \u00e9tions 22 attabl\u00e9s comme des ogres autour de deux longues tables about\u00e9es ensemble et plac\u00e9es de travers dans mon immense cuisine. Ma grande fille se porta volontaire pour \u00e9taler toute la nourriture de circonstance sur les comptoirs, le chaud sur le po\u00eale \u00e0 huit ronds avec les tourti\u00e8res ronronnant dans le four et les boulettes mijotant dans le rago\u00fbt. Quelle extraordinaire b\u00e9n\u00e9diction que nous soyons enfin revenus \u00e0 notre habituel r\u00e9veillon!<\/p>\n<p>Nous ne sommes pas des gens qui f\u00eatent \u00e0 tout bout de champ, mais No\u00ebl doit redevenir, je l\u2019esp\u00e8re, un rassemblement immanquable.<\/p>\n<p>Cora<br \/>\n\u2764<\/p>","protected":false},"excerpt":{"rendered":"<p>7 h 32 au caf\u00e9 du village On dirait, ce matin, que [&hellip;]<\/p>\n","protected":false},"author":414,"featured_media":16622,"comment_status":"open","ping_status":"open","sticky":false,"template":"","format":"standard","meta":{"_acf_changed":false,"footnotes":""},"categories":[32],"tags":[],"class_list":["post-16621","post","type-post","status-publish","format-standard","has-post-thumbnail","hentry","category-lettre-mme-cora"],"acf":[],"yoast_head":"<!-- This site is optimized with the Yoast SEO plugin v27.4 - https:\/\/yoast.com\/product\/yoast-seo-wordpress\/ -->\n<title>Un samedi tristounet &#8211; Cora D\u00e9jeuners et d\u00eeners<\/title>\n<meta name=\"robots\" content=\"index, follow, max-snippet:-1, max-image-preview:large, max-video-preview:-1\" \/>\n<link rel=\"canonical\" href=\"https:\/\/www.chezcora.com\/en\/mme-coras-letter\/a-dreary-saturday\/\" \/>\n<meta property=\"og:locale\" content=\"en_US\" \/>\n<meta property=\"og:type\" content=\"article\" \/>\n<meta property=\"og:title\" content=\"Un samedi tristounet &#8211; Cora D\u00e9jeuners et d\u00eeners\" \/>\n<meta property=\"og:description\" content=\"7 h 32 au caf\u00e9 du village On dirait, ce matin, que [&hellip;]\" \/>\n<meta property=\"og:url\" content=\"https:\/\/www.chezcora.com\/en\/mme-coras-letter\/a-dreary-saturday\/\" \/>\n<meta property=\"og:site_name\" content=\"Cora D\u00e9jeuners et d\u00eeners\" \/>\n<meta property=\"article:publisher\" content=\"https:\/\/www.facebook.com\/corarestaurants\" \/>\n<meta property=\"article:published_time\" content=\"2023-02-10T13:54:10+00:00\" \/>\n<meta property=\"og:image\" content=\"https:\/\/www.chezcora.com\/wp-content\/uploads\/2023\/02\/12-fevrier_Un-samedi-tristounet_blanc_1025.jpg\" \/>\n\t<meta property=\"og:image:width\" content=\"1025\" \/>\n\t<meta property=\"og:image:height\" content=\"1025\" \/>\n\t<meta property=\"og:image:type\" content=\"image\/jpeg\" \/>\n<meta name=\"author\" content=\"Isabel P. Picard\" \/>\n<meta name=\"twitter:card\" content=\"summary_large_image\" \/>\n<meta name=\"twitter:creator\" content=\"@CoraRestaurants\" \/>\n<meta name=\"twitter:site\" content=\"@CoraRestaurants\" \/>\n<meta name=\"twitter:label1\" content=\"Written by\" \/>\n\t<meta name=\"twitter:data1\" content=\"Isabel P. Picard\" \/>\n\t<meta name=\"twitter:label2\" content=\"Est. reading time\" \/>\n\t<meta name=\"twitter:data2\" content=\"4 minutes\" \/>\n<script type=\"application\/ld+json\" class=\"yoast-schema-graph\">{\"@context\":\"https:\\\/\\\/schema.org\",\"@graph\":[{\"@type\":\"Article\",\"@id\":\"https:\\\/\\\/www.chezcora.com\\\/lettre-mme-cora\\\/un-samedi-tristounet\\\/#article\",\"isPartOf\":{\"@id\":\"https:\\\/\\\/www.chezcora.com\\\/lettre-mme-cora\\\/un-samedi-tristounet\\\/\"},\"author\":{\"name\":\"Isabel P. Picard\",\"@id\":\"https:\\\/\\\/www.chezcora.com\\\/#\\\/schema\\\/person\\\/88e2042ed1147c57ae662ff786f967a3\"},\"headline\":\"Un samedi tristounet\",\"datePublished\":\"2023-02-10T13:54:10+00:00\",\"mainEntityOfPage\":{\"@id\":\"https:\\\/\\\/www.chezcora.com\\\/lettre-mme-cora\\\/un-samedi-tristounet\\\/\"},\"wordCount\":824,\"commentCount\":0,\"image\":{\"@id\":\"https:\\\/\\\/www.chezcora.com\\\/lettre-mme-cora\\\/un-samedi-tristounet\\\/#primaryimage\"},\"thumbnailUrl\":\"https:\\\/\\\/e3b2rn3eqfa.exactdn.com\\\/wp-content\\\/uploads\\\/2023\\\/02\\\/12-fevrier_Un-samedi-tristounet_blanc_1025.jpg?strip=all\",\"articleSection\":[\"Lettre Mme Cora\"],\"inLanguage\":\"en-CA\",\"potentialAction\":[{\"@type\":\"CommentAction\",\"name\":\"Comment\",\"target\":[\"https:\\\/\\\/www.chezcora.com\\\/lettre-mme-cora\\\/un-samedi-tristounet\\\/#respond\"]}]},{\"@type\":\"WebPage\",\"@id\":\"https:\\\/\\\/www.chezcora.com\\\/lettre-mme-cora\\\/un-samedi-tristounet\\\/\",\"url\":\"https:\\\/\\\/www.chezcora.com\\\/lettre-mme-cora\\\/un-samedi-tristounet\\\/\",\"name\":\"Un samedi tristounet &#8211; Cora D\u00e9jeuners et d\u00eeners\",\"isPartOf\":{\"@id\":\"https:\\\/\\\/www.chezcora.com\\\/#website\"},\"primaryImageOfPage\":{\"@id\":\"https:\\\/\\\/www.chezcora.com\\\/lettre-mme-cora\\\/un-samedi-tristounet\\\/#primaryimage\"},\"image\":{\"@id\":\"https:\\\/\\\/www.chezcora.com\\\/lettre-mme-cora\\\/un-samedi-tristounet\\\/#primaryimage\"},\"thumbnailUrl\":\"https:\\\/\\\/e3b2rn3eqfa.exactdn.com\\\/wp-content\\\/uploads\\\/2023\\\/02\\\/12-fevrier_Un-samedi-tristounet_blanc_1025.jpg?strip=all\",\"datePublished\":\"2023-02-10T13:54:10+00:00\",\"author\":{\"@id\":\"https:\\\/\\\/www.chezcora.com\\\/#\\\/schema\\\/person\\\/88e2042ed1147c57ae662ff786f967a3\"},\"breadcrumb\":{\"@id\":\"https:\\\/\\\/www.chezcora.com\\\/lettre-mme-cora\\\/un-samedi-tristounet\\\/#breadcrumb\"},\"inLanguage\":\"en-CA\",\"potentialAction\":[{\"@type\":\"ReadAction\",\"target\":[\"https:\\\/\\\/www.chezcora.com\\\/lettre-mme-cora\\\/un-samedi-tristounet\\\/\"]}]},{\"@type\":\"ImageObject\",\"inLanguage\":\"en-CA\",\"@id\":\"https:\\\/\\\/www.chezcora.com\\\/lettre-mme-cora\\\/un-samedi-tristounet\\\/#primaryimage\",\"url\":\"https:\\\/\\\/e3b2rn3eqfa.exactdn.com\\\/wp-content\\\/uploads\\\/2023\\\/02\\\/12-fevrier_Un-samedi-tristounet_blanc_1025.jpg?strip=all\",\"contentUrl\":\"https:\\\/\\\/e3b2rn3eqfa.exactdn.com\\\/wp-content\\\/uploads\\\/2023\\\/02\\\/12-fevrier_Un-samedi-tristounet_blanc_1025.jpg?strip=all\",\"width\":1025,\"height\":1025},{\"@type\":\"BreadcrumbList\",\"@id\":\"https:\\\/\\\/www.chezcora.com\\\/lettre-mme-cora\\\/un-samedi-tristounet\\\/#breadcrumb\",\"itemListElement\":[{\"@type\":\"ListItem\",\"position\":1,\"name\":\"Lettre Mme Cora\",\"item\":\"https:\\\/\\\/www.chezcora.com\\\/lettre-mme-cora\\\/\"},{\"@type\":\"ListItem\",\"position\":2,\"name\":\"Un samedi tristounet\"}]},{\"@type\":\"WebSite\",\"@id\":\"https:\\\/\\\/www.chezcora.com\\\/#website\",\"url\":\"https:\\\/\\\/www.chezcora.com\\\/\",\"name\":\"Cora D\u00e9jeuners et d\u00eeners\",\"description\":\"D\u00e9jeuners spectaculaires livr\u00e9s \u00e0 votre domicile\",\"potentialAction\":[{\"@type\":\"SearchAction\",\"target\":{\"@type\":\"EntryPoint\",\"urlTemplate\":\"https:\\\/\\\/www.chezcora.com\\\/?s={search_term_string}\"},\"query-input\":{\"@type\":\"PropertyValueSpecification\",\"valueRequired\":true,\"valueName\":\"search_term_string\"}}],\"inLanguage\":\"en-CA\"},{\"@type\":\"Person\",\"@id\":\"https:\\\/\\\/www.chezcora.com\\\/#\\\/schema\\\/person\\\/88e2042ed1147c57ae662ff786f967a3\",\"name\":\"Isabel P. Picard\",\"image\":{\"@type\":\"ImageObject\",\"inLanguage\":\"en-CA\",\"@id\":\"https:\\\/\\\/secure.gravatar.com\\\/avatar\\\/d9b7dd76d8858b218ed5ff8164b843efdac8c0ab35ed48ce74bd4b45a2a5ee07?s=96&d=mm&r=g\",\"url\":\"https:\\\/\\\/secure.gravatar.com\\\/avatar\\\/d9b7dd76d8858b218ed5ff8164b843efdac8c0ab35ed48ce74bd4b45a2a5ee07?s=96&d=mm&r=g\",\"contentUrl\":\"https:\\\/\\\/secure.gravatar.com\\\/avatar\\\/d9b7dd76d8858b218ed5ff8164b843efdac8c0ab35ed48ce74bd4b45a2a5ee07?s=96&d=mm&r=g\",\"caption\":\"Isabel P. Picard\"}}]}<\/script>\n<!-- \/ Yoast SEO plugin. -->","yoast_head_json":{"title":"Un samedi tristounet &#8211; Cora D\u00e9jeuners et d\u00eeners","robots":{"index":"index","follow":"follow","max-snippet":"max-snippet:-1","max-image-preview":"max-image-preview:large","max-video-preview":"max-video-preview:-1"},"canonical":"https:\/\/www.chezcora.com\/en\/mme-coras-letter\/a-dreary-saturday\/","og_locale":"en_US","og_type":"article","og_title":"Un samedi tristounet &#8211; Cora D\u00e9jeuners et d\u00eeners","og_description":"7 h 32 au caf\u00e9 du village On dirait, ce matin, que [&hellip;]","og_url":"https:\/\/www.chezcora.com\/en\/mme-coras-letter\/a-dreary-saturday\/","og_site_name":"Cora D\u00e9jeuners et d\u00eeners","article_publisher":"https:\/\/www.facebook.com\/corarestaurants","article_published_time":"2023-02-10T13:54:10+00:00","og_image":[{"width":1025,"height":1025,"url":"https:\/\/www.chezcora.com\/wp-content\/uploads\/2023\/02\/12-fevrier_Un-samedi-tristounet_blanc_1025.jpg","type":"image\/jpeg"}],"author":"Isabel P. Picard","twitter_card":"summary_large_image","twitter_creator":"@CoraRestaurants","twitter_site":"@CoraRestaurants","twitter_misc":{"Written by":"Isabel P. Picard","Est. reading time":"4 minutes"},"schema":{"@context":"https:\/\/schema.org","@graph":[{"@type":"Article","@id":"https:\/\/www.chezcora.com\/lettre-mme-cora\/un-samedi-tristounet\/#article","isPartOf":{"@id":"https:\/\/www.chezcora.com\/lettre-mme-cora\/un-samedi-tristounet\/"},"author":{"name":"Isabel P. Picard","@id":"https:\/\/www.chezcora.com\/#\/schema\/person\/88e2042ed1147c57ae662ff786f967a3"},"headline":"Un samedi tristounet","datePublished":"2023-02-10T13:54:10+00:00","mainEntityOfPage":{"@id":"https:\/\/www.chezcora.com\/lettre-mme-cora\/un-samedi-tristounet\/"},"wordCount":824,"commentCount":0,"image":{"@id":"https:\/\/www.chezcora.com\/lettre-mme-cora\/un-samedi-tristounet\/#primaryimage"},"thumbnailUrl":"https:\/\/e3b2rn3eqfa.exactdn.com\/wp-content\/uploads\/2023\/02\/12-fevrier_Un-samedi-tristounet_blanc_1025.jpg?strip=all","articleSection":["Lettre Mme Cora"],"inLanguage":"en-CA","potentialAction":[{"@type":"CommentAction","name":"Comment","target":["https:\/\/www.chezcora.com\/lettre-mme-cora\/un-samedi-tristounet\/#respond"]}]},{"@type":"WebPage","@id":"https:\/\/www.chezcora.com\/lettre-mme-cora\/un-samedi-tristounet\/","url":"https:\/\/www.chezcora.com\/lettre-mme-cora\/un-samedi-tristounet\/","name":"Un samedi tristounet &#8211; Cora D\u00e9jeuners et d\u00eeners","isPartOf":{"@id":"https:\/\/www.chezcora.com\/#website"},"primaryImageOfPage":{"@id":"https:\/\/www.chezcora.com\/lettre-mme-cora\/un-samedi-tristounet\/#primaryimage"},"image":{"@id":"https:\/\/www.chezcora.com\/lettre-mme-cora\/un-samedi-tristounet\/#primaryimage"},"thumbnailUrl":"https:\/\/e3b2rn3eqfa.exactdn.com\/wp-content\/uploads\/2023\/02\/12-fevrier_Un-samedi-tristounet_blanc_1025.jpg?strip=all","datePublished":"2023-02-10T13:54:10+00:00","author":{"@id":"https:\/\/www.chezcora.com\/#\/schema\/person\/88e2042ed1147c57ae662ff786f967a3"},"breadcrumb":{"@id":"https:\/\/www.chezcora.com\/lettre-mme-cora\/un-samedi-tristounet\/#breadcrumb"},"inLanguage":"en-CA","potentialAction":[{"@type":"ReadAction","target":["https:\/\/www.chezcora.com\/lettre-mme-cora\/un-samedi-tristounet\/"]}]},{"@type":"ImageObject","inLanguage":"en-CA","@id":"https:\/\/www.chezcora.com\/lettre-mme-cora\/un-samedi-tristounet\/#primaryimage","url":"https:\/\/e3b2rn3eqfa.exactdn.com\/wp-content\/uploads\/2023\/02\/12-fevrier_Un-samedi-tristounet_blanc_1025.jpg?strip=all","contentUrl":"https:\/\/e3b2rn3eqfa.exactdn.com\/wp-content\/uploads\/2023\/02\/12-fevrier_Un-samedi-tristounet_blanc_1025.jpg?strip=all","width":1025,"height":1025},{"@type":"BreadcrumbList","@id":"https:\/\/www.chezcora.com\/lettre-mme-cora\/un-samedi-tristounet\/#breadcrumb","itemListElement":[{"@type":"ListItem","position":1,"name":"Lettre Mme Cora","item":"https:\/\/www.chezcora.com\/lettre-mme-cora\/"},{"@type":"ListItem","position":2,"name":"Un samedi tristounet"}]},{"@type":"WebSite","@id":"https:\/\/www.chezcora.com\/#website","url":"https:\/\/www.chezcora.com\/","name":"Cora Breakfast and Lunch","description":"D\u00e9jeuners spectaculaires livr\u00e9s \u00e0 votre domicile","potentialAction":[{"@type":"SearchAction","target":{"@type":"EntryPoint","urlTemplate":"https:\/\/www.chezcora.com\/?s={search_term_string}"},"query-input":{"@type":"PropertyValueSpecification","valueRequired":true,"valueName":"search_term_string"}}],"inLanguage":"en-CA"},{"@type":"Person","@id":"https:\/\/www.chezcora.com\/#\/schema\/person\/88e2042ed1147c57ae662ff786f967a3","name":"Isabel P. Picard","image":{"@type":"ImageObject","inLanguage":"en-CA","@id":"https:\/\/secure.gravatar.com\/avatar\/d9b7dd76d8858b218ed5ff8164b843efdac8c0ab35ed48ce74bd4b45a2a5ee07?s=96&d=mm&r=g","url":"https:\/\/secure.gravatar.com\/avatar\/d9b7dd76d8858b218ed5ff8164b843efdac8c0ab35ed48ce74bd4b45a2a5ee07?s=96&d=mm&r=g","contentUrl":"https:\/\/secure.gravatar.com\/avatar\/d9b7dd76d8858b218ed5ff8164b843efdac8c0ab35ed48ce74bd4b45a2a5ee07?s=96&d=mm&r=g","caption":"Isabel P. Picard"}}]}},"_links":{"self":[{"href":"https:\/\/www.chezcora.com\/en\/wp-json\/wp\/v2\/posts\/16621","targetHints":{"allow":["GET"]}}],"collection":[{"href":"https:\/\/www.chezcora.com\/en\/wp-json\/wp\/v2\/posts"}],"about":[{"href":"https:\/\/www.chezcora.com\/en\/wp-json\/wp\/v2\/types\/post"}],"author":[{"embeddable":true,"href":"https:\/\/www.chezcora.com\/en\/wp-json\/wp\/v2\/users\/414"}],"replies":[{"embeddable":true,"href":"https:\/\/www.chezcora.com\/en\/wp-json\/wp\/v2\/comments?post=16621"}],"version-history":[{"count":0,"href":"https:\/\/www.chezcora.com\/en\/wp-json\/wp\/v2\/posts\/16621\/revisions"}],"wp:featuredmedia":[{"embeddable":true,"href":"https:\/\/www.chezcora.com\/en\/wp-json\/wp\/v2\/media\/16622"}],"wp:attachment":[{"href":"https:\/\/www.chezcora.com\/en\/wp-json\/wp\/v2\/media?parent=16621"}],"wp:term":[{"taxonomy":"category","embeddable":true,"href":"https:\/\/www.chezcora.com\/en\/wp-json\/wp\/v2\/categories?post=16621"},{"taxonomy":"post_tag","embeddable":true,"href":"https:\/\/www.chezcora.com\/en\/wp-json\/wp\/v2\/tags?post=16621"}],"curies":[{"name":"wp","href":"https:\/\/api.w.org\/{rel}","templated":true}]}}