{"id":18732,"date":"2023-03-17T09:06:44","date_gmt":"2023-03-17T13:06:44","guid":{"rendered":"https:\/\/www.chezcora.com\/?p=18732"},"modified":"2023-03-15T09:16:29","modified_gmt":"2023-03-15T13:16:29","slug":"waiting-in-vain","status":"publish","type":"post","link":"https:\/\/www.chezcora.com\/en\/lettre-mme-cora\/une-damnee-contrariete\/","title":{"rendered":"Waiting in vain"},"content":{"rendered":"<p>Mercredi, 10 h 35 au bureau de l\u2019Entreprise<br \/>\nOuache! Ce matin, je suis contrari\u00e9e. J\u2019attends depuis trois jours une confirmation de rendez-vous et rien n\u2019arrive. Depuis hier, je v\u00e9rifie mes courriels aux dix minutes, j\u2019essaie de contacter la personne en question et NADA. Impossible de la joindre, ni elle ni l\u2019entreprise o\u00f9 elle officie.<\/p>\n<p>Il s\u2019agit pourtant d\u2019une rencontre d\u00e9cisive pour moi, aff\u00e9rente \u00e0 mon bien-\u00eatre intellectuel et mental. Cette longue attente m\u2019irrite et me distrait de toute autre pens\u00e9e. J\u2019enfile deux caf\u00e9s de suite et encore RIEN. Cach\u00e9e dans mon bureau, j\u2019apprends de nouveaux mots : grogner, bougonner, ronchonner comme une adolescente priv\u00e9e de cin\u00e9ma.<\/p>\n<p>Lorsque je me calme, tout ce \u00e0 quoi je peux penser c\u2019est de vous \u00e9crire. Oui, oui! Chers lecteurs, vous \u00eates mon refuge pr\u00e9f\u00e9r\u00e9, une \u00eele de bonheur o\u00f9 j\u2019aime me pr\u00e9lasser. Je ne peux pas encore vous parler de ce fameux rendez-vous, mais s\u2019il est positif, il me comblera de bonheur; et vous aussi par ricochet.<\/p>\n<p>Il m\u2019arrive de penser que je suis trop vieille pour entreprendre de nouveaux d\u00e9fis. Et vite, juste \u00e0 me souvenir de dame Janette Bertrand, j\u2019enfouis cette id\u00e9e au plus profond de mon jardin. Mon enthousiasme se remplume. Entreprendre m\u2019a jadis tr\u00e8s bien servie. J\u2019excellais et je n\u2019avais aucune peur. Je me souviens tellement. Dans l\u2019ar\u00e8ne, je fon\u00e7ais comme un taureau dans la cape rouge du torero.<\/p>\n<p>Deux fois, mon cellulaire a sonn\u00e9 pour autre chose que ce que j\u2019attends. Je n\u2019ai pas r\u00e9pondu. Un brin tranquillis\u00e9e, je sors de mon bureau. Vous \u00eates avec moi. Nous traversons ensemble les longs corridors de l\u2019Entreprise. Dans la cuisine, je me coule un troisi\u00e8me caf\u00e9. En voulez-vous une tasse?<\/p>\n<p>Le saviez-vous? Mon nom de bapt\u00eame est Marie Antoinette Cora, le nom d\u2019une grande reine de France, \u00e9pouse du roi Louis XVI. Une reine morte \u00e0 37 ans, guillotin\u00e9e sur la Place de la R\u00e9volution (aujourd\u2019hui nomm\u00e9e Place de la Concorde) le 16 octobre 1793 \u00e0 12 h 15 exactement.<\/p>\n<p>C\u2019\u00e9tait du temps o\u00f9 l\u2019on ameutait les foules et o\u00f9 tout pouvait arriver, m\u00eame occire une reine. Venant d\u2019Autriche, la jeune noble Marie-Antoinette est arriv\u00e9e \u00e0 la cour de France alors qu\u2019elle n\u2019\u00e9tait \u00e2g\u00e9e que de quinze ans. D\u00e8s son mariage avec le dauphin Louis, h\u00e9ritier du tr\u00f4ne, elle montre des difficult\u00e9s \u00e0 s\u2019adapter aux usages fran\u00e7ais et, devenue reine, elle multiplie, le plus souvent de fa\u00e7on inconsciente, les maladresses qui lui ali\u00e8nent peu \u00e0 peu l\u2019opinion publique et contribuent \u00e0 ternir son image de fa\u00e7on d\u00e9sastreuse.<\/p>\n<p>Pauvre reine et bienheureuse Bibi qui a encore de nombreuses ann\u00e9es \u00e0 vivre. J\u2019adore la vie, ses contrari\u00e9t\u00e9s et ses multiples beaut\u00e9s. Toutes les art\u00e8res de la grande vie s\u2019\u00e9tant rouvertes, peut-\u00eatre pourrions-nous, vous et moi, recommencer \u00e0 r\u00e9fl\u00e9chir \u00e0 de nouvelles aventures. Servez-vous un \u00e9ni\u00e8me caf\u00e9, assoyez-vous tranquille dans un coin avec calepin et stylo et projetez-vous dans l\u2019avenir. Comme un v\u00e9ritable acte de foi dans le futur, r\u00e9digeons une liste de tout ce que nous aimerions exp\u00e9rimenter avant de lever les feutres.<\/p>\n<p>On peut commencer par \u00e9crire p\u00eale-m\u00eale tout ce qui nous vient \u00e0 l\u2019esprit et apr\u00e8s on d\u00e9cline par priorit\u00e9. L\u2019objectif \u00e9tant d\u2019identifier des exp\u00e9riences, des souhaits, des r\u00eaves, des envies ou des d\u00e9fis qu\u2019on aimerait relever. Dans le langage familier, l\u2019exercice s\u2019appelle \u00ab faire sa bucket list \u00bb.<br \/>\nEt voici que j\u2019ose vous d\u00e9voiler la mienne. Je l\u2019ai d\u00e9j\u00e0 fait pendant la pand\u00e9mie, mais peut-\u00eatre suis-je aujourd\u2019hui beaucoup plus audacieuse. Et peut-\u00eatre que les bucket lists c\u2019est comme les d\u00e9tecteurs de fum\u00e9e, il faut les revisiter \u00e0 l\u2019occasion. Voici donc ce que j\u2019aimerais oser faire avant d\u2019\u00e9teindre mon c\u0153ur :<\/p>\n<p>1\u2013 Revoir Paris, la Place Saint-Germain-des-Pr\u00e9s, la M\u00e8re Poulard au Mont Saint-Michel et le caf\u00e9 Les Deux Magots jadis fr\u00e9quent\u00e9 par Verlaine et Rimbaud, mes po\u00e8tes pr\u00e9f\u00e9r\u00e9s.<\/p>\n<p>2\u2013 Aller \u00e0 l\u2019op\u00e9ra pour la premi\u00e8re fois de ma vie parce que je n\u2019ai jamais pris le temps d\u2019appr\u00e9cier la voix humaine en action. Je me d\u00e9cide. Je veux voir Madame Butterfly \u00e0 la salle Wilfrid-Pelletier de Montr\u00e9al du 6 au 14 mai 2023. Ce sera un beau cadeau pour mes 76 ans en mai.<\/p>\n<p>3\u2013 Visiter la Su\u00e8de et plus sp\u00e9cialement les boutiques de l\u2019artiste designer Gudrun Sj\u00f6d\u00e9n et ses collections de v\u00eatements en harmonie avec les couleurs de la nature. Dans une autre vie, j\u2019aurais tellement aim\u00e9 \u00eatre sa voisine et travailler dans ses ateliers.<\/p>\n<p>4\u2013 Visiter l\u2019Islande, m\u00e8re patrie de mon \u00e9crivaine pr\u00e9f\u00e9r\u00e9e, Andur Ava \u00d3lafsd\u00f3ttir, auteure de Rosa Candida et Miss Islande. Faire quelques fois le tour de l\u2019\u00eele et admirer ses \u00e9poustouflantes beaut\u00e9s.<\/p>\n<p>5\u2013 Trouver un ma\u00eetre de ha\u00efku accessible dans mon entourage et suivre avec lui un atelier de cr\u00e9ation par pur plaisir cr\u00e9atif et pour am\u00e9liorer mon \u00e9criture po\u00e9tique.<\/p>\n<p>6\u2013 Bien s\u00fbr, publier un nouveau livre ou deux avant que le labyrinthe de mes pens\u00e9es s\u2019ass\u00e8che compl\u00e8tement.<\/p>\n<p>On me l\u2019a offert. J\u2019ai dit oui et j\u2019attends cette damn\u00e9e confirmation de rendez-vous qui n\u2019en finit plus d\u2019aiguiser ma patience. C\u2019est d\u2019ailleurs le plus pr\u00e9cieux des objectifs de ma \u00ab bucket list \u00bb. J\u2019y tiens et je suis capable de bien le faire.<\/p>\n<p>DRING DRING! DRING, DRING!<br \/>\n\u2013 \u00ab Bonjour, Madame Cora, je devais confirmer notre rendez-vous lundi dernier, mais j\u2019\u00e9tais dans un Salon du livre compl\u00e8tement \u00e9poustouflant. Le grand hall d\u2019exposition \u00e9tait archiplein et \u00e0 chaque comptoir, de longues files d\u2019admirateurs attendaient pour parler aux auteurs. Je m\u2019excuse, ch\u00e8re Cora. La bonne nouvelle c\u2019est cette importante recrudescence de lecteurs. Cet automne, j\u2019en suis \u00e0 mon troisi\u00e8me salon, et c\u2019est la folie.<\/p>\n<p>Tout enthousiaste, l\u2019\u00e9ditrice me confirme notre rendez-vous de vendredi matin. Je me calme enfin le pompon. La population aime encore la lecture, elle l\u2019aime de plus en plus \u00e0 ce qu\u2019il para\u00eet. Et peut-\u00eatre aurais-je aussi la chance, chers lecteurs, de vous rencontrer en personne dans un Salon du livre et de vous serrer la pince. Mon c\u0153ur se remplit d\u2019espoir; mon esp\u00e9rance de vie s\u2019allonge. Puisse le Paradis patienter un brin; puisse-t-il attendre que je me vide de tous mes mots?<\/p>\n<p>Cora<br \/>\n\ud83d\udcda \ud83d\udcd6 \ud83d\udcda<\/p>","protected":false},"excerpt":{"rendered":"<p>Mercredi, 10 h 35 au bureau de l\u2019Entreprise Ouache! Ce matin, je [&hellip;]<\/p>\n","protected":false},"author":414,"featured_media":18733,"comment_status":"open","ping_status":"open","sticky":false,"template":"","format":"standard","meta":{"_acf_changed":false,"footnotes":""},"categories":[32],"tags":[],"class_list":["post-18732","post","type-post","status-publish","format-standard","has-post-thumbnail","hentry","category-lettre-mme-cora"],"acf":[],"yoast_head":"<!-- This site is optimized with the Yoast SEO plugin v27.4 - https:\/\/yoast.com\/product\/yoast-seo-wordpress\/ -->\n<title>Une damn\u00e9e contrari\u00e9t\u00e9 &#8211; Cora D\u00e9jeuners et d\u00eeners<\/title>\n<meta name=\"robots\" content=\"index, follow, max-snippet:-1, max-image-preview:large, max-video-preview:-1\" \/>\n<link rel=\"canonical\" href=\"https:\/\/www.chezcora.com\/en\/mme-coras-letter\/waiting-in-vain\/\" \/>\n<meta property=\"og:locale\" content=\"en_US\" \/>\n<meta property=\"og:type\" content=\"article\" \/>\n<meta property=\"og:title\" content=\"Une damn\u00e9e contrari\u00e9t\u00e9 &#8211; Cora D\u00e9jeuners et d\u00eeners\" \/>\n<meta property=\"og:description\" content=\"Mercredi, 10 h 35 au bureau de l\u2019Entreprise Ouache! Ce matin, je [&hellip;]\" \/>\n<meta property=\"og:url\" content=\"https:\/\/www.chezcora.com\/en\/mme-coras-letter\/waiting-in-vain\/\" \/>\n<meta property=\"og:site_name\" content=\"Cora D\u00e9jeuners et d\u00eeners\" \/>\n<meta property=\"article:publisher\" content=\"https:\/\/www.facebook.com\/corarestaurants\" \/>\n<meta property=\"article:published_time\" content=\"2023-03-17T13:06:44+00:00\" \/>\n<meta property=\"og:image\" content=\"https:\/\/e3b2rn3eqfa.exactdn.com\/wp-content\/uploads\/2023\/03\/19-mars_ChandailRose_ligne_1025.jpg?strip=all&lossy=1&ssl=1\" \/>\n\t<meta property=\"og:image:width\" content=\"1025\" \/>\n\t<meta property=\"og:image:height\" content=\"1025\" \/>\n\t<meta property=\"og:image:type\" content=\"image\/jpeg\" \/>\n<meta name=\"author\" content=\"Isabel P. Picard\" \/>\n<meta name=\"twitter:card\" content=\"summary_large_image\" \/>\n<meta name=\"twitter:creator\" content=\"@CoraRestaurants\" \/>\n<meta name=\"twitter:site\" content=\"@CoraRestaurants\" \/>\n<meta name=\"twitter:label1\" content=\"Written by\" \/>\n\t<meta name=\"twitter:data1\" content=\"Isabel P. Picard\" \/>\n\t<meta name=\"twitter:label2\" content=\"Est. reading time\" \/>\n\t<meta name=\"twitter:data2\" content=\"6 minutes\" \/>\n<script type=\"application\/ld+json\" class=\"yoast-schema-graph\">{\"@context\":\"https:\\\/\\\/schema.org\",\"@graph\":[{\"@type\":\"Article\",\"@id\":\"https:\\\/\\\/www.chezcora.com\\\/lettre-mme-cora\\\/une-damnee-contrariete\\\/#article\",\"isPartOf\":{\"@id\":\"https:\\\/\\\/www.chezcora.com\\\/lettre-mme-cora\\\/une-damnee-contrariete\\\/\"},\"author\":{\"name\":\"Isabel P. Picard\",\"@id\":\"https:\\\/\\\/www.chezcora.com\\\/#\\\/schema\\\/person\\\/88e2042ed1147c57ae662ff786f967a3\"},\"headline\":\"Une damn\u00e9e contrari\u00e9t\u00e9\",\"datePublished\":\"2023-03-17T13:06:44+00:00\",\"mainEntityOfPage\":{\"@id\":\"https:\\\/\\\/www.chezcora.com\\\/lettre-mme-cora\\\/une-damnee-contrariete\\\/\"},\"wordCount\":1140,\"commentCount\":0,\"image\":{\"@id\":\"https:\\\/\\\/www.chezcora.com\\\/lettre-mme-cora\\\/une-damnee-contrariete\\\/#primaryimage\"},\"thumbnailUrl\":\"https:\\\/\\\/e3b2rn3eqfa.exactdn.com\\\/wp-content\\\/uploads\\\/2023\\\/03\\\/19-mars_ChandailRose_ligne_1025.jpg?strip=all\",\"articleSection\":[\"Lettre Mme Cora\"],\"inLanguage\":\"en-CA\",\"potentialAction\":[{\"@type\":\"CommentAction\",\"name\":\"Comment\",\"target\":[\"https:\\\/\\\/www.chezcora.com\\\/lettre-mme-cora\\\/une-damnee-contrariete\\\/#respond\"]}]},{\"@type\":\"WebPage\",\"@id\":\"https:\\\/\\\/www.chezcora.com\\\/lettre-mme-cora\\\/une-damnee-contrariete\\\/\",\"url\":\"https:\\\/\\\/www.chezcora.com\\\/lettre-mme-cora\\\/une-damnee-contrariete\\\/\",\"name\":\"Une damn\u00e9e contrari\u00e9t\u00e9 &#8211; Cora D\u00e9jeuners et d\u00eeners\",\"isPartOf\":{\"@id\":\"https:\\\/\\\/www.chezcora.com\\\/#website\"},\"primaryImageOfPage\":{\"@id\":\"https:\\\/\\\/www.chezcora.com\\\/lettre-mme-cora\\\/une-damnee-contrariete\\\/#primaryimage\"},\"image\":{\"@id\":\"https:\\\/\\\/www.chezcora.com\\\/lettre-mme-cora\\\/une-damnee-contrariete\\\/#primaryimage\"},\"thumbnailUrl\":\"https:\\\/\\\/e3b2rn3eqfa.exactdn.com\\\/wp-content\\\/uploads\\\/2023\\\/03\\\/19-mars_ChandailRose_ligne_1025.jpg?strip=all\",\"datePublished\":\"2023-03-17T13:06:44+00:00\",\"author\":{\"@id\":\"https:\\\/\\\/www.chezcora.com\\\/#\\\/schema\\\/person\\\/88e2042ed1147c57ae662ff786f967a3\"},\"breadcrumb\":{\"@id\":\"https:\\\/\\\/www.chezcora.com\\\/lettre-mme-cora\\\/une-damnee-contrariete\\\/#breadcrumb\"},\"inLanguage\":\"en-CA\",\"potentialAction\":[{\"@type\":\"ReadAction\",\"target\":[\"https:\\\/\\\/www.chezcora.com\\\/lettre-mme-cora\\\/une-damnee-contrariete\\\/\"]}]},{\"@type\":\"ImageObject\",\"inLanguage\":\"en-CA\",\"@id\":\"https:\\\/\\\/www.chezcora.com\\\/lettre-mme-cora\\\/une-damnee-contrariete\\\/#primaryimage\",\"url\":\"https:\\\/\\\/e3b2rn3eqfa.exactdn.com\\\/wp-content\\\/uploads\\\/2023\\\/03\\\/19-mars_ChandailRose_ligne_1025.jpg?strip=all\",\"contentUrl\":\"https:\\\/\\\/e3b2rn3eqfa.exactdn.com\\\/wp-content\\\/uploads\\\/2023\\\/03\\\/19-mars_ChandailRose_ligne_1025.jpg?strip=all\",\"width\":1025,\"height\":1025,\"caption\":\"Une damn\u00e9e contrari\u00e9t\u00e9\"},{\"@type\":\"BreadcrumbList\",\"@id\":\"https:\\\/\\\/www.chezcora.com\\\/lettre-mme-cora\\\/une-damnee-contrariete\\\/#breadcrumb\",\"itemListElement\":[{\"@type\":\"ListItem\",\"position\":1,\"name\":\"Lettre Mme Cora\",\"item\":\"https:\\\/\\\/www.chezcora.com\\\/lettre-mme-cora\\\/\"},{\"@type\":\"ListItem\",\"position\":2,\"name\":\"Une damn\u00e9e contrari\u00e9t\u00e9\"}]},{\"@type\":\"WebSite\",\"@id\":\"https:\\\/\\\/www.chezcora.com\\\/#website\",\"url\":\"https:\\\/\\\/www.chezcora.com\\\/\",\"name\":\"Cora D\u00e9jeuners et d\u00eeners\",\"description\":\"D\u00e9jeuners spectaculaires livr\u00e9s \u00e0 votre domicile\",\"potentialAction\":[{\"@type\":\"SearchAction\",\"target\":{\"@type\":\"EntryPoint\",\"urlTemplate\":\"https:\\\/\\\/www.chezcora.com\\\/?s={search_term_string}\"},\"query-input\":{\"@type\":\"PropertyValueSpecification\",\"valueRequired\":true,\"valueName\":\"search_term_string\"}}],\"inLanguage\":\"en-CA\"},{\"@type\":\"Person\",\"@id\":\"https:\\\/\\\/www.chezcora.com\\\/#\\\/schema\\\/person\\\/88e2042ed1147c57ae662ff786f967a3\",\"name\":\"Isabel P. Picard\",\"image\":{\"@type\":\"ImageObject\",\"inLanguage\":\"en-CA\",\"@id\":\"https:\\\/\\\/secure.gravatar.com\\\/avatar\\\/d9b7dd76d8858b218ed5ff8164b843efdac8c0ab35ed48ce74bd4b45a2a5ee07?s=96&d=mm&r=g\",\"url\":\"https:\\\/\\\/secure.gravatar.com\\\/avatar\\\/d9b7dd76d8858b218ed5ff8164b843efdac8c0ab35ed48ce74bd4b45a2a5ee07?s=96&d=mm&r=g\",\"contentUrl\":\"https:\\\/\\\/secure.gravatar.com\\\/avatar\\\/d9b7dd76d8858b218ed5ff8164b843efdac8c0ab35ed48ce74bd4b45a2a5ee07?s=96&d=mm&r=g\",\"caption\":\"Isabel P. Picard\"}}]}<\/script>\n<!-- \/ Yoast SEO plugin. -->","yoast_head_json":{"title":"Une damn\u00e9e contrari\u00e9t\u00e9 &#8211; Cora D\u00e9jeuners et d\u00eeners","robots":{"index":"index","follow":"follow","max-snippet":"max-snippet:-1","max-image-preview":"max-image-preview:large","max-video-preview":"max-video-preview:-1"},"canonical":"https:\/\/www.chezcora.com\/en\/mme-coras-letter\/waiting-in-vain\/","og_locale":"en_US","og_type":"article","og_title":"Une damn\u00e9e contrari\u00e9t\u00e9 &#8211; Cora D\u00e9jeuners et d\u00eeners","og_description":"Mercredi, 10 h 35 au bureau de l\u2019Entreprise Ouache! Ce matin, je [&hellip;]","og_url":"https:\/\/www.chezcora.com\/en\/mme-coras-letter\/waiting-in-vain\/","og_site_name":"Cora D\u00e9jeuners et d\u00eeners","article_publisher":"https:\/\/www.facebook.com\/corarestaurants","article_published_time":"2023-03-17T13:06:44+00:00","og_image":[{"width":1025,"height":1025,"url":"https:\/\/e3b2rn3eqfa.exactdn.com\/wp-content\/uploads\/2023\/03\/19-mars_ChandailRose_ligne_1025.jpg?strip=all&lossy=1&ssl=1","type":"image\/jpeg"}],"author":"Isabel P. Picard","twitter_card":"summary_large_image","twitter_creator":"@CoraRestaurants","twitter_site":"@CoraRestaurants","twitter_misc":{"Written by":"Isabel P. Picard","Est. reading time":"6 minutes"},"schema":{"@context":"https:\/\/schema.org","@graph":[{"@type":"Article","@id":"https:\/\/www.chezcora.com\/lettre-mme-cora\/une-damnee-contrariete\/#article","isPartOf":{"@id":"https:\/\/www.chezcora.com\/lettre-mme-cora\/une-damnee-contrariete\/"},"author":{"name":"Isabel P. Picard","@id":"https:\/\/www.chezcora.com\/#\/schema\/person\/88e2042ed1147c57ae662ff786f967a3"},"headline":"Une damn\u00e9e contrari\u00e9t\u00e9","datePublished":"2023-03-17T13:06:44+00:00","mainEntityOfPage":{"@id":"https:\/\/www.chezcora.com\/lettre-mme-cora\/une-damnee-contrariete\/"},"wordCount":1140,"commentCount":0,"image":{"@id":"https:\/\/www.chezcora.com\/lettre-mme-cora\/une-damnee-contrariete\/#primaryimage"},"thumbnailUrl":"https:\/\/e3b2rn3eqfa.exactdn.com\/wp-content\/uploads\/2023\/03\/19-mars_ChandailRose_ligne_1025.jpg?strip=all","articleSection":["Lettre Mme Cora"],"inLanguage":"en-CA","potentialAction":[{"@type":"CommentAction","name":"Comment","target":["https:\/\/www.chezcora.com\/lettre-mme-cora\/une-damnee-contrariete\/#respond"]}]},{"@type":"WebPage","@id":"https:\/\/www.chezcora.com\/lettre-mme-cora\/une-damnee-contrariete\/","url":"https:\/\/www.chezcora.com\/lettre-mme-cora\/une-damnee-contrariete\/","name":"Une damn\u00e9e contrari\u00e9t\u00e9 &#8211; Cora D\u00e9jeuners et d\u00eeners","isPartOf":{"@id":"https:\/\/www.chezcora.com\/#website"},"primaryImageOfPage":{"@id":"https:\/\/www.chezcora.com\/lettre-mme-cora\/une-damnee-contrariete\/#primaryimage"},"image":{"@id":"https:\/\/www.chezcora.com\/lettre-mme-cora\/une-damnee-contrariete\/#primaryimage"},"thumbnailUrl":"https:\/\/e3b2rn3eqfa.exactdn.com\/wp-content\/uploads\/2023\/03\/19-mars_ChandailRose_ligne_1025.jpg?strip=all","datePublished":"2023-03-17T13:06:44+00:00","author":{"@id":"https:\/\/www.chezcora.com\/#\/schema\/person\/88e2042ed1147c57ae662ff786f967a3"},"breadcrumb":{"@id":"https:\/\/www.chezcora.com\/lettre-mme-cora\/une-damnee-contrariete\/#breadcrumb"},"inLanguage":"en-CA","potentialAction":[{"@type":"ReadAction","target":["https:\/\/www.chezcora.com\/lettre-mme-cora\/une-damnee-contrariete\/"]}]},{"@type":"ImageObject","inLanguage":"en-CA","@id":"https:\/\/www.chezcora.com\/lettre-mme-cora\/une-damnee-contrariete\/#primaryimage","url":"https:\/\/e3b2rn3eqfa.exactdn.com\/wp-content\/uploads\/2023\/03\/19-mars_ChandailRose_ligne_1025.jpg?strip=all","contentUrl":"https:\/\/e3b2rn3eqfa.exactdn.com\/wp-content\/uploads\/2023\/03\/19-mars_ChandailRose_ligne_1025.jpg?strip=all","width":1025,"height":1025,"caption":"Une damn\u00e9e contrari\u00e9t\u00e9"},{"@type":"BreadcrumbList","@id":"https:\/\/www.chezcora.com\/lettre-mme-cora\/une-damnee-contrariete\/#breadcrumb","itemListElement":[{"@type":"ListItem","position":1,"name":"Lettre Mme Cora","item":"https:\/\/www.chezcora.com\/lettre-mme-cora\/"},{"@type":"ListItem","position":2,"name":"Une damn\u00e9e contrari\u00e9t\u00e9"}]},{"@type":"WebSite","@id":"https:\/\/www.chezcora.com\/#website","url":"https:\/\/www.chezcora.com\/","name":"Cora Breakfast and Lunch","description":"D\u00e9jeuners spectaculaires livr\u00e9s \u00e0 votre domicile","potentialAction":[{"@type":"SearchAction","target":{"@type":"EntryPoint","urlTemplate":"https:\/\/www.chezcora.com\/?s={search_term_string}"},"query-input":{"@type":"PropertyValueSpecification","valueRequired":true,"valueName":"search_term_string"}}],"inLanguage":"en-CA"},{"@type":"Person","@id":"https:\/\/www.chezcora.com\/#\/schema\/person\/88e2042ed1147c57ae662ff786f967a3","name":"Isabel P. Picard","image":{"@type":"ImageObject","inLanguage":"en-CA","@id":"https:\/\/secure.gravatar.com\/avatar\/d9b7dd76d8858b218ed5ff8164b843efdac8c0ab35ed48ce74bd4b45a2a5ee07?s=96&d=mm&r=g","url":"https:\/\/secure.gravatar.com\/avatar\/d9b7dd76d8858b218ed5ff8164b843efdac8c0ab35ed48ce74bd4b45a2a5ee07?s=96&d=mm&r=g","contentUrl":"https:\/\/secure.gravatar.com\/avatar\/d9b7dd76d8858b218ed5ff8164b843efdac8c0ab35ed48ce74bd4b45a2a5ee07?s=96&d=mm&r=g","caption":"Isabel P. Picard"}}]}},"_links":{"self":[{"href":"https:\/\/www.chezcora.com\/en\/wp-json\/wp\/v2\/posts\/18732","targetHints":{"allow":["GET"]}}],"collection":[{"href":"https:\/\/www.chezcora.com\/en\/wp-json\/wp\/v2\/posts"}],"about":[{"href":"https:\/\/www.chezcora.com\/en\/wp-json\/wp\/v2\/types\/post"}],"author":[{"embeddable":true,"href":"https:\/\/www.chezcora.com\/en\/wp-json\/wp\/v2\/users\/414"}],"replies":[{"embeddable":true,"href":"https:\/\/www.chezcora.com\/en\/wp-json\/wp\/v2\/comments?post=18732"}],"version-history":[{"count":0,"href":"https:\/\/www.chezcora.com\/en\/wp-json\/wp\/v2\/posts\/18732\/revisions"}],"wp:featuredmedia":[{"embeddable":true,"href":"https:\/\/www.chezcora.com\/en\/wp-json\/wp\/v2\/media\/18733"}],"wp:attachment":[{"href":"https:\/\/www.chezcora.com\/en\/wp-json\/wp\/v2\/media?parent=18732"}],"wp:term":[{"taxonomy":"category","embeddable":true,"href":"https:\/\/www.chezcora.com\/en\/wp-json\/wp\/v2\/categories?post=18732"},{"taxonomy":"post_tag","embeddable":true,"href":"https:\/\/www.chezcora.com\/en\/wp-json\/wp\/v2\/tags?post=18732"}],"curies":[{"name":"wp","href":"https:\/\/api.w.org\/{rel}","templated":true}]}}