{"id":19658,"date":"2023-03-31T09:53:04","date_gmt":"2023-03-31T13:53:04","guid":{"rendered":"https:\/\/www.chezcora.com\/?p=19658"},"modified":"2023-03-30T09:55:01","modified_gmt":"2023-03-30T13:55:01","slug":"i-dreamt-of-a-tattoo","status":"publish","type":"post","link":"https:\/\/www.chezcora.com\/en\/lettre-mme-cora\/jai-reve-dun-tatouage\/","title":{"rendered":"I dreamt of a tattoo"},"content":{"rendered":"<p>7 h 34 au caf\u00e9 du village<br \/>\nLa nuit derni\u00e8re, j\u2019ai r\u00eav\u00e9 d\u2019un tatouage. Quelle \u00e9trange chose! Ce n\u2019\u00e9tait pas l\u2019image de la jolie colombe de Picasso, ni celle de l\u2019abeille embl\u00e9matique de Bonaparte. Ce n\u2019\u00e9tait pas non plus le mont Fuji que j\u2019ai contempl\u00e9 de tr\u00e8s pr\u00e8s en 2015, ni le beau soleil jaune de Cora, ni quoi que ce soit que j\u2019aurais pu ch\u00e9rir au point de vouloir le tatouer sur ma peau.<\/p>\n<p>Je suis d\u2019ailleurs rebelle \u00e0 ce genre de choses. Et pourtant, la femme qui s\u2019est r\u00e9veill\u00e9e dans mon lit ce matin fixait son avant-bras gauche. Elle caressait les huit chiffres et les quatre lettres d\u2019orthographe d\u2019un tatouage \u00e0 l\u2019encre bleue d\u2019environ un demi-pouce de hauteur.<\/p>\n<p>Cette femme du r\u00eave n\u2019\u00e9tait pas moi; elle \u00e9tait juste LA PEUR EN MOI; la peur de faiblir, la peur de perdre mes facult\u00e9s et la terrible peur de mourir. Je le confesse, j\u2019ai un attachement quasi irraisonnable \u00e0 cette vie terrestre et je perds facilement ma s\u00e9r\u00e9nit\u00e9 en imaginant ma derni\u00e8re heure.<\/p>\n<p>Toute la nuit durant, c\u2019est la peur qui parlait et qui agissait \u00e0 ma place. C\u2019est elle qui a eu l\u2019affreuse id\u00e9e d\u2019un tatouage. Elle sait que je suis gauch\u00e8re et que l\u2019encre doit \u00eatre du bleu de la Baie-des-Chaleurs o\u00f9 je suis n\u00e9e.<\/p>\n<p>J\u2019en vois de plus en plus souvent de ces audacieuses \u0153uvres d\u2019art tatou\u00e9es sur la peau des humains. Je suppose que ces tr\u00e9sors, souvent bien cach\u00e9s, rendent hommage \u00e0 l\u2019animus qui les nourrit. Les symboles illustr\u00e9s peuvent se ressembler, mais le grain du canevas est unique et les rend impossibles \u00e0 dupliquer.<\/p>\n<p>C\u2019est la PEUR en moi qui a tout maniganc\u00e9. C\u2019est elle qui, pendant que je dormais, a fait tatouer ce passeport \u00e0 l\u2019encre ind\u00e9l\u00e9bile sur mon bras gauche. Elle qui a inscrit mon ann\u00e9e de naissance, le nom de ma grand-m\u00e8re paternelle (qui est aussi le mien) et la date de mon grand d\u00e9part : 1947-CORA-2047<\/p>\n<p>Ce tatouage onirique ne repr\u00e9sente pas une tendance artistique ni une cr\u00e9ation \u00e0 montrer. Je connais la PEUR qui m\u2019anime; elle a toutes mes qualit\u00e9s : audacieuse, entreprenante, astucieuse et infatigable. Ce qu\u2019elle veut dire \u00e0 propos de ce tatouage, c\u2019est une subtile exhortation lanc\u00e9e au Ma\u00eetre de l\u2019Univers. Comme un pacte \u00e9crit dans ma chair. Deux dates m\u2019assurant 100 ans d\u2019existence.<\/p>\n<p>10 h 35<br \/>\nElle parle, elle parle ma PEUR et elle veut toujours avoir raison. Elle aussi ne veut pas mourir. C\u2019est pourquoi elle insiste autant, venant dans mes r\u00eaves, me rempla\u00e7ant dans mon lit et me bourrant la t\u00eate de recettes de long\u00e9vit\u00e9.<\/p>\n<p>M\u00eame en \u00e9crivant cette lettre, elle me chuchote ses consignes. Elle m\u2019invite \u00e0 ne pas exhiber mon tatouage car il ressemble, mais n\u2019a rien \u00e0 voir, au marquage au fer rouge des esclaves de jadis. Les chiffres tatou\u00e9s sur mon avant-bras sont l\u00e0 pour convaincre mon corps de rester en vie. La PEUR conna\u00eet mon attachement \u00e0 cette vie d\u2019ici-bas. Comme elle ferait n\u2019importe quoi pour m\u2019encourager \u00e0 vivre, je lui pardonne ses incartades nocturnes. Je sais que cette suggestion de tatouage est un espoir, une alliance avec l\u2019au-del\u00e0.<\/p>\n<p>11 h 15<br \/>\nJour apr\u00e8s jour, ma longue vie s\u2019effrite, s\u2019allonge et court apr\u00e8s son souffle. Le reste de mon \u00e2ge vit dans une maison \u00e0 ciel ouvert d\u2019o\u00f9 s\u2019envolent des milliers de phrases \u00e0 cheval sur le vent. J\u2019aime dispara\u00eetre en fines tranches. Semaine apr\u00e8s semaine, mes lettres s\u2019appuient l\u2019une sur l\u2019autre comme les marches d\u2019un long escalier menant vers le paradis. Mot \u00e0 mot, je grimpe vers la fin \u00e0 pas de tortue.<\/p>\n<p>Je r\u00e9fl\u00e9chis si peu, avec cette vieille caboche et ces doigts crochus qui tapent encore des fautes sur le clavier. Vaille que vaille, j\u2019imagine qu\u2019un certain matin, tr\u00e8s t\u00f4t ou durant mon sommeil, un elfe bienveillant fermera mes paupi\u00e8res. J\u2019imagine qu\u2019\u00e0 cet instant pr\u00e9cis, sur la cinqui\u00e8me plan\u00e8te du Petit Prince de Saint-Exup\u00e9ry, un allumeur de r\u00e9verb\u00e8res fera na\u00eetre une nouvelle \u00e9toile.<\/p>\n<p>11 h 40<br \/>\nVoici que Carmen, mon habituelle voisine de table, me demande ce sur quoi j\u2019\u00e9cris.<br \/>\n\u2014 J\u2019\u00e9cris sur la mort, ch\u00e8re Carmen. Surtout sur ma peur de mourir.<br \/>\n\u2014 N\u2019aie crainte, ch\u00e8re Cora, \u00ab Quand on meurt, soit on s\u2019endort, soit on se r\u00e9veille. \u00bb<br \/>\n\u2014 Qui donc a dit cela?<br \/>\nCarmen ne s\u2019en souvient plus.<\/p>\n<p>Cora<br \/>\n\u2764<\/p>","protected":false},"excerpt":{"rendered":"<p>7 h 34 au caf\u00e9 du village La nuit derni\u00e8re, j\u2019ai r\u00eav\u00e9 [&hellip;]<\/p>\n","protected":false},"author":414,"featured_media":19659,"comment_status":"open","ping_status":"open","sticky":false,"template":"","format":"standard","meta":{"_acf_changed":false,"footnotes":""},"categories":[32],"tags":[],"class_list":["post-19658","post","type-post","status-publish","format-standard","has-post-thumbnail","hentry","category-lettre-mme-cora"],"acf":[],"yoast_head":"<!-- This site is optimized with the Yoast SEO plugin v27.4 - https:\/\/yoast.com\/product\/yoast-seo-wordpress\/ -->\n<title>J&#039;ai r\u00eav\u00e9 d&#039;un tatouage &#8211; Cora D\u00e9jeuners et d\u00eeners<\/title>\n<meta name=\"robots\" content=\"index, follow, max-snippet:-1, max-image-preview:large, max-video-preview:-1\" \/>\n<link rel=\"canonical\" href=\"https:\/\/www.chezcora.com\/en\/mme-coras-letter\/i-dreamt-of-a-tattoo\/\" \/>\n<meta property=\"og:locale\" content=\"en_US\" \/>\n<meta property=\"og:type\" content=\"article\" \/>\n<meta property=\"og:title\" content=\"J&#039;ai r\u00eav\u00e9 d&#039;un tatouage &#8211; Cora D\u00e9jeuners et d\u00eeners\" \/>\n<meta property=\"og:description\" content=\"7 h 34 au caf\u00e9 du village La nuit derni\u00e8re, j\u2019ai r\u00eav\u00e9 [&hellip;]\" \/>\n<meta property=\"og:url\" content=\"https:\/\/www.chezcora.com\/en\/mme-coras-letter\/i-dreamt-of-a-tattoo\/\" \/>\n<meta property=\"og:site_name\" content=\"Cora D\u00e9jeuners et d\u00eeners\" \/>\n<meta property=\"article:publisher\" content=\"https:\/\/www.facebook.com\/corarestaurants\" \/>\n<meta property=\"article:published_time\" content=\"2023-03-31T13:53:04+00:00\" \/>\n<meta property=\"og:image\" content=\"https:\/\/e3b2rn3eqfa.exactdn.com\/wp-content\/uploads\/2023\/03\/Revetatouage_1025.jpg?strip=all&lossy=1&ssl=1\" \/>\n\t<meta property=\"og:image:width\" content=\"1025\" \/>\n\t<meta property=\"og:image:height\" content=\"1025\" \/>\n\t<meta property=\"og:image:type\" content=\"image\/jpeg\" \/>\n<meta name=\"author\" content=\"Isabel P. Picard\" \/>\n<meta name=\"twitter:card\" content=\"summary_large_image\" \/>\n<meta name=\"twitter:creator\" content=\"@CoraRestaurants\" \/>\n<meta name=\"twitter:site\" content=\"@CoraRestaurants\" \/>\n<meta name=\"twitter:label1\" content=\"Written by\" \/>\n\t<meta name=\"twitter:data1\" content=\"Isabel P. Picard\" \/>\n\t<meta name=\"twitter:label2\" content=\"Est. reading time\" \/>\n\t<meta name=\"twitter:data2\" content=\"4 minutes\" \/>\n<script type=\"application\/ld+json\" class=\"yoast-schema-graph\">{\"@context\":\"https:\\\/\\\/schema.org\",\"@graph\":[{\"@type\":\"Article\",\"@id\":\"https:\\\/\\\/www.chezcora.com\\\/lettre-mme-cora\\\/jai-reve-dun-tatouage\\\/#article\",\"isPartOf\":{\"@id\":\"https:\\\/\\\/www.chezcora.com\\\/lettre-mme-cora\\\/jai-reve-dun-tatouage\\\/\"},\"author\":{\"name\":\"Isabel P. Picard\",\"@id\":\"https:\\\/\\\/www.chezcora.com\\\/#\\\/schema\\\/person\\\/88e2042ed1147c57ae662ff786f967a3\"},\"headline\":\"J'ai r\u00eav\u00e9 d'un tatouage\",\"datePublished\":\"2023-03-31T13:53:04+00:00\",\"mainEntityOfPage\":{\"@id\":\"https:\\\/\\\/www.chezcora.com\\\/lettre-mme-cora\\\/jai-reve-dun-tatouage\\\/\"},\"wordCount\":802,\"commentCount\":0,\"image\":{\"@id\":\"https:\\\/\\\/www.chezcora.com\\\/lettre-mme-cora\\\/jai-reve-dun-tatouage\\\/#primaryimage\"},\"thumbnailUrl\":\"https:\\\/\\\/e3b2rn3eqfa.exactdn.com\\\/wp-content\\\/uploads\\\/2023\\\/03\\\/Revetatouage_1025.jpg?strip=all\",\"articleSection\":[\"Lettre Mme Cora\"],\"inLanguage\":\"en-CA\",\"potentialAction\":[{\"@type\":\"CommentAction\",\"name\":\"Comment\",\"target\":[\"https:\\\/\\\/www.chezcora.com\\\/lettre-mme-cora\\\/jai-reve-dun-tatouage\\\/#respond\"]}]},{\"@type\":\"WebPage\",\"@id\":\"https:\\\/\\\/www.chezcora.com\\\/lettre-mme-cora\\\/jai-reve-dun-tatouage\\\/\",\"url\":\"https:\\\/\\\/www.chezcora.com\\\/lettre-mme-cora\\\/jai-reve-dun-tatouage\\\/\",\"name\":\"J'ai r\u00eav\u00e9 d'un tatouage &#8211; Cora D\u00e9jeuners et d\u00eeners\",\"isPartOf\":{\"@id\":\"https:\\\/\\\/www.chezcora.com\\\/#website\"},\"primaryImageOfPage\":{\"@id\":\"https:\\\/\\\/www.chezcora.com\\\/lettre-mme-cora\\\/jai-reve-dun-tatouage\\\/#primaryimage\"},\"image\":{\"@id\":\"https:\\\/\\\/www.chezcora.com\\\/lettre-mme-cora\\\/jai-reve-dun-tatouage\\\/#primaryimage\"},\"thumbnailUrl\":\"https:\\\/\\\/e3b2rn3eqfa.exactdn.com\\\/wp-content\\\/uploads\\\/2023\\\/03\\\/Revetatouage_1025.jpg?strip=all\",\"datePublished\":\"2023-03-31T13:53:04+00:00\",\"author\":{\"@id\":\"https:\\\/\\\/www.chezcora.com\\\/#\\\/schema\\\/person\\\/88e2042ed1147c57ae662ff786f967a3\"},\"breadcrumb\":{\"@id\":\"https:\\\/\\\/www.chezcora.com\\\/lettre-mme-cora\\\/jai-reve-dun-tatouage\\\/#breadcrumb\"},\"inLanguage\":\"en-CA\",\"potentialAction\":[{\"@type\":\"ReadAction\",\"target\":[\"https:\\\/\\\/www.chezcora.com\\\/lettre-mme-cora\\\/jai-reve-dun-tatouage\\\/\"]}]},{\"@type\":\"ImageObject\",\"inLanguage\":\"en-CA\",\"@id\":\"https:\\\/\\\/www.chezcora.com\\\/lettre-mme-cora\\\/jai-reve-dun-tatouage\\\/#primaryimage\",\"url\":\"https:\\\/\\\/e3b2rn3eqfa.exactdn.com\\\/wp-content\\\/uploads\\\/2023\\\/03\\\/Revetatouage_1025.jpg?strip=all\",\"contentUrl\":\"https:\\\/\\\/e3b2rn3eqfa.exactdn.com\\\/wp-content\\\/uploads\\\/2023\\\/03\\\/Revetatouage_1025.jpg?strip=all\",\"width\":1025,\"height\":1025,\"caption\":\"J'ai r\u00eav\u00e9 d'un tatouage_2 avril\"},{\"@type\":\"BreadcrumbList\",\"@id\":\"https:\\\/\\\/www.chezcora.com\\\/lettre-mme-cora\\\/jai-reve-dun-tatouage\\\/#breadcrumb\",\"itemListElement\":[{\"@type\":\"ListItem\",\"position\":1,\"name\":\"Lettre Mme Cora\",\"item\":\"https:\\\/\\\/www.chezcora.com\\\/lettre-mme-cora\\\/\"},{\"@type\":\"ListItem\",\"position\":2,\"name\":\"J'ai r\u00eav\u00e9 d'un tatouage\"}]},{\"@type\":\"WebSite\",\"@id\":\"https:\\\/\\\/www.chezcora.com\\\/#website\",\"url\":\"https:\\\/\\\/www.chezcora.com\\\/\",\"name\":\"Cora D\u00e9jeuners et d\u00eeners\",\"description\":\"D\u00e9jeuners spectaculaires livr\u00e9s \u00e0 votre domicile\",\"potentialAction\":[{\"@type\":\"SearchAction\",\"target\":{\"@type\":\"EntryPoint\",\"urlTemplate\":\"https:\\\/\\\/www.chezcora.com\\\/?s={search_term_string}\"},\"query-input\":{\"@type\":\"PropertyValueSpecification\",\"valueRequired\":true,\"valueName\":\"search_term_string\"}}],\"inLanguage\":\"en-CA\"},{\"@type\":\"Person\",\"@id\":\"https:\\\/\\\/www.chezcora.com\\\/#\\\/schema\\\/person\\\/88e2042ed1147c57ae662ff786f967a3\",\"name\":\"Isabel P. Picard\",\"image\":{\"@type\":\"ImageObject\",\"inLanguage\":\"en-CA\",\"@id\":\"https:\\\/\\\/secure.gravatar.com\\\/avatar\\\/d9b7dd76d8858b218ed5ff8164b843efdac8c0ab35ed48ce74bd4b45a2a5ee07?s=96&d=mm&r=g\",\"url\":\"https:\\\/\\\/secure.gravatar.com\\\/avatar\\\/d9b7dd76d8858b218ed5ff8164b843efdac8c0ab35ed48ce74bd4b45a2a5ee07?s=96&d=mm&r=g\",\"contentUrl\":\"https:\\\/\\\/secure.gravatar.com\\\/avatar\\\/d9b7dd76d8858b218ed5ff8164b843efdac8c0ab35ed48ce74bd4b45a2a5ee07?s=96&d=mm&r=g\",\"caption\":\"Isabel P. Picard\"}}]}<\/script>\n<!-- \/ Yoast SEO plugin. -->","yoast_head_json":{"title":"J'ai r\u00eav\u00e9 d'un tatouage &#8211; Cora D\u00e9jeuners et d\u00eeners","robots":{"index":"index","follow":"follow","max-snippet":"max-snippet:-1","max-image-preview":"max-image-preview:large","max-video-preview":"max-video-preview:-1"},"canonical":"https:\/\/www.chezcora.com\/en\/mme-coras-letter\/i-dreamt-of-a-tattoo\/","og_locale":"en_US","og_type":"article","og_title":"J'ai r\u00eav\u00e9 d'un tatouage &#8211; Cora D\u00e9jeuners et d\u00eeners","og_description":"7 h 34 au caf\u00e9 du village La nuit derni\u00e8re, j\u2019ai r\u00eav\u00e9 [&hellip;]","og_url":"https:\/\/www.chezcora.com\/en\/mme-coras-letter\/i-dreamt-of-a-tattoo\/","og_site_name":"Cora D\u00e9jeuners et d\u00eeners","article_publisher":"https:\/\/www.facebook.com\/corarestaurants","article_published_time":"2023-03-31T13:53:04+00:00","og_image":[{"width":1025,"height":1025,"url":"https:\/\/e3b2rn3eqfa.exactdn.com\/wp-content\/uploads\/2023\/03\/Revetatouage_1025.jpg?strip=all&lossy=1&ssl=1","type":"image\/jpeg"}],"author":"Isabel P. Picard","twitter_card":"summary_large_image","twitter_creator":"@CoraRestaurants","twitter_site":"@CoraRestaurants","twitter_misc":{"Written by":"Isabel P. Picard","Est. reading time":"4 minutes"},"schema":{"@context":"https:\/\/schema.org","@graph":[{"@type":"Article","@id":"https:\/\/www.chezcora.com\/lettre-mme-cora\/jai-reve-dun-tatouage\/#article","isPartOf":{"@id":"https:\/\/www.chezcora.com\/lettre-mme-cora\/jai-reve-dun-tatouage\/"},"author":{"name":"Isabel P. Picard","@id":"https:\/\/www.chezcora.com\/#\/schema\/person\/88e2042ed1147c57ae662ff786f967a3"},"headline":"J'ai r\u00eav\u00e9 d'un tatouage","datePublished":"2023-03-31T13:53:04+00:00","mainEntityOfPage":{"@id":"https:\/\/www.chezcora.com\/lettre-mme-cora\/jai-reve-dun-tatouage\/"},"wordCount":802,"commentCount":0,"image":{"@id":"https:\/\/www.chezcora.com\/lettre-mme-cora\/jai-reve-dun-tatouage\/#primaryimage"},"thumbnailUrl":"https:\/\/e3b2rn3eqfa.exactdn.com\/wp-content\/uploads\/2023\/03\/Revetatouage_1025.jpg?strip=all","articleSection":["Lettre Mme Cora"],"inLanguage":"en-CA","potentialAction":[{"@type":"CommentAction","name":"Comment","target":["https:\/\/www.chezcora.com\/lettre-mme-cora\/jai-reve-dun-tatouage\/#respond"]}]},{"@type":"WebPage","@id":"https:\/\/www.chezcora.com\/lettre-mme-cora\/jai-reve-dun-tatouage\/","url":"https:\/\/www.chezcora.com\/lettre-mme-cora\/jai-reve-dun-tatouage\/","name":"J'ai r\u00eav\u00e9 d'un tatouage &#8211; Cora D\u00e9jeuners et d\u00eeners","isPartOf":{"@id":"https:\/\/www.chezcora.com\/#website"},"primaryImageOfPage":{"@id":"https:\/\/www.chezcora.com\/lettre-mme-cora\/jai-reve-dun-tatouage\/#primaryimage"},"image":{"@id":"https:\/\/www.chezcora.com\/lettre-mme-cora\/jai-reve-dun-tatouage\/#primaryimage"},"thumbnailUrl":"https:\/\/e3b2rn3eqfa.exactdn.com\/wp-content\/uploads\/2023\/03\/Revetatouage_1025.jpg?strip=all","datePublished":"2023-03-31T13:53:04+00:00","author":{"@id":"https:\/\/www.chezcora.com\/#\/schema\/person\/88e2042ed1147c57ae662ff786f967a3"},"breadcrumb":{"@id":"https:\/\/www.chezcora.com\/lettre-mme-cora\/jai-reve-dun-tatouage\/#breadcrumb"},"inLanguage":"en-CA","potentialAction":[{"@type":"ReadAction","target":["https:\/\/www.chezcora.com\/lettre-mme-cora\/jai-reve-dun-tatouage\/"]}]},{"@type":"ImageObject","inLanguage":"en-CA","@id":"https:\/\/www.chezcora.com\/lettre-mme-cora\/jai-reve-dun-tatouage\/#primaryimage","url":"https:\/\/e3b2rn3eqfa.exactdn.com\/wp-content\/uploads\/2023\/03\/Revetatouage_1025.jpg?strip=all","contentUrl":"https:\/\/e3b2rn3eqfa.exactdn.com\/wp-content\/uploads\/2023\/03\/Revetatouage_1025.jpg?strip=all","width":1025,"height":1025,"caption":"J'ai r\u00eav\u00e9 d'un tatouage_2 avril"},{"@type":"BreadcrumbList","@id":"https:\/\/www.chezcora.com\/lettre-mme-cora\/jai-reve-dun-tatouage\/#breadcrumb","itemListElement":[{"@type":"ListItem","position":1,"name":"Lettre Mme Cora","item":"https:\/\/www.chezcora.com\/lettre-mme-cora\/"},{"@type":"ListItem","position":2,"name":"J'ai r\u00eav\u00e9 d'un tatouage"}]},{"@type":"WebSite","@id":"https:\/\/www.chezcora.com\/#website","url":"https:\/\/www.chezcora.com\/","name":"Cora Breakfast and Lunch","description":"D\u00e9jeuners spectaculaires livr\u00e9s \u00e0 votre domicile","potentialAction":[{"@type":"SearchAction","target":{"@type":"EntryPoint","urlTemplate":"https:\/\/www.chezcora.com\/?s={search_term_string}"},"query-input":{"@type":"PropertyValueSpecification","valueRequired":true,"valueName":"search_term_string"}}],"inLanguage":"en-CA"},{"@type":"Person","@id":"https:\/\/www.chezcora.com\/#\/schema\/person\/88e2042ed1147c57ae662ff786f967a3","name":"Isabel P. Picard","image":{"@type":"ImageObject","inLanguage":"en-CA","@id":"https:\/\/secure.gravatar.com\/avatar\/d9b7dd76d8858b218ed5ff8164b843efdac8c0ab35ed48ce74bd4b45a2a5ee07?s=96&d=mm&r=g","url":"https:\/\/secure.gravatar.com\/avatar\/d9b7dd76d8858b218ed5ff8164b843efdac8c0ab35ed48ce74bd4b45a2a5ee07?s=96&d=mm&r=g","contentUrl":"https:\/\/secure.gravatar.com\/avatar\/d9b7dd76d8858b218ed5ff8164b843efdac8c0ab35ed48ce74bd4b45a2a5ee07?s=96&d=mm&r=g","caption":"Isabel P. Picard"}}]}},"_links":{"self":[{"href":"https:\/\/www.chezcora.com\/en\/wp-json\/wp\/v2\/posts\/19658","targetHints":{"allow":["GET"]}}],"collection":[{"href":"https:\/\/www.chezcora.com\/en\/wp-json\/wp\/v2\/posts"}],"about":[{"href":"https:\/\/www.chezcora.com\/en\/wp-json\/wp\/v2\/types\/post"}],"author":[{"embeddable":true,"href":"https:\/\/www.chezcora.com\/en\/wp-json\/wp\/v2\/users\/414"}],"replies":[{"embeddable":true,"href":"https:\/\/www.chezcora.com\/en\/wp-json\/wp\/v2\/comments?post=19658"}],"version-history":[{"count":0,"href":"https:\/\/www.chezcora.com\/en\/wp-json\/wp\/v2\/posts\/19658\/revisions"}],"wp:featuredmedia":[{"embeddable":true,"href":"https:\/\/www.chezcora.com\/en\/wp-json\/wp\/v2\/media\/19659"}],"wp:attachment":[{"href":"https:\/\/www.chezcora.com\/en\/wp-json\/wp\/v2\/media?parent=19658"}],"wp:term":[{"taxonomy":"category","embeddable":true,"href":"https:\/\/www.chezcora.com\/en\/wp-json\/wp\/v2\/categories?post=19658"},{"taxonomy":"post_tag","embeddable":true,"href":"https:\/\/www.chezcora.com\/en\/wp-json\/wp\/v2\/tags?post=19658"}],"curies":[{"name":"wp","href":"https:\/\/api.w.org\/{rel}","templated":true}]}}