{"id":20332,"date":"2023-04-09T10:10:26","date_gmt":"2023-04-09T14:10:26","guid":{"rendered":"https:\/\/www.chezcora.com\/?p=20332"},"modified":"2023-04-09T10:10:26","modified_gmt":"2023-04-09T14:10:26","slug":"dear-isabel-p","status":"publish","type":"post","link":"https:\/\/www.chezcora.com\/en\/lettre-mme-cora\/chere-dame-isabel-p\/","title":{"rendered":"Dear Isabel P."},"content":{"rendered":"<p>Ch\u00e8re dame Isabel P., quelle belle surprise vous me faites en vous int\u00e9ressant \u00e0 moi, et c\u2019est avec grand plaisir que je vais r\u00e9pondre \u00e0 toutes vos questions. J\u2019ai cru comprendre, en lisant votre lettre re\u00e7ue hier matin au si\u00e8ge social de l\u2019entreprise Cora, que vous travaillez en communication et que vous devez produire un article consistant \u00e0 interroger une personnalit\u00e9 du monde de la restauration.<\/p>\n<p>Je dois d\u2019abord vous dire, ch\u00e8re Isabel, que je suis tr\u00e8s honor\u00e9e que vous m\u2019ayez choisie. Dans ce monde d\u2019aujourd\u2019hui, rempli d\u2019une foule de jeunes et de moins jeunes cuisiniers \u00e9m\u00e9rites, vous aviez amplement le choix d\u2019interroger une \u00e9toile scintillante. Et vous avez choisi une orange confite, va pour sanguine et color\u00e9e, mais dont le jus se vide tout doucement du fruit\u2026 Allez, ch\u00e8re Isabel, sortez votre liste de questions! Je suis rarement en panne de r\u00e9ponses.<\/p>\n<p>\u2014 Dame Cora, je dois vous dire que j\u2019ai d\u00e9cid\u00e9 justement de faire un article intimiste. Je lis vos Lettres du dimanche et je suis certaine que ce qui int\u00e9resserait vos lectrices n\u2019est ni votre parcours professionnel ni vos troph\u00e9es et le grand nombre de vos \u00e9tablissements. Toutes ces lectrices qui ont fait le tour de la Gasp\u00e9sie avec vous, ce qu\u2019elles veulent conna\u00eetre, c\u2019est votre rapport \u00e0 la nourriture, vos pr\u00e9f\u00e9rences, vos petites manies et ce dont vous ne pouvez vous passer.<br \/>\n\u2014 J\u2019adore ce genre d\u2019interview, ch\u00e8re Isabel. Sortez vos questions et d\u00e9plumez l\u2019oiseau rare!<\/p>\n<p>\u2014 Allons-y! Quelle est la recette que vous aimez le plus cuisiner?<br \/>\n\u2014 Des feuillet\u00e9s aux \u00e9pinards (spanakopita) parce que c\u2019est ce que mes enfants et petits-enfants pr\u00e9f\u00e8rent manger et parce que je les r\u00e9ussis tr\u00e8s bien.<\/p>\n<p>\u2014 Mis \u00e0 part les chefs dans les restaurants Cora, qui est votre cuistot favori?<br \/>\n\u2014 J\u2019en ai deux. Matthew, notre g\u00e9nial jeune chef corporatif au sein de notre Entreprise et \u00c9ric, un vieux pruneau de mon \u00e2ge, grand ami, cuisinier de m\u00e9tier et dipl\u00f4m\u00e9 des grandes \u00e9coles culinaires de Suisse. \u00c9ric excelle dans les sauces et son caramel, je l\u2019avoue, est meilleur que le mien. Oui, oui!<\/p>\n<p>\u2014 Lorsque vous avez envie de vous g\u00e2ter, que choisissez-vous de manger?<br \/>\n\u2014 Longtemps, lorsque je travaillais \u00e0 grande vitesse, c\u2019\u00e9tait la pizza et les lasagnes. R\u00e9confortant, d\u00e9licieux et bourratif, un seul gros repas par jour m\u2019\u00e9conomisait du temps. Aujourd\u2019hui, je mange beaucoup plus sainement, accompagnant chaque repas de crudit\u00e9s (radis, carottes nantaises, b\u00e2tons de c\u00e9leri, da\u00efkon marin\u00e9 et petits concombres d\u2019\u00e9t\u00e9) pour remplacer le pain. Je pr\u00e9f\u00e8re le poisson et les fruits de mer \u00e0 la viande, mais les c\u00f4telettes d\u2019agneau bien cuites me font saliver.<\/p>\n<p>\u2014 \u00cates-vous davantage du type sucr\u00e9 ou sal\u00e9?<br \/>\n\u2014 Je suis d\u00e9finitivement du type sal\u00e9 m\u00eame si, jeune femme, je ne pouvais r\u00e9sister \u00e0 une tarte au sucre St-Hubert. Aujourd\u2019hui, je ne mange pas de dessert; une bouch\u00e9e pour go\u00fbter au travail, et une beurr\u00e9e de confitures sur une toast lorsque j\u2019en fais. <\/p>\n<p>\u2014 Si vous ne deviez manger qu\u2019une sorte de plat pour le reste de votre vie, quel serait-il?<br \/>\n\u2014 Des feuillet\u00e9s aux \u00e9pinards, avec mod\u00e9ration, et des crudit\u00e9s. Et si la plan\u00e8te arrivait \u00e0 manquer d\u2019\u00e9pinards et que le prix des homards \u00e9tait toujours raisonnable, j\u2019en mangerais un beau gros matin, midi et soir; froid avec mayonnaise ou chaud sauc\u00e9 dans le beurre \u00e0 l\u2019ail. <\/p>\n<p>\u2014 Quel est le pays ou quelle est la culture que vous appr\u00e9ciez le plus pour sa cuisine?<br \/>\n\u2014 La cuisine grecque, bien entendu, parce que je la connais et la maitrise tr\u00e8s bien. C\u2019est d\u2019ailleurs la seule chose que l\u2019\u00e9poux m\u2019a donn\u00e9e en plus de trois semences dans mon ventre. <\/p>\n<p>\u2014 Avez-vous une petite fringale un peu \u00e9trange; quelque chose que vous mangez qui fait sourciller les autres?<br \/>\n\u2014 Pas vraiment. Je mange beaucoup de poisson, du hareng boucan\u00e9, des petits capelans s\u00e9ch\u00e9s, beaucoup de saumon fum\u00e9, autant de morue, des calmars frits \u00e0 l\u2019occasion et de grosses crevettes d\u2019Argentine lorsque c\u2019est la f\u00eate.<\/p>\n<p>\u2014 \u00cates-vous une fine bouche, une adepte de la gastronomie?<br \/>\n\u2014 Pas du tout! Ma sp\u00e9cialit\u00e9, c\u2019est le d\u00e9jeuner et je marcherais \u00e0 genoux jusqu\u2019\u00e0 Boston si j\u2019\u00e9tais certaine d\u2019y d\u00e9couvrir un nouveau d\u00e9jeuner mirobolant.<\/p>\n<p>\u2014 Croyez-vous qu\u2019un homme pourrait vous s\u00e9duire par la panse?<br \/>\n\u2014 Quelle \u00e9pouvantable question que voil\u00e0! Je marine depuis tellement longtemps dans les eaux du c\u00e9libat que je d\u00e9sesp\u00e8re. Les hommes me voient comme un r\u00e9el succ\u00e8s alors que mon c\u0153ur de reine est \u00e9chec et mat depuis presque 60 ans.<\/p>\n<p>\u2014 En 1987, lorsque vous avez ouvert votre premier petit restaurant de d\u00e9jeuners, ce repas n\u2019\u00e9tait ni \u00e0 la mode ni populaire. Pourquoi avez-vous choisi cette sp\u00e9cialit\u00e9?<br \/>\n\u2014 Croyez-moi ou non, c\u2019est un ange du ciel qui a mis cette id\u00e9e dans ma t\u00eate. Je relevais \u00e0 cette \u00e9poque d\u2019un s\u00e9v\u00e8re burnout, oblig\u00e9e de vendre l\u2019abri familial. C\u2019est le ciel qui a eu piti\u00e9 de moi en trouvant un acheteur pour ma maison dont la vente m\u2019a permis d\u2019ouvrir un petit resto pour au moins gagner notre cro\u00fbte. Inspir\u00e9e d\u2019en haut, je me suis concentr\u00e9e sur le repas matinal et ma cr\u00e9ativit\u00e9 a fait le reste.<\/p>\n<p>\u2014 Avez-vous un p\u00e9ch\u00e9 mignon? Une chose \u00e0 laquelle vous ne pouvez r\u00e9sister?<br \/>\n\u2014 Malheureusement non. Mais si, un de ces matins b\u00e9nis, tous les grands po\u00e8tes pouvaient ressusciter ensemble dans ma cour arri\u00e8re, je ne pourrais r\u00e9sister \u00e0 l\u2019envie de dresser pour eux une immense table de toutes mes meilleures sp\u00e9cialit\u00e9s matinales. <\/p>\n<p>\u2014 Merci beaucoup, ch\u00e8re Madame Cora.<br \/>\n\u2014 Merci \u00e0 vous, ch\u00e8re Isabel.<\/p>\n<p>Cora<br \/>\n\ud83c\udf7d<\/p>","protected":false},"excerpt":{"rendered":"<p>Ch\u00e8re dame Isabel P., quelle belle surprise vous me faites en vous [&hellip;]<\/p>\n","protected":false},"author":414,"featured_media":20333,"comment_status":"open","ping_status":"open","sticky":false,"template":"","format":"standard","meta":{"_acf_changed":false,"footnotes":""},"categories":[32],"tags":[],"class_list":["post-20332","post","type-post","status-publish","format-standard","has-post-thumbnail","hentry","category-lettre-mme-cora"],"acf":[],"yoast_head":"<!-- This site is optimized with the Yoast SEO plugin v27.4 - https:\/\/yoast.com\/product\/yoast-seo-wordpress\/ -->\n<title>Ch\u00e8re dame Isabel P. &#8211; Cora D\u00e9jeuners et d\u00eeners<\/title>\n<meta name=\"robots\" content=\"index, follow, max-snippet:-1, max-image-preview:large, max-video-preview:-1\" \/>\n<link rel=\"canonical\" href=\"https:\/\/www.chezcora.com\/en\/mme-coras-letter\/dear-isabel-p\/\" \/>\n<meta property=\"og:locale\" content=\"en_US\" \/>\n<meta property=\"og:type\" content=\"article\" \/>\n<meta property=\"og:title\" content=\"Ch\u00e8re dame Isabel P. &#8211; Cora D\u00e9jeuners et d\u00eeners\" \/>\n<meta property=\"og:description\" content=\"Ch\u00e8re dame Isabel P., quelle belle surprise vous me faites en vous [&hellip;]\" \/>\n<meta property=\"og:url\" content=\"https:\/\/www.chezcora.com\/en\/mme-coras-letter\/dear-isabel-p\/\" \/>\n<meta property=\"og:site_name\" content=\"Cora D\u00e9jeuners et d\u00eeners\" \/>\n<meta property=\"article:publisher\" content=\"https:\/\/www.facebook.com\/corarestaurants\" \/>\n<meta property=\"article:published_time\" content=\"2023-04-09T14:10:26+00:00\" \/>\n<meta property=\"og:image\" content=\"https:\/\/www.chezcora.com\/wp-content\/uploads\/2023\/04\/Chere-dame-Isabel-P._9-avril_1025.jpg\" \/>\n\t<meta property=\"og:image:width\" content=\"1025\" \/>\n\t<meta property=\"og:image:height\" content=\"1025\" \/>\n\t<meta property=\"og:image:type\" content=\"image\/jpeg\" \/>\n<meta name=\"author\" content=\"Isabel P. Picard\" \/>\n<meta name=\"twitter:card\" content=\"summary_large_image\" \/>\n<meta name=\"twitter:creator\" content=\"@CoraRestaurants\" \/>\n<meta name=\"twitter:site\" content=\"@CoraRestaurants\" \/>\n<meta name=\"twitter:label1\" content=\"Written by\" \/>\n\t<meta name=\"twitter:data1\" content=\"Isabel P. Picard\" \/>\n\t<meta name=\"twitter:label2\" content=\"Est. reading time\" \/>\n\t<meta name=\"twitter:data2\" content=\"5 minutes\" \/>\n<script type=\"application\/ld+json\" class=\"yoast-schema-graph\">{\"@context\":\"https:\\\/\\\/schema.org\",\"@graph\":[{\"@type\":\"Article\",\"@id\":\"https:\\\/\\\/www.chezcora.com\\\/lettre-mme-cora\\\/chere-dame-isabel-p\\\/#article\",\"isPartOf\":{\"@id\":\"https:\\\/\\\/www.chezcora.com\\\/lettre-mme-cora\\\/chere-dame-isabel-p\\\/\"},\"author\":{\"name\":\"Isabel P. Picard\",\"@id\":\"https:\\\/\\\/www.chezcora.com\\\/#\\\/schema\\\/person\\\/88e2042ed1147c57ae662ff786f967a3\"},\"headline\":\"Ch\u00e8re dame Isabel P.\",\"datePublished\":\"2023-04-09T14:10:26+00:00\",\"mainEntityOfPage\":{\"@id\":\"https:\\\/\\\/www.chezcora.com\\\/lettre-mme-cora\\\/chere-dame-isabel-p\\\/\"},\"wordCount\":1010,\"commentCount\":0,\"image\":{\"@id\":\"https:\\\/\\\/www.chezcora.com\\\/lettre-mme-cora\\\/chere-dame-isabel-p\\\/#primaryimage\"},\"thumbnailUrl\":\"https:\\\/\\\/e3b2rn3eqfa.exactdn.com\\\/wp-content\\\/uploads\\\/2023\\\/04\\\/Chere-dame-Isabel-P._9-avril_1025.jpg?strip=all\",\"articleSection\":[\"Lettre Mme Cora\"],\"inLanguage\":\"en-CA\",\"potentialAction\":[{\"@type\":\"CommentAction\",\"name\":\"Comment\",\"target\":[\"https:\\\/\\\/www.chezcora.com\\\/lettre-mme-cora\\\/chere-dame-isabel-p\\\/#respond\"]}]},{\"@type\":\"WebPage\",\"@id\":\"https:\\\/\\\/www.chezcora.com\\\/lettre-mme-cora\\\/chere-dame-isabel-p\\\/\",\"url\":\"https:\\\/\\\/www.chezcora.com\\\/lettre-mme-cora\\\/chere-dame-isabel-p\\\/\",\"name\":\"Ch\u00e8re dame Isabel P. &#8211; Cora D\u00e9jeuners et d\u00eeners\",\"isPartOf\":{\"@id\":\"https:\\\/\\\/www.chezcora.com\\\/#website\"},\"primaryImageOfPage\":{\"@id\":\"https:\\\/\\\/www.chezcora.com\\\/lettre-mme-cora\\\/chere-dame-isabel-p\\\/#primaryimage\"},\"image\":{\"@id\":\"https:\\\/\\\/www.chezcora.com\\\/lettre-mme-cora\\\/chere-dame-isabel-p\\\/#primaryimage\"},\"thumbnailUrl\":\"https:\\\/\\\/e3b2rn3eqfa.exactdn.com\\\/wp-content\\\/uploads\\\/2023\\\/04\\\/Chere-dame-Isabel-P._9-avril_1025.jpg?strip=all\",\"datePublished\":\"2023-04-09T14:10:26+00:00\",\"author\":{\"@id\":\"https:\\\/\\\/www.chezcora.com\\\/#\\\/schema\\\/person\\\/88e2042ed1147c57ae662ff786f967a3\"},\"breadcrumb\":{\"@id\":\"https:\\\/\\\/www.chezcora.com\\\/lettre-mme-cora\\\/chere-dame-isabel-p\\\/#breadcrumb\"},\"inLanguage\":\"en-CA\",\"potentialAction\":[{\"@type\":\"ReadAction\",\"target\":[\"https:\\\/\\\/www.chezcora.com\\\/lettre-mme-cora\\\/chere-dame-isabel-p\\\/\"]}]},{\"@type\":\"ImageObject\",\"inLanguage\":\"en-CA\",\"@id\":\"https:\\\/\\\/www.chezcora.com\\\/lettre-mme-cora\\\/chere-dame-isabel-p\\\/#primaryimage\",\"url\":\"https:\\\/\\\/e3b2rn3eqfa.exactdn.com\\\/wp-content\\\/uploads\\\/2023\\\/04\\\/Chere-dame-Isabel-P._9-avril_1025.jpg?strip=all\",\"contentUrl\":\"https:\\\/\\\/e3b2rn3eqfa.exactdn.com\\\/wp-content\\\/uploads\\\/2023\\\/04\\\/Chere-dame-Isabel-P._9-avril_1025.jpg?strip=all\",\"width\":1025,\"height\":1025},{\"@type\":\"BreadcrumbList\",\"@id\":\"https:\\\/\\\/www.chezcora.com\\\/lettre-mme-cora\\\/chere-dame-isabel-p\\\/#breadcrumb\",\"itemListElement\":[{\"@type\":\"ListItem\",\"position\":1,\"name\":\"Lettre Mme Cora\",\"item\":\"https:\\\/\\\/www.chezcora.com\\\/lettre-mme-cora\\\/\"},{\"@type\":\"ListItem\",\"position\":2,\"name\":\"Ch\u00e8re dame Isabel P.\"}]},{\"@type\":\"WebSite\",\"@id\":\"https:\\\/\\\/www.chezcora.com\\\/#website\",\"url\":\"https:\\\/\\\/www.chezcora.com\\\/\",\"name\":\"Cora D\u00e9jeuners et d\u00eeners\",\"description\":\"D\u00e9jeuners spectaculaires livr\u00e9s \u00e0 votre domicile\",\"potentialAction\":[{\"@type\":\"SearchAction\",\"target\":{\"@type\":\"EntryPoint\",\"urlTemplate\":\"https:\\\/\\\/www.chezcora.com\\\/?s={search_term_string}\"},\"query-input\":{\"@type\":\"PropertyValueSpecification\",\"valueRequired\":true,\"valueName\":\"search_term_string\"}}],\"inLanguage\":\"en-CA\"},{\"@type\":\"Person\",\"@id\":\"https:\\\/\\\/www.chezcora.com\\\/#\\\/schema\\\/person\\\/88e2042ed1147c57ae662ff786f967a3\",\"name\":\"Isabel P. Picard\",\"image\":{\"@type\":\"ImageObject\",\"inLanguage\":\"en-CA\",\"@id\":\"https:\\\/\\\/secure.gravatar.com\\\/avatar\\\/d9b7dd76d8858b218ed5ff8164b843efdac8c0ab35ed48ce74bd4b45a2a5ee07?s=96&d=mm&r=g\",\"url\":\"https:\\\/\\\/secure.gravatar.com\\\/avatar\\\/d9b7dd76d8858b218ed5ff8164b843efdac8c0ab35ed48ce74bd4b45a2a5ee07?s=96&d=mm&r=g\",\"contentUrl\":\"https:\\\/\\\/secure.gravatar.com\\\/avatar\\\/d9b7dd76d8858b218ed5ff8164b843efdac8c0ab35ed48ce74bd4b45a2a5ee07?s=96&d=mm&r=g\",\"caption\":\"Isabel P. Picard\"}}]}<\/script>\n<!-- \/ Yoast SEO plugin. -->","yoast_head_json":{"title":"Ch\u00e8re dame Isabel P. &#8211; Cora D\u00e9jeuners et d\u00eeners","robots":{"index":"index","follow":"follow","max-snippet":"max-snippet:-1","max-image-preview":"max-image-preview:large","max-video-preview":"max-video-preview:-1"},"canonical":"https:\/\/www.chezcora.com\/en\/mme-coras-letter\/dear-isabel-p\/","og_locale":"en_US","og_type":"article","og_title":"Ch\u00e8re dame Isabel P. &#8211; Cora D\u00e9jeuners et d\u00eeners","og_description":"Ch\u00e8re dame Isabel P., quelle belle surprise vous me faites en vous [&hellip;]","og_url":"https:\/\/www.chezcora.com\/en\/mme-coras-letter\/dear-isabel-p\/","og_site_name":"Cora D\u00e9jeuners et d\u00eeners","article_publisher":"https:\/\/www.facebook.com\/corarestaurants","article_published_time":"2023-04-09T14:10:26+00:00","og_image":[{"width":1025,"height":1025,"url":"https:\/\/www.chezcora.com\/wp-content\/uploads\/2023\/04\/Chere-dame-Isabel-P._9-avril_1025.jpg","type":"image\/jpeg"}],"author":"Isabel P. Picard","twitter_card":"summary_large_image","twitter_creator":"@CoraRestaurants","twitter_site":"@CoraRestaurants","twitter_misc":{"Written by":"Isabel P. Picard","Est. reading time":"5 minutes"},"schema":{"@context":"https:\/\/schema.org","@graph":[{"@type":"Article","@id":"https:\/\/www.chezcora.com\/lettre-mme-cora\/chere-dame-isabel-p\/#article","isPartOf":{"@id":"https:\/\/www.chezcora.com\/lettre-mme-cora\/chere-dame-isabel-p\/"},"author":{"name":"Isabel P. Picard","@id":"https:\/\/www.chezcora.com\/#\/schema\/person\/88e2042ed1147c57ae662ff786f967a3"},"headline":"Ch\u00e8re dame Isabel P.","datePublished":"2023-04-09T14:10:26+00:00","mainEntityOfPage":{"@id":"https:\/\/www.chezcora.com\/lettre-mme-cora\/chere-dame-isabel-p\/"},"wordCount":1010,"commentCount":0,"image":{"@id":"https:\/\/www.chezcora.com\/lettre-mme-cora\/chere-dame-isabel-p\/#primaryimage"},"thumbnailUrl":"https:\/\/e3b2rn3eqfa.exactdn.com\/wp-content\/uploads\/2023\/04\/Chere-dame-Isabel-P._9-avril_1025.jpg?strip=all","articleSection":["Lettre Mme Cora"],"inLanguage":"en-CA","potentialAction":[{"@type":"CommentAction","name":"Comment","target":["https:\/\/www.chezcora.com\/lettre-mme-cora\/chere-dame-isabel-p\/#respond"]}]},{"@type":"WebPage","@id":"https:\/\/www.chezcora.com\/lettre-mme-cora\/chere-dame-isabel-p\/","url":"https:\/\/www.chezcora.com\/lettre-mme-cora\/chere-dame-isabel-p\/","name":"Ch\u00e8re dame Isabel P. &#8211; Cora D\u00e9jeuners et d\u00eeners","isPartOf":{"@id":"https:\/\/www.chezcora.com\/#website"},"primaryImageOfPage":{"@id":"https:\/\/www.chezcora.com\/lettre-mme-cora\/chere-dame-isabel-p\/#primaryimage"},"image":{"@id":"https:\/\/www.chezcora.com\/lettre-mme-cora\/chere-dame-isabel-p\/#primaryimage"},"thumbnailUrl":"https:\/\/e3b2rn3eqfa.exactdn.com\/wp-content\/uploads\/2023\/04\/Chere-dame-Isabel-P._9-avril_1025.jpg?strip=all","datePublished":"2023-04-09T14:10:26+00:00","author":{"@id":"https:\/\/www.chezcora.com\/#\/schema\/person\/88e2042ed1147c57ae662ff786f967a3"},"breadcrumb":{"@id":"https:\/\/www.chezcora.com\/lettre-mme-cora\/chere-dame-isabel-p\/#breadcrumb"},"inLanguage":"en-CA","potentialAction":[{"@type":"ReadAction","target":["https:\/\/www.chezcora.com\/lettre-mme-cora\/chere-dame-isabel-p\/"]}]},{"@type":"ImageObject","inLanguage":"en-CA","@id":"https:\/\/www.chezcora.com\/lettre-mme-cora\/chere-dame-isabel-p\/#primaryimage","url":"https:\/\/e3b2rn3eqfa.exactdn.com\/wp-content\/uploads\/2023\/04\/Chere-dame-Isabel-P._9-avril_1025.jpg?strip=all","contentUrl":"https:\/\/e3b2rn3eqfa.exactdn.com\/wp-content\/uploads\/2023\/04\/Chere-dame-Isabel-P._9-avril_1025.jpg?strip=all","width":1025,"height":1025},{"@type":"BreadcrumbList","@id":"https:\/\/www.chezcora.com\/lettre-mme-cora\/chere-dame-isabel-p\/#breadcrumb","itemListElement":[{"@type":"ListItem","position":1,"name":"Lettre Mme Cora","item":"https:\/\/www.chezcora.com\/lettre-mme-cora\/"},{"@type":"ListItem","position":2,"name":"Ch\u00e8re dame Isabel P."}]},{"@type":"WebSite","@id":"https:\/\/www.chezcora.com\/#website","url":"https:\/\/www.chezcora.com\/","name":"Cora Breakfast and Lunch","description":"D\u00e9jeuners spectaculaires livr\u00e9s \u00e0 votre domicile","potentialAction":[{"@type":"SearchAction","target":{"@type":"EntryPoint","urlTemplate":"https:\/\/www.chezcora.com\/?s={search_term_string}"},"query-input":{"@type":"PropertyValueSpecification","valueRequired":true,"valueName":"search_term_string"}}],"inLanguage":"en-CA"},{"@type":"Person","@id":"https:\/\/www.chezcora.com\/#\/schema\/person\/88e2042ed1147c57ae662ff786f967a3","name":"Isabel P. Picard","image":{"@type":"ImageObject","inLanguage":"en-CA","@id":"https:\/\/secure.gravatar.com\/avatar\/d9b7dd76d8858b218ed5ff8164b843efdac8c0ab35ed48ce74bd4b45a2a5ee07?s=96&d=mm&r=g","url":"https:\/\/secure.gravatar.com\/avatar\/d9b7dd76d8858b218ed5ff8164b843efdac8c0ab35ed48ce74bd4b45a2a5ee07?s=96&d=mm&r=g","contentUrl":"https:\/\/secure.gravatar.com\/avatar\/d9b7dd76d8858b218ed5ff8164b843efdac8c0ab35ed48ce74bd4b45a2a5ee07?s=96&d=mm&r=g","caption":"Isabel P. Picard"}}]}},"_links":{"self":[{"href":"https:\/\/www.chezcora.com\/en\/wp-json\/wp\/v2\/posts\/20332","targetHints":{"allow":["GET"]}}],"collection":[{"href":"https:\/\/www.chezcora.com\/en\/wp-json\/wp\/v2\/posts"}],"about":[{"href":"https:\/\/www.chezcora.com\/en\/wp-json\/wp\/v2\/types\/post"}],"author":[{"embeddable":true,"href":"https:\/\/www.chezcora.com\/en\/wp-json\/wp\/v2\/users\/414"}],"replies":[{"embeddable":true,"href":"https:\/\/www.chezcora.com\/en\/wp-json\/wp\/v2\/comments?post=20332"}],"version-history":[{"count":0,"href":"https:\/\/www.chezcora.com\/en\/wp-json\/wp\/v2\/posts\/20332\/revisions"}],"wp:featuredmedia":[{"embeddable":true,"href":"https:\/\/www.chezcora.com\/en\/wp-json\/wp\/v2\/media\/20333"}],"wp:attachment":[{"href":"https:\/\/www.chezcora.com\/en\/wp-json\/wp\/v2\/media?parent=20332"}],"wp:term":[{"taxonomy":"category","embeddable":true,"href":"https:\/\/www.chezcora.com\/en\/wp-json\/wp\/v2\/categories?post=20332"},{"taxonomy":"post_tag","embeddable":true,"href":"https:\/\/www.chezcora.com\/en\/wp-json\/wp\/v2\/tags?post=20332"}],"curies":[{"name":"wp","href":"https:\/\/api.w.org\/{rel}","templated":true}]}}