{"id":2125,"date":"2021-12-02T08:31:00","date_gmt":"2021-12-02T13:31:00","guid":{"rendered":"https:\/\/www-new2022.chezcora.com\/?p=2125"},"modified":"2022-01-31T08:32:02","modified_gmt":"2022-01-31T13:32:02","slug":"our-first-employees","status":"publish","type":"post","link":"https:\/\/www.chezcora.com\/en\/lettre-mme-cora\/nos-premiers-employes\/","title":{"rendered":"Our first employees"},"content":{"rendered":"<p>En ce matin frisquet de d\u00e9cembre voici encore un souvenir qui s\u2019acharne \u00e0 me sortir du lit.<\/p>\n<p>Nicole, Marie, Caroline, Guillaume le Mexicain qui\u00a0m\u00e2chouillait le fran\u00e7ais et Moustafa \u00e0 la plaque, aussi lent qu\u2019une tortue. Je les aimais tellement. En fermant mes yeux, je vois leurs visages d\u00e9filer dans la petite noirceur de l\u2019aube. Je suis heureuse en brossant mes dents comme si j\u2019allais rev\u00eatir mes blancs de cuisine, tresser mes longs cheveux et embarquer dans la petite Renault\u00a05 pour voler vers notre premier petit resto. Parce que j\u2019avais la cl\u00e9 \u00e0 cette \u00e9poque, je devais \u00eatre la premi\u00e8re arriv\u00e9e pour ouvrir le resto, partir un\u00a0silex de\u00a0caf\u00e9 et allumer la plaque chauffante.<\/p>\n<p>Moustafa arrivait ensuite et sortait du frigo les fruits, les cartons d\u2019\u0153ufs, la grosse bouteille de sirop maison, et les patates d\u00e9j\u00e0 cuites et coup\u00e9es en rondelle,\u00a0pr\u00eates \u00e0 \u00eatre vers\u00e9es sur la plaque. Puis, Nicole arrivait, reconduite par son amoureux qui la d\u00e9barquait \u00e0 7\u00a0h\u00a010 pile, chaque matin de semaine. Ensuite, les policiers entraient,\u00a0suivis de pr\u00e8s par les pompiers dont la caserne \u00e9tait \u00e0 deux rues de notre bouiboui. Je me souviens encore que pendant ses courtes pauses, Nicole qui se disait non-fumeuse, fumait en cachette dans le stationnement en parlant \u00e0 tel ou tel client qui arrivait au resto ou en sortait.<\/p>\n<p>Oui, oui, ce\u00a0premier resto a \u00e9t\u00e9 ouvert parce que j\u2019avais un urgent besoin de gagner ma vie et de nourrir mes enfants. Pas surprenant qu\u2019aujourd\u2019hui, ma plus grande fiert\u00e9 soit le nombre toujours grandissant\u00a0d\u2019employ\u00e9s dans notre\u00a0r\u00e9seau canadien.<\/p>\n<p>Les trois nombres les plus importants pour moi ont toujours \u00e9t\u00e9\u00a0: le nombre de clients servis chaque jour, le nombre de restaurants en activit\u00e9, et le pr\u00e9cieux nombre de personnes qui, comme moi, gagnent leur cro\u00fbte en travaillant sous le soleil Cora.<\/p>\n<p>Je suis contente d\u2019avoir partag\u00e9 le plancher des vaches avec nos premiers employ\u00e9s, de les avoir vus grandir, s\u2019am\u00e9liorer et devenir des experts capables de former les nouvelles cohortes d\u2019employ\u00e9s \u00e0 mesure que nous ouvrions de nouveaux restaurants.<\/p>\n<p>C\u2019est relativement possible d\u2019avoir une bonne id\u00e9e; tout le monde en a tous les jours. \u00ab\u2009C\u2019est l\u2019ex\u00e9cution qui fait toute la diff\u00e9rence\u2009\u00bb comme disent les gourous. Et pour ex\u00e9cuter, on a besoin des autres pour former et gouverner une bonne \u00e9quipe de travail.<\/p>\n<p>J\u2019oserais dire aux\u00a0jeunes patrons sans exp\u00e9rience qu\u2019ils doivent aimer leurs employ\u00e9s s\u2019ils veulent r\u00e9ussir. Ils doivent avoir \u00e0 c\u0153ur de les\u00a0comprendre, de\u00a0les appr\u00e9cier et de donner un sens \u00e0 leur travail. Dieu merci, \u00e0 mes d\u00e9buts, j\u2019ai pu me comporter comme une v\u00e9ritable m\u00e8re pour mes employ\u00e9s et mes enfants dans la m\u00eal\u00e9e. J\u2019ai su leur\u00a0inculquer la bienveillance envers les clients et leur d\u00e9montrer par l\u2019exemple que nous n\u2019\u00e9tions pas les ma\u00eetres, mais les serviteurs de l\u2019entreprise.<\/p>\n<p>Toutes nos pens\u00e9es, nos actions et nos paroles ont \u00e9t\u00e9 impr\u00e9gn\u00e9es de cette ardeur que nous mettions \u00e0 ravir nos clients.<\/p>\n<p>Je n\u2019ai pas \u00e9t\u00e9 mollette ni trop permissive avec mes employ\u00e9s. Je les ai trait\u00e9s comme\u00a0moi-m\u00eame, s\u00e9v\u00e8rement. Heureusement que mon r\u00eave quasi impossible a pu susciter chez eux un attachement hors du commun. Tous ceux qui ont travaill\u00e9 avec moi \u00e9taient d\u00e9vou\u00e9s, courageux, comp\u00e9tents et audacieux. Ils avaient devin\u00e9 \u00e0 quel point je d\u00e9testais les trouillards, c\u2019est-\u00e0-dire les trop peureux pour partager et d\u00e9fendre leurs propres opinions, ceux qui ne se compromettaient jamais et\u00a0ceux qui avaient toujours l\u2019air de penser exactement comme moi.<\/p>\n<p>Mes premiers employ\u00e9s\u00a0me visitent\u00a0en r\u00eave et j\u2019en suis bienheureuse. Et je regrette de ne pas les avoir suffisamment remerci\u00e9s et f\u00e9licit\u00e9s. Je me souviens. Plus j\u2019avais besoin d\u2019aide et plus chacun d\u2019eux prenait de l\u2019envergure.<\/p>\n<p>Plus je croyais \u00e0 leur potentiel, plus ils excellaient. Mon c\u0153ur les aimait tous\u00a0: ceux qui g\u00e9raient nos restaurants corporatifs, ceux qui servaient nos clients et ceux de l\u2019artillerie lourde qui formaient nos brigades de cuisine. Ils \u00e9taient nos v\u00e9ritables \u00ab\u00a0chefs de tribus\u2009\u00bb; ceux qui entra\u00eenaient les nouvelles \u00e9quipes \u00e0 mesure que nous ouvrions de nouveaux restaurants, au Qu\u00e9bec d\u2019abord, et ensuite partout au Canada.<\/p>\n<p>Ces experts sont pratiquement tous devenus officiellement les formateurs \u00e0 l\u2019emploi du franchiseur, quittant leurs familles pendant des semaines\u00a0enti\u00e8res pour aller un peu partout de Terre-Neuve \u00e0 la Colombie-Britannique. S\u2019assurant de toujours identifier le potentiel et de former de nouveaux formateurs \u00e0 travers le Canada, nos premiers formateurs sont devenus les chefs des diff\u00e9rents d\u00e9partements de l\u2019entreprise. Ils travaillent maintenant \u00e0 proximit\u00e9 de leurs familles, avec nous et sous la direction du pr\u00e9sident.<\/p>\n<p>C\u2019est d\u2019ailleurs \u00e0 cause de toute cette \u00e9quipe du tonnerre que j\u2019en suis venue \u00e0 c\u00e9der mon pr\u00e9cieux r\u00eave de conqu\u00eate \u00e0 la prochaine g\u00e9n\u00e9ration. \u00c0 vrai dire, je ne me souviens plus quand, en quelles circonstances pr\u00e9cises, j\u2019ai pris conscience pour la premi\u00e8re fois que ce n\u2019\u00e9tait plus moi qui tirais, mais eux qui poussaient pour que \u00e7a avance. Ce fut aussi subtil et r\u00e9el qu\u2019une pluie d\u2019automne lorsqu\u2019elle se change en neige. Lorsque tu t\u2019en aper\u00e7ois, c\u2019est d\u00e9j\u00e0 arriv\u00e9.<\/p>\n<p>Thomas Edison disait que la valeur d\u2019un produit ne r\u00e9side pas dans ce qu\u2019il est mais dans ce qu\u2019il apporte aux consommateurs. Ainsi, ce qui compte, ce n\u2019est pas le prix de l\u2019ampoule, mais la valeur de la lumi\u00e8re. WOW! \u00c7a m\u2019a fait r\u00e9fl\u00e9chir que chez nous, la v\u00e9ritable valeur ce n\u2019est pas celle de l\u2019\u0153uf ou de la cr\u00eape, mais bien L\u2019EXP\u00c9RIENCE INOUBLIABLE QUE NOS EMPLOY\u00c9S FONT VIVRE \u00c0 NOS CLIENTS.<\/p>\n<p>Cora<\/p>","protected":false},"excerpt":{"rendered":"<p>En ce matin frisquet de d\u00e9cembre voici encore un souvenir qui s\u2019acharne [&hellip;]<\/p>\n","protected":false},"author":1,"featured_media":2127,"comment_status":"open","ping_status":"open","sticky":false,"template":"","format":"standard","meta":{"_acf_changed":false,"footnotes":""},"categories":[32],"tags":[],"class_list":["post-2125","post","type-post","status-publish","format-standard","has-post-thumbnail","hentry","category-lettre-mme-cora"],"acf":[],"yoast_head":"<!-- This site is optimized with the Yoast SEO plugin v27.4 - https:\/\/yoast.com\/product\/yoast-seo-wordpress\/ -->\n<title>Nos premiers employ\u00e9s. &#8211; Cora D\u00e9jeuners et d\u00eeners<\/title>\n<meta name=\"robots\" content=\"index, follow, max-snippet:-1, max-image-preview:large, max-video-preview:-1\" \/>\n<link rel=\"canonical\" href=\"https:\/\/www.chezcora.com\/en\/mme-coras-letter\/our-first-employees\/\" \/>\n<meta property=\"og:locale\" content=\"en_US\" \/>\n<meta property=\"og:type\" content=\"article\" \/>\n<meta property=\"og:title\" content=\"Nos premiers employ\u00e9s. &#8211; Cora D\u00e9jeuners et d\u00eeners\" \/>\n<meta property=\"og:description\" content=\"En ce matin frisquet de d\u00e9cembre voici encore un souvenir qui s\u2019acharne [&hellip;]\" \/>\n<meta property=\"og:url\" content=\"https:\/\/www.chezcora.com\/en\/mme-coras-letter\/our-first-employees\/\" \/>\n<meta property=\"og:site_name\" content=\"Cora D\u00e9jeuners et d\u00eeners\" \/>\n<meta property=\"article:publisher\" content=\"https:\/\/www.facebook.com\/corarestaurants\" \/>\n<meta property=\"article:published_time\" content=\"2021-12-02T13:31:00+00:00\" \/>\n<meta property=\"article:modified_time\" content=\"2022-01-31T13:32:02+00:00\" \/>\n<meta property=\"og:image\" content=\"https:\/\/e3b2rn3eqfa.exactdn.com\/wp-content\/uploads\/2021\/12\/nos-premiers-employes.png?strip=all&lossy=0&ssl=1\" \/>\n\t<meta property=\"og:image:width\" content=\"1040\" \/>\n\t<meta property=\"og:image:height\" content=\"1040\" \/>\n\t<meta property=\"og:image:type\" content=\"image\/png\" \/>\n<meta name=\"author\" content=\"Frederic\" \/>\n<meta name=\"twitter:card\" content=\"summary_large_image\" \/>\n<meta name=\"twitter:creator\" content=\"@CoraRestaurants\" \/>\n<meta name=\"twitter:site\" content=\"@CoraRestaurants\" \/>\n<meta name=\"twitter:label1\" content=\"Written by\" \/>\n\t<meta name=\"twitter:data1\" content=\"Frederic\" \/>\n\t<meta name=\"twitter:label2\" content=\"Est. reading time\" \/>\n\t<meta name=\"twitter:data2\" content=\"5 minutes\" \/>\n<script type=\"application\/ld+json\" class=\"yoast-schema-graph\">{\"@context\":\"https:\\\/\\\/schema.org\",\"@graph\":[{\"@type\":\"Article\",\"@id\":\"https:\\\/\\\/www.chezcora.com\\\/lettre-mme-cora\\\/nos-premiers-employes\\\/#article\",\"isPartOf\":{\"@id\":\"https:\\\/\\\/www.chezcora.com\\\/lettre-mme-cora\\\/nos-premiers-employes\\\/\"},\"author\":{\"name\":\"Frederic\",\"@id\":\"https:\\\/\\\/www.chezcora.com\\\/#\\\/schema\\\/person\\\/dcb5c62d3439ed922025241c5de42233\"},\"headline\":\"Nos premiers employ\u00e9s.\",\"datePublished\":\"2021-12-02T13:31:00+00:00\",\"dateModified\":\"2022-01-31T13:32:02+00:00\",\"mainEntityOfPage\":{\"@id\":\"https:\\\/\\\/www.chezcora.com\\\/lettre-mme-cora\\\/nos-premiers-employes\\\/\"},\"wordCount\":1022,\"commentCount\":0,\"image\":{\"@id\":\"https:\\\/\\\/www.chezcora.com\\\/lettre-mme-cora\\\/nos-premiers-employes\\\/#primaryimage\"},\"thumbnailUrl\":\"https:\\\/\\\/e3b2rn3eqfa.exactdn.com\\\/wp-content\\\/uploads\\\/2021\\\/12\\\/nos-premiers-employes.png?strip=all\",\"articleSection\":[\"Lettre Mme Cora\"],\"inLanguage\":\"en-CA\",\"potentialAction\":[{\"@type\":\"CommentAction\",\"name\":\"Comment\",\"target\":[\"https:\\\/\\\/www.chezcora.com\\\/lettre-mme-cora\\\/nos-premiers-employes\\\/#respond\"]}]},{\"@type\":\"WebPage\",\"@id\":\"https:\\\/\\\/www.chezcora.com\\\/lettre-mme-cora\\\/nos-premiers-employes\\\/\",\"url\":\"https:\\\/\\\/www.chezcora.com\\\/lettre-mme-cora\\\/nos-premiers-employes\\\/\",\"name\":\"Nos premiers employ\u00e9s. &#8211; Cora D\u00e9jeuners et d\u00eeners\",\"isPartOf\":{\"@id\":\"https:\\\/\\\/www.chezcora.com\\\/#website\"},\"primaryImageOfPage\":{\"@id\":\"https:\\\/\\\/www.chezcora.com\\\/lettre-mme-cora\\\/nos-premiers-employes\\\/#primaryimage\"},\"image\":{\"@id\":\"https:\\\/\\\/www.chezcora.com\\\/lettre-mme-cora\\\/nos-premiers-employes\\\/#primaryimage\"},\"thumbnailUrl\":\"https:\\\/\\\/e3b2rn3eqfa.exactdn.com\\\/wp-content\\\/uploads\\\/2021\\\/12\\\/nos-premiers-employes.png?strip=all\",\"datePublished\":\"2021-12-02T13:31:00+00:00\",\"dateModified\":\"2022-01-31T13:32:02+00:00\",\"author\":{\"@id\":\"https:\\\/\\\/www.chezcora.com\\\/#\\\/schema\\\/person\\\/dcb5c62d3439ed922025241c5de42233\"},\"breadcrumb\":{\"@id\":\"https:\\\/\\\/www.chezcora.com\\\/lettre-mme-cora\\\/nos-premiers-employes\\\/#breadcrumb\"},\"inLanguage\":\"en-CA\",\"potentialAction\":[{\"@type\":\"ReadAction\",\"target\":[\"https:\\\/\\\/www.chezcora.com\\\/lettre-mme-cora\\\/nos-premiers-employes\\\/\"]}]},{\"@type\":\"ImageObject\",\"inLanguage\":\"en-CA\",\"@id\":\"https:\\\/\\\/www.chezcora.com\\\/lettre-mme-cora\\\/nos-premiers-employes\\\/#primaryimage\",\"url\":\"https:\\\/\\\/e3b2rn3eqfa.exactdn.com\\\/wp-content\\\/uploads\\\/2021\\\/12\\\/nos-premiers-employes.png?strip=all\",\"contentUrl\":\"https:\\\/\\\/e3b2rn3eqfa.exactdn.com\\\/wp-content\\\/uploads\\\/2021\\\/12\\\/nos-premiers-employes.png?strip=all\",\"width\":1040,\"height\":1040},{\"@type\":\"BreadcrumbList\",\"@id\":\"https:\\\/\\\/www.chezcora.com\\\/lettre-mme-cora\\\/nos-premiers-employes\\\/#breadcrumb\",\"itemListElement\":[{\"@type\":\"ListItem\",\"position\":1,\"name\":\"Lettre Mme Cora\",\"item\":\"https:\\\/\\\/www.chezcora.com\\\/lettre-mme-cora\\\/\"},{\"@type\":\"ListItem\",\"position\":2,\"name\":\"Nos premiers employ\u00e9s.\"}]},{\"@type\":\"WebSite\",\"@id\":\"https:\\\/\\\/www.chezcora.com\\\/#website\",\"url\":\"https:\\\/\\\/www.chezcora.com\\\/\",\"name\":\"Cora D\u00e9jeuners et d\u00eeners\",\"description\":\"D\u00e9jeuners spectaculaires livr\u00e9s \u00e0 votre domicile\",\"potentialAction\":[{\"@type\":\"SearchAction\",\"target\":{\"@type\":\"EntryPoint\",\"urlTemplate\":\"https:\\\/\\\/www.chezcora.com\\\/?s={search_term_string}\"},\"query-input\":{\"@type\":\"PropertyValueSpecification\",\"valueRequired\":true,\"valueName\":\"search_term_string\"}}],\"inLanguage\":\"en-CA\"},{\"@type\":\"Person\",\"@id\":\"https:\\\/\\\/www.chezcora.com\\\/#\\\/schema\\\/person\\\/dcb5c62d3439ed922025241c5de42233\",\"name\":\"Frederic\",\"image\":{\"@type\":\"ImageObject\",\"inLanguage\":\"en-CA\",\"@id\":\"https:\\\/\\\/secure.gravatar.com\\\/avatar\\\/1082bab674d453fb78e24eb556b982941cd520a5fc55895a71fda0b2f8b39c70?s=96&d=mm&r=g\",\"url\":\"https:\\\/\\\/secure.gravatar.com\\\/avatar\\\/1082bab674d453fb78e24eb556b982941cd520a5fc55895a71fda0b2f8b39c70?s=96&d=mm&r=g\",\"contentUrl\":\"https:\\\/\\\/secure.gravatar.com\\\/avatar\\\/1082bab674d453fb78e24eb556b982941cd520a5fc55895a71fda0b2f8b39c70?s=96&d=mm&r=g\",\"caption\":\"Frederic\"}}]}<\/script>\n<!-- \/ Yoast SEO plugin. -->","yoast_head_json":{"title":"Nos premiers employ\u00e9s. &#8211; Cora D\u00e9jeuners et d\u00eeners","robots":{"index":"index","follow":"follow","max-snippet":"max-snippet:-1","max-image-preview":"max-image-preview:large","max-video-preview":"max-video-preview:-1"},"canonical":"https:\/\/www.chezcora.com\/en\/mme-coras-letter\/our-first-employees\/","og_locale":"en_US","og_type":"article","og_title":"Nos premiers employ\u00e9s. &#8211; Cora D\u00e9jeuners et d\u00eeners","og_description":"En ce matin frisquet de d\u00e9cembre voici encore un souvenir qui s\u2019acharne [&hellip;]","og_url":"https:\/\/www.chezcora.com\/en\/mme-coras-letter\/our-first-employees\/","og_site_name":"Cora D\u00e9jeuners et d\u00eeners","article_publisher":"https:\/\/www.facebook.com\/corarestaurants","article_published_time":"2021-12-02T13:31:00+00:00","article_modified_time":"2022-01-31T13:32:02+00:00","og_image":[{"width":1040,"height":1040,"url":"https:\/\/e3b2rn3eqfa.exactdn.com\/wp-content\/uploads\/2021\/12\/nos-premiers-employes.png?strip=all&lossy=0&ssl=1","type":"image\/png"}],"author":"Frederic","twitter_card":"summary_large_image","twitter_creator":"@CoraRestaurants","twitter_site":"@CoraRestaurants","twitter_misc":{"Written by":"Frederic","Est. reading time":"5 minutes"},"schema":{"@context":"https:\/\/schema.org","@graph":[{"@type":"Article","@id":"https:\/\/www.chezcora.com\/lettre-mme-cora\/nos-premiers-employes\/#article","isPartOf":{"@id":"https:\/\/www.chezcora.com\/lettre-mme-cora\/nos-premiers-employes\/"},"author":{"name":"Frederic","@id":"https:\/\/www.chezcora.com\/#\/schema\/person\/dcb5c62d3439ed922025241c5de42233"},"headline":"Nos premiers employ\u00e9s.","datePublished":"2021-12-02T13:31:00+00:00","dateModified":"2022-01-31T13:32:02+00:00","mainEntityOfPage":{"@id":"https:\/\/www.chezcora.com\/lettre-mme-cora\/nos-premiers-employes\/"},"wordCount":1022,"commentCount":0,"image":{"@id":"https:\/\/www.chezcora.com\/lettre-mme-cora\/nos-premiers-employes\/#primaryimage"},"thumbnailUrl":"https:\/\/e3b2rn3eqfa.exactdn.com\/wp-content\/uploads\/2021\/12\/nos-premiers-employes.png?strip=all","articleSection":["Lettre Mme Cora"],"inLanguage":"en-CA","potentialAction":[{"@type":"CommentAction","name":"Comment","target":["https:\/\/www.chezcora.com\/lettre-mme-cora\/nos-premiers-employes\/#respond"]}]},{"@type":"WebPage","@id":"https:\/\/www.chezcora.com\/lettre-mme-cora\/nos-premiers-employes\/","url":"https:\/\/www.chezcora.com\/lettre-mme-cora\/nos-premiers-employes\/","name":"Nos premiers employ\u00e9s. &#8211; Cora D\u00e9jeuners et d\u00eeners","isPartOf":{"@id":"https:\/\/www.chezcora.com\/#website"},"primaryImageOfPage":{"@id":"https:\/\/www.chezcora.com\/lettre-mme-cora\/nos-premiers-employes\/#primaryimage"},"image":{"@id":"https:\/\/www.chezcora.com\/lettre-mme-cora\/nos-premiers-employes\/#primaryimage"},"thumbnailUrl":"https:\/\/e3b2rn3eqfa.exactdn.com\/wp-content\/uploads\/2021\/12\/nos-premiers-employes.png?strip=all","datePublished":"2021-12-02T13:31:00+00:00","dateModified":"2022-01-31T13:32:02+00:00","author":{"@id":"https:\/\/www.chezcora.com\/#\/schema\/person\/dcb5c62d3439ed922025241c5de42233"},"breadcrumb":{"@id":"https:\/\/www.chezcora.com\/lettre-mme-cora\/nos-premiers-employes\/#breadcrumb"},"inLanguage":"en-CA","potentialAction":[{"@type":"ReadAction","target":["https:\/\/www.chezcora.com\/lettre-mme-cora\/nos-premiers-employes\/"]}]},{"@type":"ImageObject","inLanguage":"en-CA","@id":"https:\/\/www.chezcora.com\/lettre-mme-cora\/nos-premiers-employes\/#primaryimage","url":"https:\/\/e3b2rn3eqfa.exactdn.com\/wp-content\/uploads\/2021\/12\/nos-premiers-employes.png?strip=all","contentUrl":"https:\/\/e3b2rn3eqfa.exactdn.com\/wp-content\/uploads\/2021\/12\/nos-premiers-employes.png?strip=all","width":1040,"height":1040},{"@type":"BreadcrumbList","@id":"https:\/\/www.chezcora.com\/lettre-mme-cora\/nos-premiers-employes\/#breadcrumb","itemListElement":[{"@type":"ListItem","position":1,"name":"Lettre Mme Cora","item":"https:\/\/www.chezcora.com\/lettre-mme-cora\/"},{"@type":"ListItem","position":2,"name":"Nos premiers employ\u00e9s."}]},{"@type":"WebSite","@id":"https:\/\/www.chezcora.com\/#website","url":"https:\/\/www.chezcora.com\/","name":"Cora Breakfast and Lunch","description":"D\u00e9jeuners spectaculaires livr\u00e9s \u00e0 votre domicile","potentialAction":[{"@type":"SearchAction","target":{"@type":"EntryPoint","urlTemplate":"https:\/\/www.chezcora.com\/?s={search_term_string}"},"query-input":{"@type":"PropertyValueSpecification","valueRequired":true,"valueName":"search_term_string"}}],"inLanguage":"en-CA"},{"@type":"Person","@id":"https:\/\/www.chezcora.com\/#\/schema\/person\/dcb5c62d3439ed922025241c5de42233","name":"Frederic","image":{"@type":"ImageObject","inLanguage":"en-CA","@id":"https:\/\/secure.gravatar.com\/avatar\/1082bab674d453fb78e24eb556b982941cd520a5fc55895a71fda0b2f8b39c70?s=96&d=mm&r=g","url":"https:\/\/secure.gravatar.com\/avatar\/1082bab674d453fb78e24eb556b982941cd520a5fc55895a71fda0b2f8b39c70?s=96&d=mm&r=g","contentUrl":"https:\/\/secure.gravatar.com\/avatar\/1082bab674d453fb78e24eb556b982941cd520a5fc55895a71fda0b2f8b39c70?s=96&d=mm&r=g","caption":"Frederic"}}]}},"_links":{"self":[{"href":"https:\/\/www.chezcora.com\/en\/wp-json\/wp\/v2\/posts\/2125","targetHints":{"allow":["GET"]}}],"collection":[{"href":"https:\/\/www.chezcora.com\/en\/wp-json\/wp\/v2\/posts"}],"about":[{"href":"https:\/\/www.chezcora.com\/en\/wp-json\/wp\/v2\/types\/post"}],"author":[{"embeddable":true,"href":"https:\/\/www.chezcora.com\/en\/wp-json\/wp\/v2\/users\/1"}],"replies":[{"embeddable":true,"href":"https:\/\/www.chezcora.com\/en\/wp-json\/wp\/v2\/comments?post=2125"}],"version-history":[{"count":0,"href":"https:\/\/www.chezcora.com\/en\/wp-json\/wp\/v2\/posts\/2125\/revisions"}],"wp:featuredmedia":[{"embeddable":true,"href":"https:\/\/www.chezcora.com\/en\/wp-json\/wp\/v2\/media\/2127"}],"wp:attachment":[{"href":"https:\/\/www.chezcora.com\/en\/wp-json\/wp\/v2\/media?parent=2125"}],"wp:term":[{"taxonomy":"category","embeddable":true,"href":"https:\/\/www.chezcora.com\/en\/wp-json\/wp\/v2\/categories?post=2125"},{"taxonomy":"post_tag","embeddable":true,"href":"https:\/\/www.chezcora.com\/en\/wp-json\/wp\/v2\/tags?post=2125"}],"curies":[{"name":"wp","href":"https:\/\/api.w.org\/{rel}","templated":true}]}}