{"id":236,"date":"2020-04-07T13:00:00","date_gmt":"2020-04-07T17:00:00","guid":{"rendered":"https:\/\/www-new2022.chezcora.com\/?p=236"},"modified":"2021-12-02T17:20:50","modified_gmt":"2021-12-02T22:20:50","slug":"mon-dejeuner-favori","status":"publish","type":"post","link":"https:\/\/www.chezcora.com\/en\/lettre-mme-cora\/mon-dejeuner-favori\/","title":{"rendered":"My favourite breakfast"},"content":{"rendered":"<p><span style=\"font-size:11.0pt\">On me demande tr&#xE8;s souvent quel est mon d&#xE9;jeuner favori.<\/p>\n<p><span style=\"font-size:11.0pt\">Et tout de go je r&#xE9;ponds chaque fois&#xA0;:&#xA0;<span style=\"font-size:11.0pt\">&#xAB;&#x2009;La cr&#xEA;pe &#xE9;pinards-cheddar&#x2009;&#xBB;<\/p>\n<p><span style=\"font-size:11.0pt\">Pourtant, la cr&#xEA;pe Jambon-fromage suisse, la d&#xE9;licieuse bananes-choco ou toute autre cr&#xEA;pe au menu sont tout aussi bonnes.&#xA0;<span style=\"font-size:11.0pt\">Mais je pr&#xE9;f&#xE8;re l&#x2019;&#xE9;pinards-cheddar &#xE0; cause de ce qu&#x2019;elle repr&#xE9;sente pour moi.<\/p>\n<p><span style=\"font-size:11.0pt\">Je m&#x2019;explique.<\/p>\n<p><span style=\"font-size:11.0pt\">&#xC0; nos d&#xE9;buts en 1987, lorsque mon jeune fils m&#x2019;a vu hacher des &#xE9;pinards frais et les mettre dans le m&#xE9;lange &#xE0; cr&#xEA;pes il m&#x2019;a tout de suite interrompue.<\/p>\n<p><span style=\"font-size:11.0pt\">-Non, maman, tu ne peux pas faire &#xE7;a!<\/p>\n<p><span style=\"font-size:11.0pt\">-Et pourquoi je ne peux pas? Je vais faire une grande cr&#xEA;pe aux &#xE9;pinards sur laquelle je vais r&#xE2;per du bon cheddar et &#xE7;a va &#xEA;tre d&#xE9;licieux.<\/p>\n<p><span style=\"font-size:11.0pt\">-Non maman, les <i>gens<\/i> ne mangent pas d&#x2019;&#xE9;pinards pour d&#xE9;jeuner, c&#x2019;est impossible que &#xE7;a puisse se vendre.<\/p>\n<p><span style=\"font-size:11.0pt\">-On verra, que je lui r&#xE9;ponds en continuant de m&#xE9;langer les &#xE9;pinards dans la p&#xE2;te &#xE0; cr&#xEA;pes<\/p>\n<p><span style=\"font-size:11.0pt\">Et j&#x2019;ai &#xE9;tendu le m&#xE9;lange sur la plaque et l&#x2019;ai laiss&#xE9; bien cuire.<\/p>\n<p><span style=\"font-size:11.0pt\">Puis j&#x2019;ai tourn&#xE9; la grande cr&#xEA;pe.<\/p>\n<p><span style=\"font-size:11.0pt\">J&#x2019;ai r&#xE2;p&#xE9; dessus du bon cheddar fort, j&#x2019;ai pli&#xE9; la cr&#xEA;pe et l&#x2019;ai laiss&#xE9;e cuire assez pour permettre aux &#xE9;l&#xE9;ments de tomber en amour ensemble. Puis j&#x2019;ai servi ce d&#xE9;licieux amalgame de saveurs dans la plus belle assiette de mon inventaire d&#xE9;pareill&#xE9;.<\/p>\n<p><span style=\"font-size:11.0pt\">Cette cr&#xEA;pe improbable est encore aujourd&#x2019;hui la cr&#xEA;pe sal&#xE9;e la plus vendue au Canada.<\/p>\n<p><span style=\"font-size:11.0pt\">Et c&#x2019;est exactement pour cela qu&#x2019;elle est ma pr&#xE9;f&#xE9;r&#xE9;e; parce que chaque fois qu&#x2019;on en parle, je me rappelle qu&#x2019;en cr&#xE9;ativit&#xE9;, rien n&#x2019;est impossible.<\/p>\n<p><span style=\"font-size:11.0pt\">Alors, &#xE0; celles et ceux qui ont essay&#xE9; de faire des cr&#xEA;pes suite &#xE0; mon dernier texto, je dis&#xA0;: allez-y, osez, osez!<\/p>\n<p><span style=\"font-size:11.0pt\">Ajoutez &#xE0; votre m&#xE9;lange du granola mince, du kale hach&#xE9; fin, des graines de chia, des pistaches &#xE9;cras&#xE9;es, de la noix de coco grill&#xE9;e, des brisures de bacon croustillant ou toute autre ingr&#xE9;dient susceptible d&#x2019;ajouter du plaisir &#xE0; votre confinement.<\/p>\n<p><span style=\"font-size:11.0pt\">Vous deviendrez peut-&#xEA;tre comme moi,&#xA0;l&#x2019;apprentie maison &#xE0; l&#x2019;origine d&#x2019;une cr&#xEA;pe inoubliable. Et de gr&#xE2;ce, nommez-la. Vous avez le temps, photographiez-la.<\/p>\n<p><span style=\"font-size:11.0pt\">Et choisissez votre fromage. Un local de pr&#xE9;f&#xE9;rence. Ici, au Qu&#xE9;bec, on aime bien le Oka, Le Pionnier, le Mamirolle.<\/p>\n<p><span style=\"font-size:11.0pt\">Pst&#x2026; Si vous voulez, envoyez-moi une photo de votre d&#xE9;licieux confinement, ces temps-ci, j&#x2019;ai tout mon temps!<\/p>\n<p><span style=\"font-size:11.0pt\">Cora<\/p>","protected":false},"excerpt":{"rendered":"<p>On me demande tr&#xE8;s souvent quel est mon d&#xE9;jeuner favori. Et tout [&hellip;]<\/p>\n","protected":false},"author":1,"featured_media":238,"comment_status":"open","ping_status":"open","sticky":false,"template":"","format":"standard","meta":{"_acf_changed":false,"footnotes":""},"categories":[32],"tags":[],"class_list":["post-236","post","type-post","status-publish","format-standard","has-post-thumbnail","hentry","category-lettre-mme-cora"],"acf":[],"yoast_head":"<!-- This site is optimized with the Yoast SEO plugin v27.4 - https:\/\/yoast.com\/product\/yoast-seo-wordpress\/ -->\n<title>Mon d\u00e9jeuner favori &#8211; Cora D\u00e9jeuners et d\u00eeners<\/title>\n<meta name=\"robots\" content=\"index, follow, max-snippet:-1, max-image-preview:large, max-video-preview:-1\" \/>\n<link rel=\"canonical\" href=\"https:\/\/www.chezcora.com\/en\/mme-coras-letter\/mon-dejeuner-favori\/\" \/>\n<meta property=\"og:locale\" content=\"en_US\" \/>\n<meta property=\"og:type\" content=\"article\" \/>\n<meta property=\"og:title\" content=\"Mon d\u00e9jeuner favori &#8211; Cora D\u00e9jeuners et d\u00eeners\" \/>\n<meta property=\"og:description\" content=\"On me demande tr&#xE8;s souvent quel est mon d&#xE9;jeuner favori. Et tout [&hellip;]\" \/>\n<meta property=\"og:url\" content=\"https:\/\/www.chezcora.com\/en\/mme-coras-letter\/mon-dejeuner-favori\/\" \/>\n<meta property=\"og:site_name\" content=\"Cora D\u00e9jeuners et d\u00eeners\" \/>\n<meta property=\"article:publisher\" content=\"https:\/\/www.facebook.com\/corarestaurants\" \/>\n<meta property=\"article:published_time\" content=\"2020-04-07T17:00:00+00:00\" \/>\n<meta property=\"article:modified_time\" content=\"2021-12-02T22:20:50+00:00\" \/>\n<meta property=\"og:image\" content=\"https:\/\/www.chezcora.com\/wp-content\/uploads\/2021\/10\/lettre-mme-cora-mon-dejeuner-favoris.jpg\" \/>\n\t<meta property=\"og:image:width\" content=\"1040\" \/>\n\t<meta property=\"og:image:height\" content=\"1040\" \/>\n\t<meta property=\"og:image:type\" content=\"image\/jpeg\" \/>\n<meta name=\"author\" content=\"Frederic\" \/>\n<meta name=\"twitter:card\" content=\"summary_large_image\" \/>\n<meta name=\"twitter:creator\" content=\"@CoraRestaurants\" \/>\n<meta name=\"twitter:site\" content=\"@CoraRestaurants\" \/>\n<meta name=\"twitter:label1\" content=\"Written by\" \/>\n\t<meta name=\"twitter:data1\" content=\"Frederic\" \/>\n\t<meta name=\"twitter:label2\" content=\"Est. reading time\" \/>\n\t<meta name=\"twitter:data2\" content=\"3 minutes\" \/>\n<script type=\"application\/ld+json\" class=\"yoast-schema-graph\">{\"@context\":\"https:\\\/\\\/schema.org\",\"@graph\":[{\"@type\":\"Article\",\"@id\":\"https:\\\/\\\/www.chezcora.com\\\/lettre-mme-cora\\\/mon-dejeuner-favori\\\/#article\",\"isPartOf\":{\"@id\":\"https:\\\/\\\/www.chezcora.com\\\/lettre-mme-cora\\\/mon-dejeuner-favori\\\/\"},\"author\":{\"name\":\"Frederic\",\"@id\":\"https:\\\/\\\/www.chezcora.com\\\/#\\\/schema\\\/person\\\/dcb5c62d3439ed922025241c5de42233\"},\"headline\":\"Mon d\u00e9jeuner favori\",\"datePublished\":\"2020-04-07T17:00:00+00:00\",\"dateModified\":\"2021-12-02T22:20:50+00:00\",\"mainEntityOfPage\":{\"@id\":\"https:\\\/\\\/www.chezcora.com\\\/lettre-mme-cora\\\/mon-dejeuner-favori\\\/\"},\"wordCount\":551,\"commentCount\":0,\"image\":{\"@id\":\"https:\\\/\\\/www.chezcora.com\\\/lettre-mme-cora\\\/mon-dejeuner-favori\\\/#primaryimage\"},\"thumbnailUrl\":\"https:\\\/\\\/e3b2rn3eqfa.exactdn.com\\\/wp-content\\\/uploads\\\/2021\\\/10\\\/lettre-mme-cora-mon-dejeuner-favoris.jpg?strip=all\",\"articleSection\":[\"Lettre Mme Cora\"],\"inLanguage\":\"en-CA\",\"potentialAction\":[{\"@type\":\"CommentAction\",\"name\":\"Comment\",\"target\":[\"https:\\\/\\\/www.chezcora.com\\\/lettre-mme-cora\\\/mon-dejeuner-favori\\\/#respond\"]}]},{\"@type\":\"WebPage\",\"@id\":\"https:\\\/\\\/www.chezcora.com\\\/lettre-mme-cora\\\/mon-dejeuner-favori\\\/\",\"url\":\"https:\\\/\\\/www.chezcora.com\\\/lettre-mme-cora\\\/mon-dejeuner-favori\\\/\",\"name\":\"Mon d\u00e9jeuner favori &#8211; Cora D\u00e9jeuners et d\u00eeners\",\"isPartOf\":{\"@id\":\"https:\\\/\\\/www.chezcora.com\\\/#website\"},\"primaryImageOfPage\":{\"@id\":\"https:\\\/\\\/www.chezcora.com\\\/lettre-mme-cora\\\/mon-dejeuner-favori\\\/#primaryimage\"},\"image\":{\"@id\":\"https:\\\/\\\/www.chezcora.com\\\/lettre-mme-cora\\\/mon-dejeuner-favori\\\/#primaryimage\"},\"thumbnailUrl\":\"https:\\\/\\\/e3b2rn3eqfa.exactdn.com\\\/wp-content\\\/uploads\\\/2021\\\/10\\\/lettre-mme-cora-mon-dejeuner-favoris.jpg?strip=all\",\"datePublished\":\"2020-04-07T17:00:00+00:00\",\"dateModified\":\"2021-12-02T22:20:50+00:00\",\"author\":{\"@id\":\"https:\\\/\\\/www.chezcora.com\\\/#\\\/schema\\\/person\\\/dcb5c62d3439ed922025241c5de42233\"},\"breadcrumb\":{\"@id\":\"https:\\\/\\\/www.chezcora.com\\\/lettre-mme-cora\\\/mon-dejeuner-favori\\\/#breadcrumb\"},\"inLanguage\":\"en-CA\",\"potentialAction\":[{\"@type\":\"ReadAction\",\"target\":[\"https:\\\/\\\/www.chezcora.com\\\/lettre-mme-cora\\\/mon-dejeuner-favori\\\/\"]}]},{\"@type\":\"ImageObject\",\"inLanguage\":\"en-CA\",\"@id\":\"https:\\\/\\\/www.chezcora.com\\\/lettre-mme-cora\\\/mon-dejeuner-favori\\\/#primaryimage\",\"url\":\"https:\\\/\\\/e3b2rn3eqfa.exactdn.com\\\/wp-content\\\/uploads\\\/2021\\\/10\\\/lettre-mme-cora-mon-dejeuner-favoris.jpg?strip=all\",\"contentUrl\":\"https:\\\/\\\/e3b2rn3eqfa.exactdn.com\\\/wp-content\\\/uploads\\\/2021\\\/10\\\/lettre-mme-cora-mon-dejeuner-favoris.jpg?strip=all\",\"width\":1040,\"height\":1040},{\"@type\":\"BreadcrumbList\",\"@id\":\"https:\\\/\\\/www.chezcora.com\\\/lettre-mme-cora\\\/mon-dejeuner-favori\\\/#breadcrumb\",\"itemListElement\":[{\"@type\":\"ListItem\",\"position\":1,\"name\":\"Lettre Mme Cora\",\"item\":\"https:\\\/\\\/www.chezcora.com\\\/lettre-mme-cora\\\/\"},{\"@type\":\"ListItem\",\"position\":2,\"name\":\"Mon d\u00e9jeuner favori\"}]},{\"@type\":\"WebSite\",\"@id\":\"https:\\\/\\\/www.chezcora.com\\\/#website\",\"url\":\"https:\\\/\\\/www.chezcora.com\\\/\",\"name\":\"Cora D\u00e9jeuners et d\u00eeners\",\"description\":\"D\u00e9jeuners spectaculaires livr\u00e9s \u00e0 votre domicile\",\"potentialAction\":[{\"@type\":\"SearchAction\",\"target\":{\"@type\":\"EntryPoint\",\"urlTemplate\":\"https:\\\/\\\/www.chezcora.com\\\/?s={search_term_string}\"},\"query-input\":{\"@type\":\"PropertyValueSpecification\",\"valueRequired\":true,\"valueName\":\"search_term_string\"}}],\"inLanguage\":\"en-CA\"},{\"@type\":\"Person\",\"@id\":\"https:\\\/\\\/www.chezcora.com\\\/#\\\/schema\\\/person\\\/dcb5c62d3439ed922025241c5de42233\",\"name\":\"Frederic\",\"image\":{\"@type\":\"ImageObject\",\"inLanguage\":\"en-CA\",\"@id\":\"https:\\\/\\\/secure.gravatar.com\\\/avatar\\\/1082bab674d453fb78e24eb556b982941cd520a5fc55895a71fda0b2f8b39c70?s=96&d=mm&r=g\",\"url\":\"https:\\\/\\\/secure.gravatar.com\\\/avatar\\\/1082bab674d453fb78e24eb556b982941cd520a5fc55895a71fda0b2f8b39c70?s=96&d=mm&r=g\",\"contentUrl\":\"https:\\\/\\\/secure.gravatar.com\\\/avatar\\\/1082bab674d453fb78e24eb556b982941cd520a5fc55895a71fda0b2f8b39c70?s=96&d=mm&r=g\",\"caption\":\"Frederic\"}}]}<\/script>\n<!-- \/ Yoast SEO plugin. -->","yoast_head_json":{"title":"Mon d\u00e9jeuner favori &#8211; Cora D\u00e9jeuners et d\u00eeners","robots":{"index":"index","follow":"follow","max-snippet":"max-snippet:-1","max-image-preview":"max-image-preview:large","max-video-preview":"max-video-preview:-1"},"canonical":"https:\/\/www.chezcora.com\/en\/mme-coras-letter\/mon-dejeuner-favori\/","og_locale":"en_US","og_type":"article","og_title":"Mon d\u00e9jeuner favori &#8211; Cora D\u00e9jeuners et d\u00eeners","og_description":"On me demande tr&#xE8;s souvent quel est mon d&#xE9;jeuner favori. Et tout [&hellip;]","og_url":"https:\/\/www.chezcora.com\/en\/mme-coras-letter\/mon-dejeuner-favori\/","og_site_name":"Cora D\u00e9jeuners et d\u00eeners","article_publisher":"https:\/\/www.facebook.com\/corarestaurants","article_published_time":"2020-04-07T17:00:00+00:00","article_modified_time":"2021-12-02T22:20:50+00:00","og_image":[{"width":1040,"height":1040,"url":"https:\/\/www.chezcora.com\/wp-content\/uploads\/2021\/10\/lettre-mme-cora-mon-dejeuner-favoris.jpg","type":"image\/jpeg"}],"author":"Frederic","twitter_card":"summary_large_image","twitter_creator":"@CoraRestaurants","twitter_site":"@CoraRestaurants","twitter_misc":{"Written by":"Frederic","Est. reading time":"3 minutes"},"schema":{"@context":"https:\/\/schema.org","@graph":[{"@type":"Article","@id":"https:\/\/www.chezcora.com\/lettre-mme-cora\/mon-dejeuner-favori\/#article","isPartOf":{"@id":"https:\/\/www.chezcora.com\/lettre-mme-cora\/mon-dejeuner-favori\/"},"author":{"name":"Frederic","@id":"https:\/\/www.chezcora.com\/#\/schema\/person\/dcb5c62d3439ed922025241c5de42233"},"headline":"Mon d\u00e9jeuner favori","datePublished":"2020-04-07T17:00:00+00:00","dateModified":"2021-12-02T22:20:50+00:00","mainEntityOfPage":{"@id":"https:\/\/www.chezcora.com\/lettre-mme-cora\/mon-dejeuner-favori\/"},"wordCount":551,"commentCount":0,"image":{"@id":"https:\/\/www.chezcora.com\/lettre-mme-cora\/mon-dejeuner-favori\/#primaryimage"},"thumbnailUrl":"https:\/\/e3b2rn3eqfa.exactdn.com\/wp-content\/uploads\/2021\/10\/lettre-mme-cora-mon-dejeuner-favoris.jpg?strip=all","articleSection":["Lettre Mme Cora"],"inLanguage":"en-CA","potentialAction":[{"@type":"CommentAction","name":"Comment","target":["https:\/\/www.chezcora.com\/lettre-mme-cora\/mon-dejeuner-favori\/#respond"]}]},{"@type":"WebPage","@id":"https:\/\/www.chezcora.com\/lettre-mme-cora\/mon-dejeuner-favori\/","url":"https:\/\/www.chezcora.com\/lettre-mme-cora\/mon-dejeuner-favori\/","name":"Mon d\u00e9jeuner favori &#8211; Cora D\u00e9jeuners et d\u00eeners","isPartOf":{"@id":"https:\/\/www.chezcora.com\/#website"},"primaryImageOfPage":{"@id":"https:\/\/www.chezcora.com\/lettre-mme-cora\/mon-dejeuner-favori\/#primaryimage"},"image":{"@id":"https:\/\/www.chezcora.com\/lettre-mme-cora\/mon-dejeuner-favori\/#primaryimage"},"thumbnailUrl":"https:\/\/e3b2rn3eqfa.exactdn.com\/wp-content\/uploads\/2021\/10\/lettre-mme-cora-mon-dejeuner-favoris.jpg?strip=all","datePublished":"2020-04-07T17:00:00+00:00","dateModified":"2021-12-02T22:20:50+00:00","author":{"@id":"https:\/\/www.chezcora.com\/#\/schema\/person\/dcb5c62d3439ed922025241c5de42233"},"breadcrumb":{"@id":"https:\/\/www.chezcora.com\/lettre-mme-cora\/mon-dejeuner-favori\/#breadcrumb"},"inLanguage":"en-CA","potentialAction":[{"@type":"ReadAction","target":["https:\/\/www.chezcora.com\/lettre-mme-cora\/mon-dejeuner-favori\/"]}]},{"@type":"ImageObject","inLanguage":"en-CA","@id":"https:\/\/www.chezcora.com\/lettre-mme-cora\/mon-dejeuner-favori\/#primaryimage","url":"https:\/\/e3b2rn3eqfa.exactdn.com\/wp-content\/uploads\/2021\/10\/lettre-mme-cora-mon-dejeuner-favoris.jpg?strip=all","contentUrl":"https:\/\/e3b2rn3eqfa.exactdn.com\/wp-content\/uploads\/2021\/10\/lettre-mme-cora-mon-dejeuner-favoris.jpg?strip=all","width":1040,"height":1040},{"@type":"BreadcrumbList","@id":"https:\/\/www.chezcora.com\/lettre-mme-cora\/mon-dejeuner-favori\/#breadcrumb","itemListElement":[{"@type":"ListItem","position":1,"name":"Lettre Mme Cora","item":"https:\/\/www.chezcora.com\/lettre-mme-cora\/"},{"@type":"ListItem","position":2,"name":"Mon d\u00e9jeuner favori"}]},{"@type":"WebSite","@id":"https:\/\/www.chezcora.com\/#website","url":"https:\/\/www.chezcora.com\/","name":"Cora Breakfast and Lunch","description":"D\u00e9jeuners spectaculaires livr\u00e9s \u00e0 votre domicile","potentialAction":[{"@type":"SearchAction","target":{"@type":"EntryPoint","urlTemplate":"https:\/\/www.chezcora.com\/?s={search_term_string}"},"query-input":{"@type":"PropertyValueSpecification","valueRequired":true,"valueName":"search_term_string"}}],"inLanguage":"en-CA"},{"@type":"Person","@id":"https:\/\/www.chezcora.com\/#\/schema\/person\/dcb5c62d3439ed922025241c5de42233","name":"Frederic","image":{"@type":"ImageObject","inLanguage":"en-CA","@id":"https:\/\/secure.gravatar.com\/avatar\/1082bab674d453fb78e24eb556b982941cd520a5fc55895a71fda0b2f8b39c70?s=96&d=mm&r=g","url":"https:\/\/secure.gravatar.com\/avatar\/1082bab674d453fb78e24eb556b982941cd520a5fc55895a71fda0b2f8b39c70?s=96&d=mm&r=g","contentUrl":"https:\/\/secure.gravatar.com\/avatar\/1082bab674d453fb78e24eb556b982941cd520a5fc55895a71fda0b2f8b39c70?s=96&d=mm&r=g","caption":"Frederic"}}]}},"_links":{"self":[{"href":"https:\/\/www.chezcora.com\/en\/wp-json\/wp\/v2\/posts\/236","targetHints":{"allow":["GET"]}}],"collection":[{"href":"https:\/\/www.chezcora.com\/en\/wp-json\/wp\/v2\/posts"}],"about":[{"href":"https:\/\/www.chezcora.com\/en\/wp-json\/wp\/v2\/types\/post"}],"author":[{"embeddable":true,"href":"https:\/\/www.chezcora.com\/en\/wp-json\/wp\/v2\/users\/1"}],"replies":[{"embeddable":true,"href":"https:\/\/www.chezcora.com\/en\/wp-json\/wp\/v2\/comments?post=236"}],"version-history":[{"count":0,"href":"https:\/\/www.chezcora.com\/en\/wp-json\/wp\/v2\/posts\/236\/revisions"}],"wp:featuredmedia":[{"embeddable":true,"href":"https:\/\/www.chezcora.com\/en\/wp-json\/wp\/v2\/media\/238"}],"wp:attachment":[{"href":"https:\/\/www.chezcora.com\/en\/wp-json\/wp\/v2\/media?parent=236"}],"wp:term":[{"taxonomy":"category","embeddable":true,"href":"https:\/\/www.chezcora.com\/en\/wp-json\/wp\/v2\/categories?post=236"},{"taxonomy":"post_tag","embeddable":true,"href":"https:\/\/www.chezcora.com\/en\/wp-json\/wp\/v2\/tags?post=236"}],"curies":[{"name":"wp","href":"https:\/\/api.w.org\/{rel}","templated":true}]}}