{"id":25177,"date":"2023-07-21T09:11:30","date_gmt":"2023-07-21T13:11:30","guid":{"rendered":"https:\/\/www.chezcora.com\/?p=25177"},"modified":"2023-07-20T09:13:34","modified_gmt":"2023-07-20T13:13:34","slug":"la-vita-e-bella","status":"publish","type":"post","link":"https:\/\/www.chezcora.com\/en\/lettre-mme-cora\/la-vita-e-bella\/","title":{"rendered":"La vita \u00e8 bella!"},"content":{"rendered":"<p>7\u00a0h\u00a036 au caf\u00e9 du village<br \/>\nJ\u2019adore utiliser le mot OUI. Trois petites voyelles qui en disent beaucoup.<br \/>\nOui, je t\u2019aime. Oui, je peux. Oui, je suis d\u2019accord.<br \/>\nOui, je vais t\u2019aider. Oui, la vie est belle.<\/p>\n<p>Ce magnifique mot \u00ab\u00a0oui\u00a0\u00bb glisse dans l\u2019azur tel un aigle royal et lorsque la neige mordille nos joues, il se change en tra\u00eeneau de p\u00e8re No\u00ebl bourr\u00e9 de cadeaux. Les sons clairs du chardonneret jaune nous annoncent l\u2019\u00e9t\u00e9. Les entendez-vous? M\u00eame en somnolant quelquefois, j\u2019entends le gazouillis des alouettes \u00e0 la tignasse \u00e9bouriff\u00e9e. J\u2019imagine leurs cris comme un orchestre de milliers de petits \u00ab\u00a0oui, oui\u00a0\u00bb en habit de gala.<\/p>\n<p>Trois divines voyelles peuvent sceller un mariage. Oui, oui! Le sceller et le d\u00e9faire en criant ciseau, direz-vous. OUI est probablement le mot le plus important du vocabulaire. Il n\u2019est peut-\u00eatre pas aussi d\u00e9cisif et tranchant que le NON, mais il est rempli d\u2019espoir.<\/p>\n<p>Pourriez-vous calculer un brin, le nombre de OUI que vous prononcez par jour? Et peut-\u00eatre aussi le nombre de NON? Seriez-vous un OUI ou un NON? Je vais tenir mon calepin dans ma poche et faire ma propre investigation.<\/p>\n<p>Bien s\u00fbr, je me crois un OUI aussi gros que l\u2019Everest! Pour moi, le NON est un bonhomme Sept-Heures qui me fait peur. Le NON sonne comme un coup de marteau, bien souvent. Je me souviens, toute petite, je n\u2019entendais que ces petits coups secs et d\u00e9cisifs.<\/p>\n<p>Rarement, fr\u00e9rot acceptait de jouer avec nous, les fillettes. Il se croyait tellement savant. Assis sur la cl\u00f4ture de notre lot, il parlait de l\u2019avenir; des m\u00e9tiers abracadabrants qu\u2019il allait plus tard choisir. Et nous pouffions de rire \u00e0 l\u2019entendre \u00e9num\u00e9rer\u00a0: dompteur d\u2019\u00e9l\u00e9phants au Kenya, magicien, espion ou brocanteur officiel du tour de la p\u00e9ninsule.<\/p>\n<p>Moi aussi, \u00e0 cette \u00e9poque, je r\u00eavais de gros OUI. Je noircissais tous les papiers blancs que je pouvais trouver. J\u2019adorais \u00e9crire et d\u00e9couvrir de nouveaux mots et leur signification. Au No\u00ebl de mes 11\u00a0ans, j\u2019ai re\u00e7u un dictionnaire Larousse et je sautais de joie. Chaque soir, je m\u2019endormais avec la grosse brique de mots coll\u00e9e sur mon c\u0153ur. J\u2019\u00e9tais aux anges m\u00eame si maman chialait \u00e0 l\u2019occasion de devoir repasser une ou deux minces feuilles, l\u00e9g\u00e8rement froiss\u00e9es.<\/p>\n<p>Oui, oui! Ce merveilleux cadeau fut le premier d\u2019une trentaine de diff\u00e9rents dictionnaires que j\u2019allais acheter avec le temps et qui, encore aujourd\u2019hui, sont avec moi, bien cord\u00e9s dans une biblioth\u00e8que IKEA \u00e0 porte vitr\u00e9e. M\u00eame si j\u2019ai Google \u00e0 port\u00e9e de doigts, j\u2019aime toujours ouvrir un livre savant.<\/p>\n<p>Bien souvent, nous h\u00e9sitons entre le OUI et le NON. Se pourrait-il que nous soyons courageux et poules mouill\u00e9es \u00e0 la fois?<\/p>\n<p>J\u2019ai pourtant encore l\u2019impression que le OUI ouvre les bras \u00e0 tout bout de champ. Le NON serait-il aussi important que le OUI? Le NON ferme la porte, selon moi. Il \u00e9teint la lumi\u00e8re et n\u2019entend pas le cri du c\u0153ur.<\/p>\n<p>Ce n\u2019est pas facile de dire OUI. Mais le NON fait aussi peur. Il d\u00e9range, il d\u00e9\u00e7oit, il contrarie et attriste celui qui le dit, bien souvent.<\/p>\n<p>Peut-\u00eatre sommes-nous incapables de choisir notre camp. Dire OUI ou dire NON? Peut-\u00eatre est-ce la t\u00eate et le c\u0153ur qui s\u2019affrontent. Cette t\u00eate qui jamais ne se repose, serait-elle plus bavarde que le c\u0153ur? Plus analytique et plus r\u00e9fl\u00e9chie?<\/p>\n<p>Le c\u0153ur ne fait que battre, croyons-nous. Pourtant le grand inventeur, math\u00e9maticien et philosophe Blaise\u00a0Pascal, a immortalis\u00e9 sa c\u00e9l\u00e8bre phrase\u00a0: \u00ab\u00a0Le c\u0153ur a ses raisons que la raison ne conna\u00eet point\u00a0\u00bb.<\/p>\n<p>Pensez-y un brin. Le c\u0153ur bat plus ou moins vite selon ce qu\u2019il advient de lui. Serait-il le centre des sensations, des \u00e9motions, de l\u2019amour avec un grand A? Aujourd\u2019hui, l\u2019id\u00e9ogramme du c\u0153ur \u2665 est universel et fait partie de la symbolique affective de notre culture.<\/p>\n<p>R\u00e9cemment, j\u2019ai moi-m\u00eame exp\u00e9riment\u00e9 le plus surprenant des coups de foudre juste \u00e0 admirer un beau visage d\u2019homme venu du Grand Nord. Je n\u2019oublierai jamais cette sensation. J\u2019\u00e9tais tout doucement en train d\u2019\u00e9crire dans un caf\u00e9 lorsque mon c\u0153ur s\u2019est mis \u00e0 battre d\u00e9raisonnablement. Les yeux bleu-noir de l\u2019\u00e9tranger \u00e9taient entr\u00e9s dans les miens et c\u2019\u00e9tait comme si j\u2019\u00e9tais soudainement branch\u00e9e sur la plus grosse centrale hydro\u00e9lectrique de la plan\u00e8te. Des millions de petits OUI sautillaient dans ma t\u00eate. Une joie b\u00e9ate envahissait mon entendement et, lorsque le regard de l\u2019Inuit s\u2019approcha de ma table, je crus devoir m\u2019enfoncer dans la glace des banquises tellement j\u2019avais chaud.<\/p>\n<p>Tout cela ne dura que le temps de croquer quelques croissants aux amandes et d\u2019apprendre que l\u2019homme \u00e9tait de passage. Et pourtant! Quelle est donc cette \u00e9lectricit\u00e9 divine qui pousse les \u00eatres \u00e0 s\u2019apprivoiser, \u00e0 s\u2019aimer et \u00e0 se reproduire ici-bas?<\/p>\n<p>Vais-je devoir encore, une milli\u00e8me fois, interroger les anges pour savoir?<\/p>\n<p>Cora<br \/>\n\u2665<\/p>","protected":false},"excerpt":{"rendered":"<p>7\u00a0h\u00a036 au caf\u00e9 du village J\u2019adore utiliser le mot OUI. Trois petites [&hellip;]<\/p>\n","protected":false},"author":414,"featured_media":25178,"comment_status":"open","ping_status":"open","sticky":false,"template":"","format":"standard","meta":{"_acf_changed":false,"footnotes":""},"categories":[32],"tags":[],"class_list":["post-25177","post","type-post","status-publish","format-standard","has-post-thumbnail","hentry","category-lettre-mme-cora"],"acf":[],"yoast_head":"<!-- This site is optimized with the Yoast SEO plugin v27.4 - https:\/\/yoast.com\/product\/yoast-seo-wordpress\/ -->\n<title>La vita \u00e8 bella! &#8211; Cora D\u00e9jeuners et d\u00eeners<\/title>\n<meta name=\"robots\" content=\"index, follow, max-snippet:-1, max-image-preview:large, max-video-preview:-1\" \/>\n<link rel=\"canonical\" href=\"https:\/\/www.chezcora.com\/en\/mme-coras-letter\/la-vita-e-bella\/\" \/>\n<meta property=\"og:locale\" content=\"en_US\" \/>\n<meta property=\"og:type\" content=\"article\" \/>\n<meta property=\"og:title\" content=\"La vita \u00e8 bella! &#8211; Cora D\u00e9jeuners et d\u00eeners\" \/>\n<meta property=\"og:description\" content=\"7\u00a0h\u00a036 au caf\u00e9 du village J\u2019adore utiliser le mot OUI. Trois petites [&hellip;]\" \/>\n<meta property=\"og:url\" content=\"https:\/\/www.chezcora.com\/en\/mme-coras-letter\/la-vita-e-bella\/\" \/>\n<meta property=\"og:site_name\" content=\"Cora D\u00e9jeuners et d\u00eeners\" \/>\n<meta property=\"article:publisher\" content=\"https:\/\/www.facebook.com\/corarestaurants\" \/>\n<meta property=\"article:published_time\" content=\"2023-07-21T13:11:30+00:00\" \/>\n<meta property=\"og:image\" content=\"https:\/\/e3b2rn3eqfa.exactdn.com\/wp-content\/uploads\/2023\/07\/La-vita-e-bella_jaune-ete-1_1025.jpg?strip=all&lossy=1&ssl=1\" \/>\n\t<meta property=\"og:image:width\" content=\"1025\" \/>\n\t<meta property=\"og:image:height\" content=\"1025\" \/>\n\t<meta property=\"og:image:type\" content=\"image\/jpeg\" \/>\n<meta name=\"author\" content=\"Isabel P. Picard\" \/>\n<meta name=\"twitter:card\" content=\"summary_large_image\" \/>\n<meta name=\"twitter:creator\" content=\"@CoraRestaurants\" \/>\n<meta name=\"twitter:site\" content=\"@CoraRestaurants\" \/>\n<meta name=\"twitter:label1\" content=\"Written by\" \/>\n\t<meta name=\"twitter:data1\" content=\"Isabel P. Picard\" \/>\n\t<meta name=\"twitter:label2\" content=\"Est. reading time\" \/>\n\t<meta name=\"twitter:data2\" content=\"4 minutes\" \/>\n<script type=\"application\/ld+json\" class=\"yoast-schema-graph\">{\"@context\":\"https:\\\/\\\/schema.org\",\"@graph\":[{\"@type\":\"Article\",\"@id\":\"https:\\\/\\\/www.chezcora.com\\\/lettre-mme-cora\\\/la-vita-e-bella\\\/#article\",\"isPartOf\":{\"@id\":\"https:\\\/\\\/www.chezcora.com\\\/lettre-mme-cora\\\/la-vita-e-bella\\\/\"},\"author\":{\"name\":\"Isabel P. Picard\",\"@id\":\"https:\\\/\\\/www.chezcora.com\\\/#\\\/schema\\\/person\\\/88e2042ed1147c57ae662ff786f967a3\"},\"headline\":\"La vita \u00e8 bella!\",\"datePublished\":\"2023-07-21T13:11:30+00:00\",\"mainEntityOfPage\":{\"@id\":\"https:\\\/\\\/www.chezcora.com\\\/lettre-mme-cora\\\/la-vita-e-bella\\\/\"},\"wordCount\":893,\"commentCount\":0,\"image\":{\"@id\":\"https:\\\/\\\/www.chezcora.com\\\/lettre-mme-cora\\\/la-vita-e-bella\\\/#primaryimage\"},\"thumbnailUrl\":\"https:\\\/\\\/e3b2rn3eqfa.exactdn.com\\\/wp-content\\\/uploads\\\/2023\\\/07\\\/La-vita-e-bella_jaune-ete-1_1025.jpg?strip=all\",\"articleSection\":[\"Lettre Mme Cora\"],\"inLanguage\":\"en-CA\",\"potentialAction\":[{\"@type\":\"CommentAction\",\"name\":\"Comment\",\"target\":[\"https:\\\/\\\/www.chezcora.com\\\/lettre-mme-cora\\\/la-vita-e-bella\\\/#respond\"]}]},{\"@type\":\"WebPage\",\"@id\":\"https:\\\/\\\/www.chezcora.com\\\/lettre-mme-cora\\\/la-vita-e-bella\\\/\",\"url\":\"https:\\\/\\\/www.chezcora.com\\\/lettre-mme-cora\\\/la-vita-e-bella\\\/\",\"name\":\"La vita \u00e8 bella! &#8211; Cora D\u00e9jeuners et d\u00eeners\",\"isPartOf\":{\"@id\":\"https:\\\/\\\/www.chezcora.com\\\/#website\"},\"primaryImageOfPage\":{\"@id\":\"https:\\\/\\\/www.chezcora.com\\\/lettre-mme-cora\\\/la-vita-e-bella\\\/#primaryimage\"},\"image\":{\"@id\":\"https:\\\/\\\/www.chezcora.com\\\/lettre-mme-cora\\\/la-vita-e-bella\\\/#primaryimage\"},\"thumbnailUrl\":\"https:\\\/\\\/e3b2rn3eqfa.exactdn.com\\\/wp-content\\\/uploads\\\/2023\\\/07\\\/La-vita-e-bella_jaune-ete-1_1025.jpg?strip=all\",\"datePublished\":\"2023-07-21T13:11:30+00:00\",\"author\":{\"@id\":\"https:\\\/\\\/www.chezcora.com\\\/#\\\/schema\\\/person\\\/88e2042ed1147c57ae662ff786f967a3\"},\"breadcrumb\":{\"@id\":\"https:\\\/\\\/www.chezcora.com\\\/lettre-mme-cora\\\/la-vita-e-bella\\\/#breadcrumb\"},\"inLanguage\":\"en-CA\",\"potentialAction\":[{\"@type\":\"ReadAction\",\"target\":[\"https:\\\/\\\/www.chezcora.com\\\/lettre-mme-cora\\\/la-vita-e-bella\\\/\"]}]},{\"@type\":\"ImageObject\",\"inLanguage\":\"en-CA\",\"@id\":\"https:\\\/\\\/www.chezcora.com\\\/lettre-mme-cora\\\/la-vita-e-bella\\\/#primaryimage\",\"url\":\"https:\\\/\\\/e3b2rn3eqfa.exactdn.com\\\/wp-content\\\/uploads\\\/2023\\\/07\\\/La-vita-e-bella_jaune-ete-1_1025.jpg?strip=all\",\"contentUrl\":\"https:\\\/\\\/e3b2rn3eqfa.exactdn.com\\\/wp-content\\\/uploads\\\/2023\\\/07\\\/La-vita-e-bella_jaune-ete-1_1025.jpg?strip=all\",\"width\":1025,\"height\":1025,\"caption\":\"La vita e bella_23 juillet 2023\"},{\"@type\":\"BreadcrumbList\",\"@id\":\"https:\\\/\\\/www.chezcora.com\\\/lettre-mme-cora\\\/la-vita-e-bella\\\/#breadcrumb\",\"itemListElement\":[{\"@type\":\"ListItem\",\"position\":1,\"name\":\"Lettre Mme Cora\",\"item\":\"https:\\\/\\\/www.chezcora.com\\\/lettre-mme-cora\\\/\"},{\"@type\":\"ListItem\",\"position\":2,\"name\":\"La vita \u00e8 bella!\"}]},{\"@type\":\"WebSite\",\"@id\":\"https:\\\/\\\/www.chezcora.com\\\/#website\",\"url\":\"https:\\\/\\\/www.chezcora.com\\\/\",\"name\":\"Cora D\u00e9jeuners et d\u00eeners\",\"description\":\"D\u00e9jeuners spectaculaires livr\u00e9s \u00e0 votre domicile\",\"potentialAction\":[{\"@type\":\"SearchAction\",\"target\":{\"@type\":\"EntryPoint\",\"urlTemplate\":\"https:\\\/\\\/www.chezcora.com\\\/?s={search_term_string}\"},\"query-input\":{\"@type\":\"PropertyValueSpecification\",\"valueRequired\":true,\"valueName\":\"search_term_string\"}}],\"inLanguage\":\"en-CA\"},{\"@type\":\"Person\",\"@id\":\"https:\\\/\\\/www.chezcora.com\\\/#\\\/schema\\\/person\\\/88e2042ed1147c57ae662ff786f967a3\",\"name\":\"Isabel P. Picard\",\"image\":{\"@type\":\"ImageObject\",\"inLanguage\":\"en-CA\",\"@id\":\"https:\\\/\\\/secure.gravatar.com\\\/avatar\\\/d9b7dd76d8858b218ed5ff8164b843efdac8c0ab35ed48ce74bd4b45a2a5ee07?s=96&d=mm&r=g\",\"url\":\"https:\\\/\\\/secure.gravatar.com\\\/avatar\\\/d9b7dd76d8858b218ed5ff8164b843efdac8c0ab35ed48ce74bd4b45a2a5ee07?s=96&d=mm&r=g\",\"contentUrl\":\"https:\\\/\\\/secure.gravatar.com\\\/avatar\\\/d9b7dd76d8858b218ed5ff8164b843efdac8c0ab35ed48ce74bd4b45a2a5ee07?s=96&d=mm&r=g\",\"caption\":\"Isabel P. Picard\"}}]}<\/script>\n<!-- \/ Yoast SEO plugin. -->","yoast_head_json":{"title":"La vita \u00e8 bella! &#8211; Cora D\u00e9jeuners et d\u00eeners","robots":{"index":"index","follow":"follow","max-snippet":"max-snippet:-1","max-image-preview":"max-image-preview:large","max-video-preview":"max-video-preview:-1"},"canonical":"https:\/\/www.chezcora.com\/en\/mme-coras-letter\/la-vita-e-bella\/","og_locale":"en_US","og_type":"article","og_title":"La vita \u00e8 bella! &#8211; Cora D\u00e9jeuners et d\u00eeners","og_description":"7\u00a0h\u00a036 au caf\u00e9 du village J\u2019adore utiliser le mot OUI. Trois petites [&hellip;]","og_url":"https:\/\/www.chezcora.com\/en\/mme-coras-letter\/la-vita-e-bella\/","og_site_name":"Cora D\u00e9jeuners et d\u00eeners","article_publisher":"https:\/\/www.facebook.com\/corarestaurants","article_published_time":"2023-07-21T13:11:30+00:00","og_image":[{"width":1025,"height":1025,"url":"https:\/\/e3b2rn3eqfa.exactdn.com\/wp-content\/uploads\/2023\/07\/La-vita-e-bella_jaune-ete-1_1025.jpg?strip=all&lossy=1&ssl=1","type":"image\/jpeg"}],"author":"Isabel P. Picard","twitter_card":"summary_large_image","twitter_creator":"@CoraRestaurants","twitter_site":"@CoraRestaurants","twitter_misc":{"Written by":"Isabel P. Picard","Est. reading time":"4 minutes"},"schema":{"@context":"https:\/\/schema.org","@graph":[{"@type":"Article","@id":"https:\/\/www.chezcora.com\/lettre-mme-cora\/la-vita-e-bella\/#article","isPartOf":{"@id":"https:\/\/www.chezcora.com\/lettre-mme-cora\/la-vita-e-bella\/"},"author":{"name":"Isabel P. Picard","@id":"https:\/\/www.chezcora.com\/#\/schema\/person\/88e2042ed1147c57ae662ff786f967a3"},"headline":"La vita \u00e8 bella!","datePublished":"2023-07-21T13:11:30+00:00","mainEntityOfPage":{"@id":"https:\/\/www.chezcora.com\/lettre-mme-cora\/la-vita-e-bella\/"},"wordCount":893,"commentCount":0,"image":{"@id":"https:\/\/www.chezcora.com\/lettre-mme-cora\/la-vita-e-bella\/#primaryimage"},"thumbnailUrl":"https:\/\/e3b2rn3eqfa.exactdn.com\/wp-content\/uploads\/2023\/07\/La-vita-e-bella_jaune-ete-1_1025.jpg?strip=all","articleSection":["Lettre Mme Cora"],"inLanguage":"en-CA","potentialAction":[{"@type":"CommentAction","name":"Comment","target":["https:\/\/www.chezcora.com\/lettre-mme-cora\/la-vita-e-bella\/#respond"]}]},{"@type":"WebPage","@id":"https:\/\/www.chezcora.com\/lettre-mme-cora\/la-vita-e-bella\/","url":"https:\/\/www.chezcora.com\/lettre-mme-cora\/la-vita-e-bella\/","name":"La vita \u00e8 bella! &#8211; Cora D\u00e9jeuners et d\u00eeners","isPartOf":{"@id":"https:\/\/www.chezcora.com\/#website"},"primaryImageOfPage":{"@id":"https:\/\/www.chezcora.com\/lettre-mme-cora\/la-vita-e-bella\/#primaryimage"},"image":{"@id":"https:\/\/www.chezcora.com\/lettre-mme-cora\/la-vita-e-bella\/#primaryimage"},"thumbnailUrl":"https:\/\/e3b2rn3eqfa.exactdn.com\/wp-content\/uploads\/2023\/07\/La-vita-e-bella_jaune-ete-1_1025.jpg?strip=all","datePublished":"2023-07-21T13:11:30+00:00","author":{"@id":"https:\/\/www.chezcora.com\/#\/schema\/person\/88e2042ed1147c57ae662ff786f967a3"},"breadcrumb":{"@id":"https:\/\/www.chezcora.com\/lettre-mme-cora\/la-vita-e-bella\/#breadcrumb"},"inLanguage":"en-CA","potentialAction":[{"@type":"ReadAction","target":["https:\/\/www.chezcora.com\/lettre-mme-cora\/la-vita-e-bella\/"]}]},{"@type":"ImageObject","inLanguage":"en-CA","@id":"https:\/\/www.chezcora.com\/lettre-mme-cora\/la-vita-e-bella\/#primaryimage","url":"https:\/\/e3b2rn3eqfa.exactdn.com\/wp-content\/uploads\/2023\/07\/La-vita-e-bella_jaune-ete-1_1025.jpg?strip=all","contentUrl":"https:\/\/e3b2rn3eqfa.exactdn.com\/wp-content\/uploads\/2023\/07\/La-vita-e-bella_jaune-ete-1_1025.jpg?strip=all","width":1025,"height":1025,"caption":"La vita e bella_23 juillet 2023"},{"@type":"BreadcrumbList","@id":"https:\/\/www.chezcora.com\/lettre-mme-cora\/la-vita-e-bella\/#breadcrumb","itemListElement":[{"@type":"ListItem","position":1,"name":"Lettre Mme Cora","item":"https:\/\/www.chezcora.com\/lettre-mme-cora\/"},{"@type":"ListItem","position":2,"name":"La vita \u00e8 bella!"}]},{"@type":"WebSite","@id":"https:\/\/www.chezcora.com\/#website","url":"https:\/\/www.chezcora.com\/","name":"Cora Breakfast and Lunch","description":"D\u00e9jeuners spectaculaires livr\u00e9s \u00e0 votre domicile","potentialAction":[{"@type":"SearchAction","target":{"@type":"EntryPoint","urlTemplate":"https:\/\/www.chezcora.com\/?s={search_term_string}"},"query-input":{"@type":"PropertyValueSpecification","valueRequired":true,"valueName":"search_term_string"}}],"inLanguage":"en-CA"},{"@type":"Person","@id":"https:\/\/www.chezcora.com\/#\/schema\/person\/88e2042ed1147c57ae662ff786f967a3","name":"Isabel P. Picard","image":{"@type":"ImageObject","inLanguage":"en-CA","@id":"https:\/\/secure.gravatar.com\/avatar\/d9b7dd76d8858b218ed5ff8164b843efdac8c0ab35ed48ce74bd4b45a2a5ee07?s=96&d=mm&r=g","url":"https:\/\/secure.gravatar.com\/avatar\/d9b7dd76d8858b218ed5ff8164b843efdac8c0ab35ed48ce74bd4b45a2a5ee07?s=96&d=mm&r=g","contentUrl":"https:\/\/secure.gravatar.com\/avatar\/d9b7dd76d8858b218ed5ff8164b843efdac8c0ab35ed48ce74bd4b45a2a5ee07?s=96&d=mm&r=g","caption":"Isabel P. Picard"}}]}},"_links":{"self":[{"href":"https:\/\/www.chezcora.com\/en\/wp-json\/wp\/v2\/posts\/25177","targetHints":{"allow":["GET"]}}],"collection":[{"href":"https:\/\/www.chezcora.com\/en\/wp-json\/wp\/v2\/posts"}],"about":[{"href":"https:\/\/www.chezcora.com\/en\/wp-json\/wp\/v2\/types\/post"}],"author":[{"embeddable":true,"href":"https:\/\/www.chezcora.com\/en\/wp-json\/wp\/v2\/users\/414"}],"replies":[{"embeddable":true,"href":"https:\/\/www.chezcora.com\/en\/wp-json\/wp\/v2\/comments?post=25177"}],"version-history":[{"count":1,"href":"https:\/\/www.chezcora.com\/en\/wp-json\/wp\/v2\/posts\/25177\/revisions"}],"predecessor-version":[{"id":71103,"href":"https:\/\/www.chezcora.com\/en\/wp-json\/wp\/v2\/posts\/25177\/revisions\/71103"}],"wp:featuredmedia":[{"embeddable":true,"href":"https:\/\/www.chezcora.com\/en\/wp-json\/wp\/v2\/media\/25178"}],"wp:attachment":[{"href":"https:\/\/www.chezcora.com\/en\/wp-json\/wp\/v2\/media?parent=25177"}],"wp:term":[{"taxonomy":"category","embeddable":true,"href":"https:\/\/www.chezcora.com\/en\/wp-json\/wp\/v2\/categories?post=25177"},{"taxonomy":"post_tag","embeddable":true,"href":"https:\/\/www.chezcora.com\/en\/wp-json\/wp\/v2\/tags?post=25177"}],"curies":[{"name":"wp","href":"https:\/\/api.w.org\/{rel}","templated":true}]}}