{"id":28142,"date":"2023-10-27T10:54:41","date_gmt":"2023-10-27T14:54:41","guid":{"rendered":"https:\/\/www.chezcora.com\/?p=28142"},"modified":"2023-10-27T10:54:41","modified_gmt":"2023-10-27T14:54:41","slug":"im-terrified-of-snakes","status":"publish","type":"post","link":"https:\/\/www.chezcora.com\/en\/lettre-mme-cora\/jai-peur-des-serpents\/","title":{"rendered":"I'm terrified of snakes"},"content":{"rendered":"<p>Toute petite \u00e0 Caplan lorsqu\u2019il fallait se baigner dans la baie des Chaleurs, j\u2019avais tragiquement peur des anguilles. Mes petits pieds s\u2019enfon\u00e7ant dans le sable rouge, j'\u00e9tais terrifi\u00e9e! \u00ab\u00a0Peureuse, me criait fr\u00e9rot, cours et jette-toi dans l\u2019eau!\u00a0\u00bb, dans l\u2019eau glaciale de la Gasp\u00e9sie, m\u00eame en juillet. Quelquefois, papa nous amenait sur le quai pour p\u00eacher. Quelle horreur! Les anguilles dans la mer et des vers de terre hermaphrodites se tr\u00e9moussant dans une canisse. Ouache!<\/p>\n<p>D\u00e9m\u00e9nag\u00e9e en banlieue de Qu\u00e9bec, je me souviens de l\u2019amie Diane. Chaque matin, nous nous attendions pour partir ensemble vers l\u2019\u00e9cole en traversant un immense champ. Je n\u2019oublierai jamais ce fameux mercredi o\u00f9 Diane fut absente. Ses parents enterraient la grand-m\u00e8re et je dus traverser toute seule le long sentier menant \u00e0 l\u2019\u00e9cole. En revenant \u00e0 la maison, \u00e0 mi-chemin, voil\u00e0 que devant moi un serpent s\u2019immobilise et mon c\u0153ur arr\u00eate de battre. C\u2019est la premi\u00e8re fois que j\u2019en vois un vivant, \u00e0 peu pr\u00e8s long comme ma r\u00e8gle de 12\u00a0pouces. J\u2019ai fig\u00e9 sur place. J\u2019avais l\u2019impression qu\u2019il me d\u00e9visageait, qu\u2019il allait sauter sur moi, s\u2019enrouler sur ma jambe et grimper dans mon cou. Mais au lieu de s\u2019approcher, le reptile, sans bras ni pattes, commence \u00e0 onduler, \u00e0 grouiller par petits mouvements oscillatoires lui permettant d\u2019avancer. Il quitte le sentier de terre et s\u2019enfuit dans les hautes herbes. Ouache!<\/p>\n<p>Plus tard, mari\u00e9e et m\u00e8re de trois enfants, en voulant passer la balayeuse dans la garde-robe de mes deux gar\u00e7ons, je d\u00e9couvre un gros sac brun qui semble bouger. Prenant mon courage \u00e0 deux mains, j\u2019imagine un petit chat, un lapin sauvage, une souris captive ou un nid d\u2019oisillons. J\u2019ouvre le sac et mon c\u0153ur s\u2019arr\u00eate. Quatre, cinq ou six serpents sont entortill\u00e9s comme une masse vivante et mena\u00e7ante. J\u2019avais 26\u00a0ans et j'avais encore peur des serpents.<\/p>\n<p>Aujourd\u2019hui, 50\u00a0ans plus tard, je visite la nouvelle acquisition de la fille d\u2019une bonne amie; une magnifique maison ultramoderne, situ\u00e9e dans une banlieue cossue. Caroline, une psychoth\u00e9rapeute r\u00e9put\u00e9e, se fait un plaisir de nous montrer sa demeure. Wow! Le vaste salon, la cuisine de r\u00eave, le gym bien \u00e9quip\u00e9, la piscine int\u00e9rieure et patati et patata. Nous montons \u00e0 l\u2019\u00e9tage. Une chambre pour sa m\u00e8re, une chambre d\u2019invit\u00e9s et l\u2019immense chambre de la ma\u00eetresse de maison.<br \/>\n-Wow, Caroline, tout est magnifique!<br \/>\n-Entre dans ma chambre me dit-elle, tu n\u2019as pas vu le plus beau.<\/p>\n<p>Effectivement, je ne vois que le gigantesque tapis en laine rose bonbon et j\u2019imagine le confort pour mes vieux pieds. Caroline insiste pour me conduire vers sa grande fen\u00eatre panoramique. Elle veut me montrer le bouquet de ses trouvailles. Je penche la t\u00eate et je vois un grand terrarium vitr\u00e9 dans lequel trois gros serpents s\u2019amusent \u00e0 grimper l\u2019un sur l\u2019autre. \u00a0Je risque de tituber.<\/p>\n<p>-Ce sont mes b\u00e9b\u00e9s ch\u00e9ris, des pythons royaux, aussi doux que des agneaux! Ils ont presque 4\u00a0ans. Veux-tu en prendre un et le caresser un peu? C\u2019est th\u00e9rapeutique.<\/p>\n<p>Mes jambes mollissent, ma charpente chancelle, je suis \u00e0 une seconde pr\u00e8s de m\u2019\u00e9vanouir. J\u2019imagine les serpents glisser sur mon ventre, entourer mon cou ou descendre dans mon dos. \u00c9tendue de tout mon long sur le tapis rose, des petits bouts de laine bloquant mes narines, je suffoque! Mon corps br\u00fble de peur.<\/p>\n<p>Haute sur ses talons, la psychoth\u00e9rapeute me cherche un quelconque \u00e9tat de d\u00e9tresse. Je lui crie que j\u2019ai juste peur des serpents, une peur bleue depuis l\u2019enfance!<\/p>\n<p>Pr\u00e9parez-vous, chers lecteurs. Le 31\u00a0octobre prochain, des serpents grimperont dans les arbres! Ils nageront dans les goutti\u00e8res des maisons, danseront sur les garde-fous et peut-\u00eatre entreront-ils dans les chemin\u00e9es?<\/p>\n<p>Pour \u00e9loigner tout serpent aussi loin que possible de moi, je vais donc me d\u00e9guiser en invincible soldate, en sorci\u00e8re malveillante aux longs doigts squelettiques et bec de rapace falconiforme.<\/p>\n<p>WHOU-OU-OU-OU-OU-OU-OU. JOYEUSE HALLOWEEN!<\/p>\n<p>Cora<br \/>\n\ud83d\udc80\ud83d\udc80\ud83d\udc80\ud83d\udc80<\/p>","protected":false},"excerpt":{"rendered":"<p>Toute petite \u00e0 Caplan lorsqu\u2019il fallait se baigner dans la baie des [&hellip;]<\/p>\n","protected":false},"author":414,"featured_media":28143,"comment_status":"open","ping_status":"open","sticky":false,"template":"","format":"standard","meta":{"_acf_changed":false,"footnotes":""},"categories":[32],"tags":[],"class_list":["post-28142","post","type-post","status-publish","format-standard","has-post-thumbnail","hentry","category-lettre-mme-cora"],"acf":[],"yoast_head":"<!-- This site is optimized with the Yoast SEO plugin v27.4 - https:\/\/yoast.com\/product\/yoast-seo-wordpress\/ -->\n<title>J&#039;ai peur des serpents &#8211; Cora D\u00e9jeuners et d\u00eeners<\/title>\n<meta name=\"robots\" content=\"index, follow, max-snippet:-1, max-image-preview:large, max-video-preview:-1\" \/>\n<link rel=\"canonical\" href=\"https:\/\/www.chezcora.com\/en\/mme-coras-letter\/im-terrified-of-snakes\/\" \/>\n<meta property=\"og:locale\" content=\"en_US\" \/>\n<meta property=\"og:type\" content=\"article\" \/>\n<meta property=\"og:title\" content=\"J&#039;ai peur des serpents &#8211; Cora D\u00e9jeuners et d\u00eeners\" \/>\n<meta property=\"og:description\" content=\"Toute petite \u00e0 Caplan lorsqu\u2019il fallait se baigner dans la baie des [&hellip;]\" \/>\n<meta property=\"og:url\" content=\"https:\/\/www.chezcora.com\/en\/mme-coras-letter\/im-terrified-of-snakes\/\" \/>\n<meta property=\"og:site_name\" content=\"Cora D\u00e9jeuners et d\u00eeners\" \/>\n<meta property=\"article:publisher\" content=\"https:\/\/www.facebook.com\/corarestaurants\" \/>\n<meta property=\"article:published_time\" content=\"2023-10-27T14:54:41+00:00\" \/>\n<meta property=\"og:image\" content=\"https:\/\/www.chezcora.com\/wp-content\/uploads\/2023\/10\/Halloween2023_Jai-peur-des-serpents_1025.jpg\" \/>\n\t<meta property=\"og:image:width\" content=\"1025\" \/>\n\t<meta property=\"og:image:height\" content=\"1025\" \/>\n\t<meta property=\"og:image:type\" content=\"image\/jpeg\" \/>\n<meta name=\"author\" content=\"Isabel P. Picard\" \/>\n<meta name=\"twitter:card\" content=\"summary_large_image\" \/>\n<meta name=\"twitter:creator\" content=\"@CoraRestaurants\" \/>\n<meta name=\"twitter:site\" content=\"@CoraRestaurants\" \/>\n<meta name=\"twitter:label1\" content=\"Written by\" \/>\n\t<meta name=\"twitter:data1\" content=\"Isabel P. Picard\" \/>\n\t<meta name=\"twitter:label2\" content=\"Est. reading time\" \/>\n\t<meta name=\"twitter:data2\" content=\"4 minutes\" \/>\n<script type=\"application\/ld+json\" class=\"yoast-schema-graph\">{\"@context\":\"https:\\\/\\\/schema.org\",\"@graph\":[{\"@type\":\"Article\",\"@id\":\"https:\\\/\\\/www.chezcora.com\\\/lettre-mme-cora\\\/jai-peur-des-serpents\\\/#article\",\"isPartOf\":{\"@id\":\"https:\\\/\\\/www.chezcora.com\\\/lettre-mme-cora\\\/jai-peur-des-serpents\\\/\"},\"author\":{\"name\":\"Isabel P. Picard\",\"@id\":\"https:\\\/\\\/www.chezcora.com\\\/#\\\/schema\\\/person\\\/88e2042ed1147c57ae662ff786f967a3\"},\"headline\":\"J'ai peur des serpents\",\"datePublished\":\"2023-10-27T14:54:41+00:00\",\"mainEntityOfPage\":{\"@id\":\"https:\\\/\\\/www.chezcora.com\\\/lettre-mme-cora\\\/jai-peur-des-serpents\\\/\"},\"wordCount\":719,\"commentCount\":0,\"image\":{\"@id\":\"https:\\\/\\\/www.chezcora.com\\\/lettre-mme-cora\\\/jai-peur-des-serpents\\\/#primaryimage\"},\"thumbnailUrl\":\"https:\\\/\\\/e3b2rn3eqfa.exactdn.com\\\/wp-content\\\/uploads\\\/2023\\\/10\\\/Halloween2023_Jai-peur-des-serpents_1025.jpg?strip=all\",\"articleSection\":[\"Lettre Mme Cora\"],\"inLanguage\":\"en-CA\",\"potentialAction\":[{\"@type\":\"CommentAction\",\"name\":\"Comment\",\"target\":[\"https:\\\/\\\/www.chezcora.com\\\/lettre-mme-cora\\\/jai-peur-des-serpents\\\/#respond\"]}]},{\"@type\":\"WebPage\",\"@id\":\"https:\\\/\\\/www.chezcora.com\\\/lettre-mme-cora\\\/jai-peur-des-serpents\\\/\",\"url\":\"https:\\\/\\\/www.chezcora.com\\\/lettre-mme-cora\\\/jai-peur-des-serpents\\\/\",\"name\":\"J'ai peur des serpents &#8211; Cora D\u00e9jeuners et d\u00eeners\",\"isPartOf\":{\"@id\":\"https:\\\/\\\/www.chezcora.com\\\/#website\"},\"primaryImageOfPage\":{\"@id\":\"https:\\\/\\\/www.chezcora.com\\\/lettre-mme-cora\\\/jai-peur-des-serpents\\\/#primaryimage\"},\"image\":{\"@id\":\"https:\\\/\\\/www.chezcora.com\\\/lettre-mme-cora\\\/jai-peur-des-serpents\\\/#primaryimage\"},\"thumbnailUrl\":\"https:\\\/\\\/e3b2rn3eqfa.exactdn.com\\\/wp-content\\\/uploads\\\/2023\\\/10\\\/Halloween2023_Jai-peur-des-serpents_1025.jpg?strip=all\",\"datePublished\":\"2023-10-27T14:54:41+00:00\",\"author\":{\"@id\":\"https:\\\/\\\/www.chezcora.com\\\/#\\\/schema\\\/person\\\/88e2042ed1147c57ae662ff786f967a3\"},\"breadcrumb\":{\"@id\":\"https:\\\/\\\/www.chezcora.com\\\/lettre-mme-cora\\\/jai-peur-des-serpents\\\/#breadcrumb\"},\"inLanguage\":\"en-CA\",\"potentialAction\":[{\"@type\":\"ReadAction\",\"target\":[\"https:\\\/\\\/www.chezcora.com\\\/lettre-mme-cora\\\/jai-peur-des-serpents\\\/\"]}]},{\"@type\":\"ImageObject\",\"inLanguage\":\"en-CA\",\"@id\":\"https:\\\/\\\/www.chezcora.com\\\/lettre-mme-cora\\\/jai-peur-des-serpents\\\/#primaryimage\",\"url\":\"https:\\\/\\\/e3b2rn3eqfa.exactdn.com\\\/wp-content\\\/uploads\\\/2023\\\/10\\\/Halloween2023_Jai-peur-des-serpents_1025.jpg?strip=all\",\"contentUrl\":\"https:\\\/\\\/e3b2rn3eqfa.exactdn.com\\\/wp-content\\\/uploads\\\/2023\\\/10\\\/Halloween2023_Jai-peur-des-serpents_1025.jpg?strip=all\",\"width\":1025,\"height\":1025},{\"@type\":\"BreadcrumbList\",\"@id\":\"https:\\\/\\\/www.chezcora.com\\\/lettre-mme-cora\\\/jai-peur-des-serpents\\\/#breadcrumb\",\"itemListElement\":[{\"@type\":\"ListItem\",\"position\":1,\"name\":\"Lettre Mme Cora\",\"item\":\"https:\\\/\\\/www.chezcora.com\\\/lettre-mme-cora\\\/\"},{\"@type\":\"ListItem\",\"position\":2,\"name\":\"J'ai peur des serpents\"}]},{\"@type\":\"WebSite\",\"@id\":\"https:\\\/\\\/www.chezcora.com\\\/#website\",\"url\":\"https:\\\/\\\/www.chezcora.com\\\/\",\"name\":\"Cora D\u00e9jeuners et d\u00eeners\",\"description\":\"D\u00e9jeuners spectaculaires livr\u00e9s \u00e0 votre domicile\",\"potentialAction\":[{\"@type\":\"SearchAction\",\"target\":{\"@type\":\"EntryPoint\",\"urlTemplate\":\"https:\\\/\\\/www.chezcora.com\\\/?s={search_term_string}\"},\"query-input\":{\"@type\":\"PropertyValueSpecification\",\"valueRequired\":true,\"valueName\":\"search_term_string\"}}],\"inLanguage\":\"en-CA\"},{\"@type\":\"Person\",\"@id\":\"https:\\\/\\\/www.chezcora.com\\\/#\\\/schema\\\/person\\\/88e2042ed1147c57ae662ff786f967a3\",\"name\":\"Isabel P. Picard\",\"image\":{\"@type\":\"ImageObject\",\"inLanguage\":\"en-CA\",\"@id\":\"https:\\\/\\\/secure.gravatar.com\\\/avatar\\\/d9b7dd76d8858b218ed5ff8164b843efdac8c0ab35ed48ce74bd4b45a2a5ee07?s=96&d=mm&r=g\",\"url\":\"https:\\\/\\\/secure.gravatar.com\\\/avatar\\\/d9b7dd76d8858b218ed5ff8164b843efdac8c0ab35ed48ce74bd4b45a2a5ee07?s=96&d=mm&r=g\",\"contentUrl\":\"https:\\\/\\\/secure.gravatar.com\\\/avatar\\\/d9b7dd76d8858b218ed5ff8164b843efdac8c0ab35ed48ce74bd4b45a2a5ee07?s=96&d=mm&r=g\",\"caption\":\"Isabel P. Picard\"}}]}<\/script>\n<!-- \/ Yoast SEO plugin. -->","yoast_head_json":{"title":"J'ai peur des serpents &#8211; Cora D\u00e9jeuners et d\u00eeners","robots":{"index":"index","follow":"follow","max-snippet":"max-snippet:-1","max-image-preview":"max-image-preview:large","max-video-preview":"max-video-preview:-1"},"canonical":"https:\/\/www.chezcora.com\/en\/mme-coras-letter\/im-terrified-of-snakes\/","og_locale":"en_US","og_type":"article","og_title":"J'ai peur des serpents &#8211; Cora D\u00e9jeuners et d\u00eeners","og_description":"Toute petite \u00e0 Caplan lorsqu\u2019il fallait se baigner dans la baie des [&hellip;]","og_url":"https:\/\/www.chezcora.com\/en\/mme-coras-letter\/im-terrified-of-snakes\/","og_site_name":"Cora D\u00e9jeuners et d\u00eeners","article_publisher":"https:\/\/www.facebook.com\/corarestaurants","article_published_time":"2023-10-27T14:54:41+00:00","og_image":[{"width":1025,"height":1025,"url":"https:\/\/www.chezcora.com\/wp-content\/uploads\/2023\/10\/Halloween2023_Jai-peur-des-serpents_1025.jpg","type":"image\/jpeg"}],"author":"Isabel P. Picard","twitter_card":"summary_large_image","twitter_creator":"@CoraRestaurants","twitter_site":"@CoraRestaurants","twitter_misc":{"Written by":"Isabel P. Picard","Est. reading time":"4 minutes"},"schema":{"@context":"https:\/\/schema.org","@graph":[{"@type":"Article","@id":"https:\/\/www.chezcora.com\/lettre-mme-cora\/jai-peur-des-serpents\/#article","isPartOf":{"@id":"https:\/\/www.chezcora.com\/lettre-mme-cora\/jai-peur-des-serpents\/"},"author":{"name":"Isabel P. Picard","@id":"https:\/\/www.chezcora.com\/#\/schema\/person\/88e2042ed1147c57ae662ff786f967a3"},"headline":"J'ai peur des serpents","datePublished":"2023-10-27T14:54:41+00:00","mainEntityOfPage":{"@id":"https:\/\/www.chezcora.com\/lettre-mme-cora\/jai-peur-des-serpents\/"},"wordCount":719,"commentCount":0,"image":{"@id":"https:\/\/www.chezcora.com\/lettre-mme-cora\/jai-peur-des-serpents\/#primaryimage"},"thumbnailUrl":"https:\/\/e3b2rn3eqfa.exactdn.com\/wp-content\/uploads\/2023\/10\/Halloween2023_Jai-peur-des-serpents_1025.jpg?strip=all","articleSection":["Lettre Mme Cora"],"inLanguage":"en-CA","potentialAction":[{"@type":"CommentAction","name":"Comment","target":["https:\/\/www.chezcora.com\/lettre-mme-cora\/jai-peur-des-serpents\/#respond"]}]},{"@type":"WebPage","@id":"https:\/\/www.chezcora.com\/lettre-mme-cora\/jai-peur-des-serpents\/","url":"https:\/\/www.chezcora.com\/lettre-mme-cora\/jai-peur-des-serpents\/","name":"J'ai peur des serpents &#8211; Cora D\u00e9jeuners et d\u00eeners","isPartOf":{"@id":"https:\/\/www.chezcora.com\/#website"},"primaryImageOfPage":{"@id":"https:\/\/www.chezcora.com\/lettre-mme-cora\/jai-peur-des-serpents\/#primaryimage"},"image":{"@id":"https:\/\/www.chezcora.com\/lettre-mme-cora\/jai-peur-des-serpents\/#primaryimage"},"thumbnailUrl":"https:\/\/e3b2rn3eqfa.exactdn.com\/wp-content\/uploads\/2023\/10\/Halloween2023_Jai-peur-des-serpents_1025.jpg?strip=all","datePublished":"2023-10-27T14:54:41+00:00","author":{"@id":"https:\/\/www.chezcora.com\/#\/schema\/person\/88e2042ed1147c57ae662ff786f967a3"},"breadcrumb":{"@id":"https:\/\/www.chezcora.com\/lettre-mme-cora\/jai-peur-des-serpents\/#breadcrumb"},"inLanguage":"en-CA","potentialAction":[{"@type":"ReadAction","target":["https:\/\/www.chezcora.com\/lettre-mme-cora\/jai-peur-des-serpents\/"]}]},{"@type":"ImageObject","inLanguage":"en-CA","@id":"https:\/\/www.chezcora.com\/lettre-mme-cora\/jai-peur-des-serpents\/#primaryimage","url":"https:\/\/e3b2rn3eqfa.exactdn.com\/wp-content\/uploads\/2023\/10\/Halloween2023_Jai-peur-des-serpents_1025.jpg?strip=all","contentUrl":"https:\/\/e3b2rn3eqfa.exactdn.com\/wp-content\/uploads\/2023\/10\/Halloween2023_Jai-peur-des-serpents_1025.jpg?strip=all","width":1025,"height":1025},{"@type":"BreadcrumbList","@id":"https:\/\/www.chezcora.com\/lettre-mme-cora\/jai-peur-des-serpents\/#breadcrumb","itemListElement":[{"@type":"ListItem","position":1,"name":"Lettre Mme Cora","item":"https:\/\/www.chezcora.com\/lettre-mme-cora\/"},{"@type":"ListItem","position":2,"name":"J'ai peur des serpents"}]},{"@type":"WebSite","@id":"https:\/\/www.chezcora.com\/#website","url":"https:\/\/www.chezcora.com\/","name":"Cora Breakfast and Lunch","description":"D\u00e9jeuners spectaculaires livr\u00e9s \u00e0 votre domicile","potentialAction":[{"@type":"SearchAction","target":{"@type":"EntryPoint","urlTemplate":"https:\/\/www.chezcora.com\/?s={search_term_string}"},"query-input":{"@type":"PropertyValueSpecification","valueRequired":true,"valueName":"search_term_string"}}],"inLanguage":"en-CA"},{"@type":"Person","@id":"https:\/\/www.chezcora.com\/#\/schema\/person\/88e2042ed1147c57ae662ff786f967a3","name":"Isabel P. Picard","image":{"@type":"ImageObject","inLanguage":"en-CA","@id":"https:\/\/secure.gravatar.com\/avatar\/d9b7dd76d8858b218ed5ff8164b843efdac8c0ab35ed48ce74bd4b45a2a5ee07?s=96&d=mm&r=g","url":"https:\/\/secure.gravatar.com\/avatar\/d9b7dd76d8858b218ed5ff8164b843efdac8c0ab35ed48ce74bd4b45a2a5ee07?s=96&d=mm&r=g","contentUrl":"https:\/\/secure.gravatar.com\/avatar\/d9b7dd76d8858b218ed5ff8164b843efdac8c0ab35ed48ce74bd4b45a2a5ee07?s=96&d=mm&r=g","caption":"Isabel P. Picard"}}]}},"_links":{"self":[{"href":"https:\/\/www.chezcora.com\/en\/wp-json\/wp\/v2\/posts\/28142","targetHints":{"allow":["GET"]}}],"collection":[{"href":"https:\/\/www.chezcora.com\/en\/wp-json\/wp\/v2\/posts"}],"about":[{"href":"https:\/\/www.chezcora.com\/en\/wp-json\/wp\/v2\/types\/post"}],"author":[{"embeddable":true,"href":"https:\/\/www.chezcora.com\/en\/wp-json\/wp\/v2\/users\/414"}],"replies":[{"embeddable":true,"href":"https:\/\/www.chezcora.com\/en\/wp-json\/wp\/v2\/comments?post=28142"}],"version-history":[{"count":0,"href":"https:\/\/www.chezcora.com\/en\/wp-json\/wp\/v2\/posts\/28142\/revisions"}],"wp:featuredmedia":[{"embeddable":true,"href":"https:\/\/www.chezcora.com\/en\/wp-json\/wp\/v2\/media\/28143"}],"wp:attachment":[{"href":"https:\/\/www.chezcora.com\/en\/wp-json\/wp\/v2\/media?parent=28142"}],"wp:term":[{"taxonomy":"category","embeddable":true,"href":"https:\/\/www.chezcora.com\/en\/wp-json\/wp\/v2\/categories?post=28142"},{"taxonomy":"post_tag","embeddable":true,"href":"https:\/\/www.chezcora.com\/en\/wp-json\/wp\/v2\/tags?post=28142"}],"curies":[{"name":"wp","href":"https:\/\/api.w.org\/{rel}","templated":true}]}}