{"id":28268,"date":"2023-11-10T09:48:29","date_gmt":"2023-11-10T14:48:29","guid":{"rendered":"https:\/\/www.chezcora.com\/?p=28268"},"modified":"2023-11-10T09:49:46","modified_gmt":"2023-11-10T14:49:46","slug":"the-making-of-a-leader-2023","status":"publish","type":"post","link":"https:\/\/www.chezcora.com\/en\/lettre-mme-cora\/la-fabrication-dun-chef-2023\/","title":{"rendered":"The making of a leader"},"content":{"rendered":"<p>Les leaders se fabriquent eux-m\u00eames \u00e0 partir de la meilleure raison au monde\u00a0: vouloir cr\u00e9er quelque chose qui a le potentiel de devenir beaucoup plus grand qu\u2019eux. J\u2019ignorais ces choses en ouvrant le premier petit resto. Comment l\u2019aurais-je su? Moi qui n\u2019avais appris, pendant trop longtemps, que des mati\u00e8res immat\u00e9rielles telles que l\u2019histoire du monde, les langues anciennes, la litt\u00e9rature et la philosophie. Lorsque je me suis retrouv\u00e9e divorc\u00e9e, fauch\u00e9e et pauvre comme Job, je souhaitais juste gagner ma cro\u00fbte et nourrir mes trois enfants.<\/p>\n<p>Mes d\u00e9buts en affaires sont beaucoup moins prestigieux que ce que vous pourriez imaginer. Peut-\u00eatre suis-je tomb\u00e9e par hasard dans la \u00ab\u00a0potion magique\u00a0\u00bb! En v\u00e9rit\u00e9 : je n\u2019ai pas choisi la restauration, c\u2019est elle qui s\u2019est impos\u00e9e \u00e0 moi et c\u2019est pourtant ainsi que j\u2019allais rapidement exceller. Ayant vendu in extremis la maison familiale que la banque avait dans sa mire, j\u2019ai ouvert le premier Cora sans id\u00e9e pr\u00e9con\u00e7ue, ni passion particuli\u00e8re pour la nourriture, ni r\u00eave de grandeur ou de r\u00e9ussite \u00e9clatante. J\u2019allais juste cuisiner, servir des clients, nettoyer le bouiboui et apporter \u00e0 l\u2019appartement les restes de nourriture pour le souper des enfants.<\/p>\n<p>Mais me voil\u00e0 pourtant comme un \u00ab\u00a0dumpling\u00a0\u00bb, la t\u00eate \u00e9mergeant du bouillon. Soudainement happ\u00e9e par un second niveau de signification, je me suis mise \u00e0 donner de l\u2019importance aux gestes, aux choses et aux cr\u00e9ations alimentaires nouvellement install\u00e9es dans ma t\u00eate de patronne. Chaque jour, je me surprenais \u00e0 vouloir embellir, mieux faire, ajouter de la couleur et une saveur inoubliable \u00e0 chaque d\u00e9jeuner. Sans m\u2019en rendre compte, les rondelles de bananes, les fraises et les framboises se sont mises \u00e0 danser sur les tranches de pain dor\u00e9. Les bleuets frais sautant sur les triangles de melon avec les gros raisins rouges, les fl\u00e8ches de pommes, et les sourires de p\u00eaches juteuses.<\/p>\n<p>Quelque deux mois plus tard, j\u2019ai compos\u00e9 mes premi\u00e8res feuilles d\u2019horaire du personnel, feuilles d\u2019inventaire des denr\u00e9es, un rapport quotidien de fermeture de caisse avec le nombre de clients et la somme d\u2019argent, ainsi qu\u2019un mod\u00e8le de r\u00e9sultats mensuels afin que je puisse suivre notre progression. D\u2019o\u00f9 m\u2019est venue cette soudaine expertise? Je me le demande encore. Dans ce premier resto Cora, jour apr\u00e8s jour, j\u2019ai cr\u00e9\u00e9 tout ce que nous appellerions plus tard \u00ab\u00a0le concept CORA\u00a0\u00bb. \u00c9purant la tradition d\u2019alors, j\u2019ai am\u00e9lior\u00e9 chaque recette et chaque choix d\u2019aliment. Je me suis souvenu du m\u00e9lange \u00e0 cr\u00eapes de ma m\u00e8re et j\u2019ai fait mon propre sirop \u00e0 la vanille. Puis, me rappelant le blanc-manger du coll\u00e8ge, j\u2019ai concoct\u00e9 une cr\u00e8me p\u00e2tissi\u00e8re hors du commun.<\/p>\n<p>Mon assurance en cuisine grandissait aussi vite que les files d\u2019attente quotidiennes s\u2019allongeaient. Je m\u2019en souviens tellement. Ignorant encore la port\u00e9e de mes gestes, j\u2019organisais dans ma t\u00eate le travail \u00e0 faire et le monde autour de moi pour m\u2019aider. Sans le savoir, je nous pr\u00e9parais \u00e0 croire \u00e0 une r\u00e9alit\u00e9 encore invisible \u00e0 l\u2019\u0153il nu. Voil\u00e0 humblement le d\u00e9but de ma carri\u00e8re en restauration. Certes, je n\u2019avais pas choisi cette vocation, mais le temps a enflamm\u00e9 ma passion. Au lieu de m\u2019apitoyer sur mes mis\u00e8res, je me suis attel\u00e9e \u00e0 la t\u00e2che; tirant nos vies vers des jours meilleurs. Parce que je n\u2019avais pas le choix, je me suis engag\u00e9e \u00e0 r\u00e9ussir. J\u2019ai multipli\u00e9 les efforts que d\u2019autres n\u2019ont pas fournis et j\u2019ai obtenu une abondance de r\u00e9sultats que les moins convaincus n\u2019ont pas connus.<\/p>\n<p>J\u2019ai commenc\u00e9 tr\u00e8s t\u00f4t \u00e0 persuader mes enfants et les premiers employ\u00e9s que nous allions bien au-del\u00e0 que de servir des clients. Nous construisions quelque chose, une id\u00e9e, une fa\u00e7on de faire diff\u00e9rente de ce qui existait \u00e0 l\u2019\u00e9poque. Bien s\u00fbr, je manquais de mots et de connaissances pour articuler correctement l\u2019\u0153uvre \u00e0 laquelle nous participions et dont nous devenions les humbles serviteurs.<\/p>\n<p>Je ne sais pas o\u00f9 j\u2019ai trouv\u00e9 le courage n\u00e9cessaire pour entretenir cette chim\u00e8re jusqu\u2019\u00e0 ce qu\u2019elle puisse \u00e9merger du n\u00e9ant. Je r\u00e9alise aujourd\u2019hui que, dans ce premier restaurant de 29\u00a0places assises, j\u2019ai accouch\u00e9 d\u2019un concept extraordinaire. Comme une vraie m\u00e8re, j\u2019ai veill\u00e9 moi-m\u00eame mon b\u00e9b\u00e9 jour et nuit. En cuisinant, en inventant et en r\u00eavant, je n\u2019ai pens\u00e9 qu\u2019\u00e0 lui, \u00e0 son bien-\u00eatre et \u00e0 sa p\u00e9rennit\u00e9. J\u2019ai assum\u00e9 toutes les responsabilit\u00e9s li\u00e9es \u00e0 sa croissance et j\u2019ai aid\u00e9 les gens autour de lui \u00e0 mieux le servir. Tout cela je l\u2019ai accompli en prenant soin de nous garder, mes enfants, mon \u00e9quipe et moi, \u00e0 l\u2019abri du chaos pessimiste des incr\u00e9dules.<\/p>\n<p>La naissance du concept CORA a fait de moi un chef; un leader qui, telle une maman attentive, s\u2019est mis \u00e0 acqu\u00e9rir sur le tas et dans l\u2019\u00e9preuve chacune des forces qui lui serviraient \u00e0 accompagner l\u2019enfant jusqu\u2019\u00e0 maturit\u00e9. J\u2019ai voulu enseigner par l\u2019exemple et ne jamais exiger de quelqu\u2019un ce que je n\u2019\u00e9tais pas pr\u00eate \u00e0 faire moi-m\u00eame. J\u2019ai \u00e9t\u00e9 disciplin\u00e9e et s\u00e9v\u00e8re, \u00e9cartant de moi tout ce qui mena\u00e7ait la r\u00e9alisation de mes objectifs. \u00c7a n\u2019a pas toujours \u00e9t\u00e9 facile de croire au potentiel de mes id\u00e9es; pas facile du tout de croire \u00e0 un concept b\u00e2ti sur une montagne de coquilles d\u2019\u0153ufs.<\/p>\n<p>Le malheur lorsqu\u2019on est le CHEF d\u2019une entreprise, c'est qu\u2019il n\u2019existe pas d\u2019autorit\u00e9 sup\u00e9rieure susceptible de nous accorder un petit bravo, un \u00ab\u00a0tr\u00e8s bien\u00a0\u00bb entre deux r\u00e9unions. Voil\u00e0 sans doute pourquoi j\u2019avais accroch\u00e9 dans mon premier resto la photo de mon papa, d\u00e9c\u00e9d\u00e9 avant m\u00eame que je d\u00e9marre en affaires. J\u2019avais tellement besoin de ces petits mots d\u2019encouragement \u00e0 mes d\u00e9buts et, paradoxalement, on dirait que c\u2019est l\u2019\u00e9poque o\u00f9 ils se sont av\u00e9r\u00e9s les plus rares.<\/p>\n<p>Les sourires des clients m\u2019ont toujours gard\u00e9e combative et saine d\u2019esprit. De m\u00eame aujourd\u2019hui, tr\u00e8s chers lecteurs, vos multiples commentaires, chaque semaine, m\u2019encouragent \u00e0 continuer d\u2019\u00e9crire. Mille MERCIS \u00e0 vous tous!<\/p>\n<p>Cora<br \/>\n\u2764<\/p>","protected":false},"excerpt":{"rendered":"<p>Les leaders se fabriquent eux-m\u00eames \u00e0 partir de la meilleure raison au [&hellip;]<\/p>\n","protected":false},"author":414,"featured_media":28269,"comment_status":"open","ping_status":"open","sticky":false,"template":"","format":"standard","meta":{"_acf_changed":false,"footnotes":""},"categories":[32],"tags":[],"class_list":["post-28268","post","type-post","status-publish","format-standard","has-post-thumbnail","hentry","category-lettre-mme-cora"],"acf":[],"yoast_head":"<!-- This site is optimized with the Yoast SEO plugin v27.4 - https:\/\/yoast.com\/product\/yoast-seo-wordpress\/ -->\n<title>La fabrication d&#039;un chef &#8211; Cora D\u00e9jeuners et d\u00eeners<\/title>\n<meta name=\"robots\" content=\"index, follow, max-snippet:-1, max-image-preview:large, max-video-preview:-1\" \/>\n<link rel=\"canonical\" href=\"https:\/\/www.chezcora.com\/en\/mme-coras-letter\/the-making-of-a-leader-2023\/\" \/>\n<meta property=\"og:locale\" content=\"en_US\" \/>\n<meta property=\"og:type\" content=\"article\" \/>\n<meta property=\"og:title\" content=\"La fabrication d&#039;un chef &#8211; Cora D\u00e9jeuners et d\u00eeners\" \/>\n<meta property=\"og:description\" content=\"Les leaders se fabriquent eux-m\u00eames \u00e0 partir de la meilleure raison au [&hellip;]\" \/>\n<meta property=\"og:url\" content=\"https:\/\/www.chezcora.com\/en\/mme-coras-letter\/the-making-of-a-leader-2023\/\" \/>\n<meta property=\"og:site_name\" content=\"Cora D\u00e9jeuners et d\u00eeners\" \/>\n<meta property=\"article:publisher\" content=\"https:\/\/www.facebook.com\/corarestaurants\" \/>\n<meta property=\"article:published_time\" content=\"2023-11-10T14:48:29+00:00\" \/>\n<meta property=\"article:modified_time\" content=\"2023-11-10T14:49:46+00:00\" \/>\n<meta property=\"og:image\" content=\"https:\/\/www.chezcora.com\/wp-content\/uploads\/2023\/11\/La-fabrication-dun-chef_1025.jpg\" \/>\n\t<meta property=\"og:image:width\" content=\"1025\" \/>\n\t<meta property=\"og:image:height\" content=\"1025\" \/>\n\t<meta property=\"og:image:type\" content=\"image\/jpeg\" \/>\n<meta name=\"author\" content=\"Isabel P. Picard\" \/>\n<meta name=\"twitter:card\" content=\"summary_large_image\" \/>\n<meta name=\"twitter:creator\" content=\"@CoraRestaurants\" \/>\n<meta name=\"twitter:site\" content=\"@CoraRestaurants\" \/>\n<meta name=\"twitter:label1\" content=\"Written by\" \/>\n\t<meta name=\"twitter:data1\" content=\"Isabel P. Picard\" \/>\n\t<meta name=\"twitter:label2\" content=\"Est. reading time\" \/>\n\t<meta name=\"twitter:data2\" content=\"5 minutes\" \/>\n<script type=\"application\/ld+json\" class=\"yoast-schema-graph\">{\"@context\":\"https:\\\/\\\/schema.org\",\"@graph\":[{\"@type\":\"Article\",\"@id\":\"https:\\\/\\\/www.chezcora.com\\\/lettre-mme-cora\\\/la-fabrication-dun-chef-2023\\\/#article\",\"isPartOf\":{\"@id\":\"https:\\\/\\\/www.chezcora.com\\\/lettre-mme-cora\\\/la-fabrication-dun-chef-2023\\\/\"},\"author\":{\"name\":\"Isabel P. Picard\",\"@id\":\"https:\\\/\\\/www.chezcora.com\\\/#\\\/schema\\\/person\\\/88e2042ed1147c57ae662ff786f967a3\"},\"headline\":\"La fabrication d'un chef\",\"datePublished\":\"2023-11-10T14:48:29+00:00\",\"dateModified\":\"2023-11-10T14:49:46+00:00\",\"mainEntityOfPage\":{\"@id\":\"https:\\\/\\\/www.chezcora.com\\\/lettre-mme-cora\\\/la-fabrication-dun-chef-2023\\\/\"},\"wordCount\":1103,\"commentCount\":0,\"image\":{\"@id\":\"https:\\\/\\\/www.chezcora.com\\\/lettre-mme-cora\\\/la-fabrication-dun-chef-2023\\\/#primaryimage\"},\"thumbnailUrl\":\"https:\\\/\\\/e3b2rn3eqfa.exactdn.com\\\/wp-content\\\/uploads\\\/2023\\\/11\\\/La-fabrication-dun-chef_1025.jpg?strip=all\",\"articleSection\":[\"Lettre Mme Cora\"],\"inLanguage\":\"en-CA\",\"potentialAction\":[{\"@type\":\"CommentAction\",\"name\":\"Comment\",\"target\":[\"https:\\\/\\\/www.chezcora.com\\\/lettre-mme-cora\\\/la-fabrication-dun-chef-2023\\\/#respond\"]}]},{\"@type\":\"WebPage\",\"@id\":\"https:\\\/\\\/www.chezcora.com\\\/lettre-mme-cora\\\/la-fabrication-dun-chef-2023\\\/\",\"url\":\"https:\\\/\\\/www.chezcora.com\\\/lettre-mme-cora\\\/la-fabrication-dun-chef-2023\\\/\",\"name\":\"La fabrication d'un chef &#8211; Cora D\u00e9jeuners et d\u00eeners\",\"isPartOf\":{\"@id\":\"https:\\\/\\\/www.chezcora.com\\\/#website\"},\"primaryImageOfPage\":{\"@id\":\"https:\\\/\\\/www.chezcora.com\\\/lettre-mme-cora\\\/la-fabrication-dun-chef-2023\\\/#primaryimage\"},\"image\":{\"@id\":\"https:\\\/\\\/www.chezcora.com\\\/lettre-mme-cora\\\/la-fabrication-dun-chef-2023\\\/#primaryimage\"},\"thumbnailUrl\":\"https:\\\/\\\/e3b2rn3eqfa.exactdn.com\\\/wp-content\\\/uploads\\\/2023\\\/11\\\/La-fabrication-dun-chef_1025.jpg?strip=all\",\"datePublished\":\"2023-11-10T14:48:29+00:00\",\"dateModified\":\"2023-11-10T14:49:46+00:00\",\"author\":{\"@id\":\"https:\\\/\\\/www.chezcora.com\\\/#\\\/schema\\\/person\\\/88e2042ed1147c57ae662ff786f967a3\"},\"breadcrumb\":{\"@id\":\"https:\\\/\\\/www.chezcora.com\\\/lettre-mme-cora\\\/la-fabrication-dun-chef-2023\\\/#breadcrumb\"},\"inLanguage\":\"en-CA\",\"potentialAction\":[{\"@type\":\"ReadAction\",\"target\":[\"https:\\\/\\\/www.chezcora.com\\\/lettre-mme-cora\\\/la-fabrication-dun-chef-2023\\\/\"]}]},{\"@type\":\"ImageObject\",\"inLanguage\":\"en-CA\",\"@id\":\"https:\\\/\\\/www.chezcora.com\\\/lettre-mme-cora\\\/la-fabrication-dun-chef-2023\\\/#primaryimage\",\"url\":\"https:\\\/\\\/e3b2rn3eqfa.exactdn.com\\\/wp-content\\\/uploads\\\/2023\\\/11\\\/La-fabrication-dun-chef_1025.jpg?strip=all\",\"contentUrl\":\"https:\\\/\\\/e3b2rn3eqfa.exactdn.com\\\/wp-content\\\/uploads\\\/2023\\\/11\\\/La-fabrication-dun-chef_1025.jpg?strip=all\",\"width\":1025,\"height\":1025},{\"@type\":\"BreadcrumbList\",\"@id\":\"https:\\\/\\\/www.chezcora.com\\\/lettre-mme-cora\\\/la-fabrication-dun-chef-2023\\\/#breadcrumb\",\"itemListElement\":[{\"@type\":\"ListItem\",\"position\":1,\"name\":\"Lettre Mme Cora\",\"item\":\"https:\\\/\\\/www.chezcora.com\\\/lettre-mme-cora\\\/\"},{\"@type\":\"ListItem\",\"position\":2,\"name\":\"La fabrication d'un chef\"}]},{\"@type\":\"WebSite\",\"@id\":\"https:\\\/\\\/www.chezcora.com\\\/#website\",\"url\":\"https:\\\/\\\/www.chezcora.com\\\/\",\"name\":\"Cora D\u00e9jeuners et d\u00eeners\",\"description\":\"D\u00e9jeuners spectaculaires livr\u00e9s \u00e0 votre domicile\",\"potentialAction\":[{\"@type\":\"SearchAction\",\"target\":{\"@type\":\"EntryPoint\",\"urlTemplate\":\"https:\\\/\\\/www.chezcora.com\\\/?s={search_term_string}\"},\"query-input\":{\"@type\":\"PropertyValueSpecification\",\"valueRequired\":true,\"valueName\":\"search_term_string\"}}],\"inLanguage\":\"en-CA\"},{\"@type\":\"Person\",\"@id\":\"https:\\\/\\\/www.chezcora.com\\\/#\\\/schema\\\/person\\\/88e2042ed1147c57ae662ff786f967a3\",\"name\":\"Isabel P. Picard\",\"image\":{\"@type\":\"ImageObject\",\"inLanguage\":\"en-CA\",\"@id\":\"https:\\\/\\\/secure.gravatar.com\\\/avatar\\\/d9b7dd76d8858b218ed5ff8164b843efdac8c0ab35ed48ce74bd4b45a2a5ee07?s=96&d=mm&r=g\",\"url\":\"https:\\\/\\\/secure.gravatar.com\\\/avatar\\\/d9b7dd76d8858b218ed5ff8164b843efdac8c0ab35ed48ce74bd4b45a2a5ee07?s=96&d=mm&r=g\",\"contentUrl\":\"https:\\\/\\\/secure.gravatar.com\\\/avatar\\\/d9b7dd76d8858b218ed5ff8164b843efdac8c0ab35ed48ce74bd4b45a2a5ee07?s=96&d=mm&r=g\",\"caption\":\"Isabel P. Picard\"}}]}<\/script>\n<!-- \/ Yoast SEO plugin. -->","yoast_head_json":{"title":"La fabrication d'un chef &#8211; Cora D\u00e9jeuners et d\u00eeners","robots":{"index":"index","follow":"follow","max-snippet":"max-snippet:-1","max-image-preview":"max-image-preview:large","max-video-preview":"max-video-preview:-1"},"canonical":"https:\/\/www.chezcora.com\/en\/mme-coras-letter\/the-making-of-a-leader-2023\/","og_locale":"en_US","og_type":"article","og_title":"La fabrication d'un chef &#8211; Cora D\u00e9jeuners et d\u00eeners","og_description":"Les leaders se fabriquent eux-m\u00eames \u00e0 partir de la meilleure raison au [&hellip;]","og_url":"https:\/\/www.chezcora.com\/en\/mme-coras-letter\/the-making-of-a-leader-2023\/","og_site_name":"Cora D\u00e9jeuners et d\u00eeners","article_publisher":"https:\/\/www.facebook.com\/corarestaurants","article_published_time":"2023-11-10T14:48:29+00:00","article_modified_time":"2023-11-10T14:49:46+00:00","og_image":[{"width":1025,"height":1025,"url":"https:\/\/www.chezcora.com\/wp-content\/uploads\/2023\/11\/La-fabrication-dun-chef_1025.jpg","type":"image\/jpeg"}],"author":"Isabel P. Picard","twitter_card":"summary_large_image","twitter_creator":"@CoraRestaurants","twitter_site":"@CoraRestaurants","twitter_misc":{"Written by":"Isabel P. Picard","Est. reading time":"5 minutes"},"schema":{"@context":"https:\/\/schema.org","@graph":[{"@type":"Article","@id":"https:\/\/www.chezcora.com\/lettre-mme-cora\/la-fabrication-dun-chef-2023\/#article","isPartOf":{"@id":"https:\/\/www.chezcora.com\/lettre-mme-cora\/la-fabrication-dun-chef-2023\/"},"author":{"name":"Isabel P. Picard","@id":"https:\/\/www.chezcora.com\/#\/schema\/person\/88e2042ed1147c57ae662ff786f967a3"},"headline":"La fabrication d'un chef","datePublished":"2023-11-10T14:48:29+00:00","dateModified":"2023-11-10T14:49:46+00:00","mainEntityOfPage":{"@id":"https:\/\/www.chezcora.com\/lettre-mme-cora\/la-fabrication-dun-chef-2023\/"},"wordCount":1103,"commentCount":0,"image":{"@id":"https:\/\/www.chezcora.com\/lettre-mme-cora\/la-fabrication-dun-chef-2023\/#primaryimage"},"thumbnailUrl":"https:\/\/e3b2rn3eqfa.exactdn.com\/wp-content\/uploads\/2023\/11\/La-fabrication-dun-chef_1025.jpg?strip=all","articleSection":["Lettre Mme Cora"],"inLanguage":"en-CA","potentialAction":[{"@type":"CommentAction","name":"Comment","target":["https:\/\/www.chezcora.com\/lettre-mme-cora\/la-fabrication-dun-chef-2023\/#respond"]}]},{"@type":"WebPage","@id":"https:\/\/www.chezcora.com\/lettre-mme-cora\/la-fabrication-dun-chef-2023\/","url":"https:\/\/www.chezcora.com\/lettre-mme-cora\/la-fabrication-dun-chef-2023\/","name":"La fabrication d'un chef &#8211; Cora D\u00e9jeuners et d\u00eeners","isPartOf":{"@id":"https:\/\/www.chezcora.com\/#website"},"primaryImageOfPage":{"@id":"https:\/\/www.chezcora.com\/lettre-mme-cora\/la-fabrication-dun-chef-2023\/#primaryimage"},"image":{"@id":"https:\/\/www.chezcora.com\/lettre-mme-cora\/la-fabrication-dun-chef-2023\/#primaryimage"},"thumbnailUrl":"https:\/\/e3b2rn3eqfa.exactdn.com\/wp-content\/uploads\/2023\/11\/La-fabrication-dun-chef_1025.jpg?strip=all","datePublished":"2023-11-10T14:48:29+00:00","dateModified":"2023-11-10T14:49:46+00:00","author":{"@id":"https:\/\/www.chezcora.com\/#\/schema\/person\/88e2042ed1147c57ae662ff786f967a3"},"breadcrumb":{"@id":"https:\/\/www.chezcora.com\/lettre-mme-cora\/la-fabrication-dun-chef-2023\/#breadcrumb"},"inLanguage":"en-CA","potentialAction":[{"@type":"ReadAction","target":["https:\/\/www.chezcora.com\/lettre-mme-cora\/la-fabrication-dun-chef-2023\/"]}]},{"@type":"ImageObject","inLanguage":"en-CA","@id":"https:\/\/www.chezcora.com\/lettre-mme-cora\/la-fabrication-dun-chef-2023\/#primaryimage","url":"https:\/\/e3b2rn3eqfa.exactdn.com\/wp-content\/uploads\/2023\/11\/La-fabrication-dun-chef_1025.jpg?strip=all","contentUrl":"https:\/\/e3b2rn3eqfa.exactdn.com\/wp-content\/uploads\/2023\/11\/La-fabrication-dun-chef_1025.jpg?strip=all","width":1025,"height":1025},{"@type":"BreadcrumbList","@id":"https:\/\/www.chezcora.com\/lettre-mme-cora\/la-fabrication-dun-chef-2023\/#breadcrumb","itemListElement":[{"@type":"ListItem","position":1,"name":"Lettre Mme Cora","item":"https:\/\/www.chezcora.com\/lettre-mme-cora\/"},{"@type":"ListItem","position":2,"name":"La fabrication d'un chef"}]},{"@type":"WebSite","@id":"https:\/\/www.chezcora.com\/#website","url":"https:\/\/www.chezcora.com\/","name":"Cora Breakfast and Lunch","description":"D\u00e9jeuners spectaculaires livr\u00e9s \u00e0 votre domicile","potentialAction":[{"@type":"SearchAction","target":{"@type":"EntryPoint","urlTemplate":"https:\/\/www.chezcora.com\/?s={search_term_string}"},"query-input":{"@type":"PropertyValueSpecification","valueRequired":true,"valueName":"search_term_string"}}],"inLanguage":"en-CA"},{"@type":"Person","@id":"https:\/\/www.chezcora.com\/#\/schema\/person\/88e2042ed1147c57ae662ff786f967a3","name":"Isabel P. Picard","image":{"@type":"ImageObject","inLanguage":"en-CA","@id":"https:\/\/secure.gravatar.com\/avatar\/d9b7dd76d8858b218ed5ff8164b843efdac8c0ab35ed48ce74bd4b45a2a5ee07?s=96&d=mm&r=g","url":"https:\/\/secure.gravatar.com\/avatar\/d9b7dd76d8858b218ed5ff8164b843efdac8c0ab35ed48ce74bd4b45a2a5ee07?s=96&d=mm&r=g","contentUrl":"https:\/\/secure.gravatar.com\/avatar\/d9b7dd76d8858b218ed5ff8164b843efdac8c0ab35ed48ce74bd4b45a2a5ee07?s=96&d=mm&r=g","caption":"Isabel P. Picard"}}]}},"_links":{"self":[{"href":"https:\/\/www.chezcora.com\/en\/wp-json\/wp\/v2\/posts\/28268","targetHints":{"allow":["GET"]}}],"collection":[{"href":"https:\/\/www.chezcora.com\/en\/wp-json\/wp\/v2\/posts"}],"about":[{"href":"https:\/\/www.chezcora.com\/en\/wp-json\/wp\/v2\/types\/post"}],"author":[{"embeddable":true,"href":"https:\/\/www.chezcora.com\/en\/wp-json\/wp\/v2\/users\/414"}],"replies":[{"embeddable":true,"href":"https:\/\/www.chezcora.com\/en\/wp-json\/wp\/v2\/comments?post=28268"}],"version-history":[{"count":0,"href":"https:\/\/www.chezcora.com\/en\/wp-json\/wp\/v2\/posts\/28268\/revisions"}],"wp:featuredmedia":[{"embeddable":true,"href":"https:\/\/www.chezcora.com\/en\/wp-json\/wp\/v2\/media\/28269"}],"wp:attachment":[{"href":"https:\/\/www.chezcora.com\/en\/wp-json\/wp\/v2\/media?parent=28268"}],"wp:term":[{"taxonomy":"category","embeddable":true,"href":"https:\/\/www.chezcora.com\/en\/wp-json\/wp\/v2\/categories?post=28268"},{"taxonomy":"post_tag","embeddable":true,"href":"https:\/\/www.chezcora.com\/en\/wp-json\/wp\/v2\/tags?post=28268"}],"curies":[{"name":"wp","href":"https:\/\/api.w.org\/{rel}","templated":true}]}}