{"id":28716,"date":"2023-12-01T09:23:37","date_gmt":"2023-12-01T14:23:37","guid":{"rendered":"https:\/\/www.chezcora.com\/?p=28716"},"modified":"2023-11-30T13:27:15","modified_gmt":"2023-11-30T18:27:15","slug":"optimism","status":"publish","type":"post","link":"https:\/\/www.chezcora.com\/en\/lettre-mme-cora\/loptimisme\/","title":{"rendered":"Optimism"},"content":{"rendered":"<p>J\u2019ai longtemps \u00e9t\u00e9 pr\u00e9occup\u00e9e par l\u2019\u00e9volution du monde; par ces 3,8\u00a0milliards d\u2019ann\u00e9es pendant lesquelles la terre n\u2019a jamais arr\u00eat\u00e9 de tourner. Je me souviens, dans ma jeunesse, un vieil oncle m\u2019avait donn\u00e9 une encyclop\u00e9die sur la vie des premiers habitants de notre plan\u00e8te Terre. Je m\u2019int\u00e9ressais \u00e0 ces hommes, \u00e0 la forme de leurs cr\u00e2nes \u00e9voluant \u00e0 travers les \u00e2ges, \u00e0 l\u2019ing\u00e9nieuse fa\u00e7on qu\u2019ils avaient de vivre et surtout de survivre.<\/p>\n<p>L\u2019\u00eatre humain courageux traversa les guerres, les \u00e9pid\u00e9mies de toutes sortes et les affreuses famines capables de d\u00e9cimer en un rien de temps des milliers d\u2019\u00eatres humains. Mes \u00e9tudes classiques m\u2019ont vite instruite des tournants inappropri\u00e9s de l\u2019histoire\u00a0: guerres de religion, offensives territoriales, d\u00e9capitation des sorci\u00e8res, app\u00e9tits hors du commun des dictateurs affam\u00e9s, et j\u2019en passe. Au mitan de mon \u00e2ge, j\u2019ai pris conscience de la fonte des glaces, des ouragans d\u00e9vastateurs, des batailles raciales, des nouveaux affrontements religieux et des migrations ill\u00e9gales et mortif\u00e8res.<\/p>\n<p>Puis, r\u00e9cemment, une certaine r\u00e9volte de la nature attisa ma peur. Peur que les chaleurs intol\u00e9rables, un soleil br\u00fblant et les continuels feux de for\u00eat transforment notre plan\u00e8te en une immense urne fun\u00e9raire. Si je n\u2019avais pas l\u2019optimisme de mon c\u00f4t\u00e9, je tremblerais de peur. D\u2019autant plus qu\u2019\u00e0 travers l\u2019immense brouhaha d\u2019inqui\u00e9tudes que nous exp\u00e9rimentons d\u00e9j\u00e0, voil\u00e0 que nous arrive une nouvelle menace d\u00e9guis\u00e9e en sauveur de la nation.<\/p>\n<p>Oui, oui! Pendant que tout gaiement j\u2019\u00e9cris de jolies missives \u00e0 mes voisins, cette nouvelle et immat\u00e9rielle d\u00e9couverte chamboule mon entendement. Et j\u2019ai peur, peur que cette menace m\u2019oblige \u00e0 discutailler avec un pharmacien-robot au sujet des taches brunes qui envahissent mes mains et grimpent sur mes bras.<\/p>\n<p>Bien s\u00fbr qu\u2019ici et l\u00e0, je gagne en bravoure et j\u2019ose me tenir au courant des avanc\u00e9es de cette intelligence artificielle. Une chose est certaine, pour mes d\u00e9placements j\u2019aurai toujours les deux mains sur le volant et mon pied droit \u00e0 une fraction de seconde de la p\u00e9dale de frein.<\/p>\n<p>La terre tourne tellement vite que nous n\u2019avons jamais le temps d\u2019immobiliser nos yeux pour vraiment regarder ce qui se passe. Le capitalisme, le consum\u00e9risme et le \u00ab\u2009je m\u2019en foutisme\u2009\u00bb manifestent ensemble pour une meilleure vie et l\u2019homme, ce singe intelligent, r\u00e9ussit toujours \u00e0 imprimer assez d\u2019argent pour sauver les apparences et enrubanner les friandises du jour.<\/p>\n<p>Mon optimisme a tout \u00e0 voir avec l\u2019immat\u00e9rialit\u00e9 des choses. Il n\u2019emp\u00eache pas la lucidit\u00e9, le r\u00e9chauffement de la plan\u00e8te ou une potentielle extinction de l\u2019humanit\u00e9. Je crois fermement qu\u2019il y a dans la nature une force cr\u00e9atrice suffisamment puissante pour surpasser tous les obstacles et c\u2019est \u00e0 cette force que je me rallie pour esp\u00e9rer envers et contre tous.<\/p>\n<p>Il existe une l\u00e9gende am\u00e9rindienne dans laquelle un vieil indien cherokee dit \u00e0 son petit-fils\u00a0: \u00ab\u2009Mon petit, une bataille entre deux loups se passe \u00e0 l\u2019int\u00e9rieur de chaque \u00eatre humain. Un des deux loups repr\u00e9sente le mal, la col\u00e8re, l\u2019envie, la jalousie, l\u2019avidit\u00e9, l\u2019arrogance, le mensonge et la sup\u00e9riorit\u00e9 de l\u2019ego. L\u2019autre loup repr\u00e9sente le bien, la joie, la paix, l\u2019amour, l\u2019espoir, la s\u00e9r\u00e9nit\u00e9, l\u2019humilit\u00e9, la bienveillance, l\u2019empathie, la g\u00e9n\u00e9rosit\u00e9, la v\u00e9rit\u00e9 et la compassion\u2009\u00bb. Le petit-fils ayant r\u00e9fl\u00e9chi un brin demande \u00e0 son grand-p\u00e8re lequel des deux loups va gagner. Et le vieil homme de r\u00e9pondre simplement\u00a0: \u00ab\u2009Le gagnant sera le loup que tu nourriras le mieux\u2009\u00bb.<\/p>\n<p>C\u2019est \u00e0 cela que je crois. Ce qui compte c\u2019est de nourrir les forces positives qu\u2019il y a \u00e0 l\u2019int\u00e9rieur de nous et d\u2019affamer les forces n\u00e9gatives. Mon optimisme nourrit le bon loup, et j\u2019entretiens dans mon c\u0153ur, du moins j\u2019essaie, la joie, la paix, l\u2019espoir et la bienveillance.<\/p>\n<p>Toujours, toujours, j\u2019aspire \u00e0 \u00eatre dans la barque de la p\u00eache miraculeuse avec un filet rempli d\u2019espoir. J\u2019ai ce constant besoin de m\u2019am\u00e9liorer, de pratiquer la gentillesse, la bont\u00e9 et l\u2019amour du prochain. C\u2019est ainsi que je nourris mon bon loup, le plus souvent possible.<\/p>\n<p>Fouillant dans quelques livres savants, j\u2019ai d\u00e9couvert que tous les \u00eatres humains sont dot\u00e9s du g\u00e9nome \u00ab\u2009optimisme\u2009\u00bb. Les g\u00e9n\u00e9ticiens \u00e0 ce que j\u2019apprends ont prouv\u00e9 que c\u2019\u00e9tait inscrit dans notre ADN. Il para\u00eetrait m\u00eame que nous ne sommes pas tous \u00e9gaux en mati\u00e8re d\u2019optimisme, mais que nous pouvons tous nous am\u00e9liorer.<\/p>\n<p>Il semblerait aussi que l\u2019optimisme est le d\u00e9nominateur commun des personnalit\u00e9s charismatiques, des visionnaires, des cr\u00e9ateurs, et des initiateurs de changement. Les optimistes sont des battants, des combattants qui voient le verre \u00e0 moiti\u00e9 plein plut\u00f4t qu\u2019\u00e0 moiti\u00e9 vide. D\u2019ailleurs, selon le c\u00e9l\u00e8bre motivateur et conf\u00e9rencier Michel Poulaert\u00a0: \u00ab\u2009Si tous les inventeurs s\u2019\u00e9taient arr\u00eat\u00e9s \u00e0 leur premier \u00e9chec, nous vivoterions encore \u00e0 l\u2019\u00e2ge de pierre\u2009\u00bb.<\/p>\n<p>Cora<br \/>\n\u2764<br \/>\nP.-S. \u0336\u00a0 Pour aller plus loin, peut-\u00eatre pourriez-vous lire son r\u00e9cent livre\u00a0: POUR R\u00c9USSIR, OSEZ \u00c9CHOUER.<\/p>","protected":false},"excerpt":{"rendered":"<p>J\u2019ai longtemps \u00e9t\u00e9 pr\u00e9occup\u00e9e par l\u2019\u00e9volution du monde; par ces 3,8\u00a0milliards d\u2019ann\u00e9es [&hellip;]<\/p>\n","protected":false},"author":414,"featured_media":28717,"comment_status":"closed","ping_status":"open","sticky":false,"template":"","format":"standard","meta":{"_acf_changed":false,"footnotes":""},"categories":[32],"tags":[],"class_list":["post-28716","post","type-post","status-publish","format-standard","has-post-thumbnail","hentry","category-lettre-mme-cora"],"acf":[],"yoast_head":"<!-- This site is optimized with the Yoast SEO plugin v27.4 - https:\/\/yoast.com\/product\/yoast-seo-wordpress\/ -->\n<title>L&#039;optimisme &#8211; Cora D\u00e9jeuners et d\u00eeners<\/title>\n<meta name=\"robots\" content=\"index, follow, max-snippet:-1, max-image-preview:large, max-video-preview:-1\" \/>\n<link rel=\"canonical\" href=\"https:\/\/www.chezcora.com\/en\/mme-coras-letter\/optimism\/\" \/>\n<meta property=\"og:locale\" content=\"en_US\" \/>\n<meta property=\"og:type\" content=\"article\" \/>\n<meta property=\"og:title\" content=\"L&#039;optimisme &#8211; Cora D\u00e9jeuners et d\u00eeners\" \/>\n<meta property=\"og:description\" content=\"J\u2019ai longtemps \u00e9t\u00e9 pr\u00e9occup\u00e9e par l\u2019\u00e9volution du monde; par ces 3,8\u00a0milliards d\u2019ann\u00e9es [&hellip;]\" \/>\n<meta property=\"og:url\" content=\"https:\/\/www.chezcora.com\/en\/mme-coras-letter\/optimism\/\" \/>\n<meta property=\"og:site_name\" content=\"Cora D\u00e9jeuners et d\u00eeners\" \/>\n<meta property=\"article:publisher\" content=\"https:\/\/www.facebook.com\/corarestaurants\" \/>\n<meta property=\"article:published_time\" content=\"2023-12-01T14:23:37+00:00\" \/>\n<meta property=\"og:image\" content=\"https:\/\/e3b2rn3eqfa.exactdn.com\/wp-content\/uploads\/2023\/11\/Loptimisme_3-decembre-2023_1025.jpg?strip=all&lossy=1&ssl=1\" \/>\n\t<meta property=\"og:image:width\" content=\"1025\" \/>\n\t<meta property=\"og:image:height\" content=\"1025\" \/>\n\t<meta property=\"og:image:type\" content=\"image\/jpeg\" \/>\n<meta name=\"author\" content=\"Isabel P. Picard\" \/>\n<meta name=\"twitter:card\" content=\"summary_large_image\" \/>\n<meta name=\"twitter:creator\" content=\"@CoraRestaurants\" \/>\n<meta name=\"twitter:site\" content=\"@CoraRestaurants\" \/>\n<meta name=\"twitter:label1\" content=\"Written by\" \/>\n\t<meta name=\"twitter:data1\" content=\"Isabel P. Picard\" \/>\n\t<meta name=\"twitter:label2\" content=\"Est. reading time\" \/>\n\t<meta name=\"twitter:data2\" content=\"5 minutes\" \/>\n<script type=\"application\/ld+json\" class=\"yoast-schema-graph\">{\"@context\":\"https:\\\/\\\/schema.org\",\"@graph\":[{\"@type\":\"Article\",\"@id\":\"https:\\\/\\\/www.chezcora.com\\\/lettre-mme-cora\\\/loptimisme\\\/#article\",\"isPartOf\":{\"@id\":\"https:\\\/\\\/www.chezcora.com\\\/lettre-mme-cora\\\/loptimisme\\\/\"},\"author\":{\"name\":\"Isabel P. Picard\",\"@id\":\"https:\\\/\\\/www.chezcora.com\\\/#\\\/schema\\\/person\\\/88e2042ed1147c57ae662ff786f967a3\"},\"headline\":\"L'optimisme\",\"datePublished\":\"2023-12-01T14:23:37+00:00\",\"mainEntityOfPage\":{\"@id\":\"https:\\\/\\\/www.chezcora.com\\\/lettre-mme-cora\\\/loptimisme\\\/\"},\"wordCount\":913,\"image\":{\"@id\":\"https:\\\/\\\/www.chezcora.com\\\/lettre-mme-cora\\\/loptimisme\\\/#primaryimage\"},\"thumbnailUrl\":\"https:\\\/\\\/e3b2rn3eqfa.exactdn.com\\\/wp-content\\\/uploads\\\/2023\\\/11\\\/Loptimisme_3-decembre-2023_1025.jpg?strip=all\",\"articleSection\":[\"Lettre Mme Cora\"],\"inLanguage\":\"en-CA\"},{\"@type\":\"WebPage\",\"@id\":\"https:\\\/\\\/www.chezcora.com\\\/lettre-mme-cora\\\/loptimisme\\\/\",\"url\":\"https:\\\/\\\/www.chezcora.com\\\/lettre-mme-cora\\\/loptimisme\\\/\",\"name\":\"L'optimisme &#8211; Cora D\u00e9jeuners et d\u00eeners\",\"isPartOf\":{\"@id\":\"https:\\\/\\\/www.chezcora.com\\\/#website\"},\"primaryImageOfPage\":{\"@id\":\"https:\\\/\\\/www.chezcora.com\\\/lettre-mme-cora\\\/loptimisme\\\/#primaryimage\"},\"image\":{\"@id\":\"https:\\\/\\\/www.chezcora.com\\\/lettre-mme-cora\\\/loptimisme\\\/#primaryimage\"},\"thumbnailUrl\":\"https:\\\/\\\/e3b2rn3eqfa.exactdn.com\\\/wp-content\\\/uploads\\\/2023\\\/11\\\/Loptimisme_3-decembre-2023_1025.jpg?strip=all\",\"datePublished\":\"2023-12-01T14:23:37+00:00\",\"author\":{\"@id\":\"https:\\\/\\\/www.chezcora.com\\\/#\\\/schema\\\/person\\\/88e2042ed1147c57ae662ff786f967a3\"},\"breadcrumb\":{\"@id\":\"https:\\\/\\\/www.chezcora.com\\\/lettre-mme-cora\\\/loptimisme\\\/#breadcrumb\"},\"inLanguage\":\"en-CA\",\"potentialAction\":[{\"@type\":\"ReadAction\",\"target\":[\"https:\\\/\\\/www.chezcora.com\\\/lettre-mme-cora\\\/loptimisme\\\/\"]}]},{\"@type\":\"ImageObject\",\"inLanguage\":\"en-CA\",\"@id\":\"https:\\\/\\\/www.chezcora.com\\\/lettre-mme-cora\\\/loptimisme\\\/#primaryimage\",\"url\":\"https:\\\/\\\/e3b2rn3eqfa.exactdn.com\\\/wp-content\\\/uploads\\\/2023\\\/11\\\/Loptimisme_3-decembre-2023_1025.jpg?strip=all\",\"contentUrl\":\"https:\\\/\\\/e3b2rn3eqfa.exactdn.com\\\/wp-content\\\/uploads\\\/2023\\\/11\\\/Loptimisme_3-decembre-2023_1025.jpg?strip=all\",\"width\":1025,\"height\":1025},{\"@type\":\"BreadcrumbList\",\"@id\":\"https:\\\/\\\/www.chezcora.com\\\/lettre-mme-cora\\\/loptimisme\\\/#breadcrumb\",\"itemListElement\":[{\"@type\":\"ListItem\",\"position\":1,\"name\":\"Lettre Mme Cora\",\"item\":\"https:\\\/\\\/www.chezcora.com\\\/lettre-mme-cora\\\/\"},{\"@type\":\"ListItem\",\"position\":2,\"name\":\"L'optimisme\"}]},{\"@type\":\"WebSite\",\"@id\":\"https:\\\/\\\/www.chezcora.com\\\/#website\",\"url\":\"https:\\\/\\\/www.chezcora.com\\\/\",\"name\":\"Cora D\u00e9jeuners et d\u00eeners\",\"description\":\"D\u00e9jeuners spectaculaires livr\u00e9s \u00e0 votre domicile\",\"potentialAction\":[{\"@type\":\"SearchAction\",\"target\":{\"@type\":\"EntryPoint\",\"urlTemplate\":\"https:\\\/\\\/www.chezcora.com\\\/?s={search_term_string}\"},\"query-input\":{\"@type\":\"PropertyValueSpecification\",\"valueRequired\":true,\"valueName\":\"search_term_string\"}}],\"inLanguage\":\"en-CA\"},{\"@type\":\"Person\",\"@id\":\"https:\\\/\\\/www.chezcora.com\\\/#\\\/schema\\\/person\\\/88e2042ed1147c57ae662ff786f967a3\",\"name\":\"Isabel P. Picard\",\"image\":{\"@type\":\"ImageObject\",\"inLanguage\":\"en-CA\",\"@id\":\"https:\\\/\\\/secure.gravatar.com\\\/avatar\\\/d9b7dd76d8858b218ed5ff8164b843efdac8c0ab35ed48ce74bd4b45a2a5ee07?s=96&d=mm&r=g\",\"url\":\"https:\\\/\\\/secure.gravatar.com\\\/avatar\\\/d9b7dd76d8858b218ed5ff8164b843efdac8c0ab35ed48ce74bd4b45a2a5ee07?s=96&d=mm&r=g\",\"contentUrl\":\"https:\\\/\\\/secure.gravatar.com\\\/avatar\\\/d9b7dd76d8858b218ed5ff8164b843efdac8c0ab35ed48ce74bd4b45a2a5ee07?s=96&d=mm&r=g\",\"caption\":\"Isabel P. Picard\"}}]}<\/script>\n<!-- \/ Yoast SEO plugin. -->","yoast_head_json":{"title":"L'optimisme &#8211; Cora D\u00e9jeuners et d\u00eeners","robots":{"index":"index","follow":"follow","max-snippet":"max-snippet:-1","max-image-preview":"max-image-preview:large","max-video-preview":"max-video-preview:-1"},"canonical":"https:\/\/www.chezcora.com\/en\/mme-coras-letter\/optimism\/","og_locale":"en_US","og_type":"article","og_title":"L'optimisme &#8211; Cora D\u00e9jeuners et d\u00eeners","og_description":"J\u2019ai longtemps \u00e9t\u00e9 pr\u00e9occup\u00e9e par l\u2019\u00e9volution du monde; par ces 3,8\u00a0milliards d\u2019ann\u00e9es [&hellip;]","og_url":"https:\/\/www.chezcora.com\/en\/mme-coras-letter\/optimism\/","og_site_name":"Cora D\u00e9jeuners et d\u00eeners","article_publisher":"https:\/\/www.facebook.com\/corarestaurants","article_published_time":"2023-12-01T14:23:37+00:00","og_image":[{"width":1025,"height":1025,"url":"https:\/\/e3b2rn3eqfa.exactdn.com\/wp-content\/uploads\/2023\/11\/Loptimisme_3-decembre-2023_1025.jpg?strip=all&lossy=1&ssl=1","type":"image\/jpeg"}],"author":"Isabel P. Picard","twitter_card":"summary_large_image","twitter_creator":"@CoraRestaurants","twitter_site":"@CoraRestaurants","twitter_misc":{"Written by":"Isabel P. Picard","Est. reading time":"5 minutes"},"schema":{"@context":"https:\/\/schema.org","@graph":[{"@type":"Article","@id":"https:\/\/www.chezcora.com\/lettre-mme-cora\/loptimisme\/#article","isPartOf":{"@id":"https:\/\/www.chezcora.com\/lettre-mme-cora\/loptimisme\/"},"author":{"name":"Isabel P. Picard","@id":"https:\/\/www.chezcora.com\/#\/schema\/person\/88e2042ed1147c57ae662ff786f967a3"},"headline":"L'optimisme","datePublished":"2023-12-01T14:23:37+00:00","mainEntityOfPage":{"@id":"https:\/\/www.chezcora.com\/lettre-mme-cora\/loptimisme\/"},"wordCount":913,"image":{"@id":"https:\/\/www.chezcora.com\/lettre-mme-cora\/loptimisme\/#primaryimage"},"thumbnailUrl":"https:\/\/e3b2rn3eqfa.exactdn.com\/wp-content\/uploads\/2023\/11\/Loptimisme_3-decembre-2023_1025.jpg?strip=all","articleSection":["Lettre Mme Cora"],"inLanguage":"en-CA"},{"@type":"WebPage","@id":"https:\/\/www.chezcora.com\/lettre-mme-cora\/loptimisme\/","url":"https:\/\/www.chezcora.com\/lettre-mme-cora\/loptimisme\/","name":"L'optimisme &#8211; Cora D\u00e9jeuners et d\u00eeners","isPartOf":{"@id":"https:\/\/www.chezcora.com\/#website"},"primaryImageOfPage":{"@id":"https:\/\/www.chezcora.com\/lettre-mme-cora\/loptimisme\/#primaryimage"},"image":{"@id":"https:\/\/www.chezcora.com\/lettre-mme-cora\/loptimisme\/#primaryimage"},"thumbnailUrl":"https:\/\/e3b2rn3eqfa.exactdn.com\/wp-content\/uploads\/2023\/11\/Loptimisme_3-decembre-2023_1025.jpg?strip=all","datePublished":"2023-12-01T14:23:37+00:00","author":{"@id":"https:\/\/www.chezcora.com\/#\/schema\/person\/88e2042ed1147c57ae662ff786f967a3"},"breadcrumb":{"@id":"https:\/\/www.chezcora.com\/lettre-mme-cora\/loptimisme\/#breadcrumb"},"inLanguage":"en-CA","potentialAction":[{"@type":"ReadAction","target":["https:\/\/www.chezcora.com\/lettre-mme-cora\/loptimisme\/"]}]},{"@type":"ImageObject","inLanguage":"en-CA","@id":"https:\/\/www.chezcora.com\/lettre-mme-cora\/loptimisme\/#primaryimage","url":"https:\/\/e3b2rn3eqfa.exactdn.com\/wp-content\/uploads\/2023\/11\/Loptimisme_3-decembre-2023_1025.jpg?strip=all","contentUrl":"https:\/\/e3b2rn3eqfa.exactdn.com\/wp-content\/uploads\/2023\/11\/Loptimisme_3-decembre-2023_1025.jpg?strip=all","width":1025,"height":1025},{"@type":"BreadcrumbList","@id":"https:\/\/www.chezcora.com\/lettre-mme-cora\/loptimisme\/#breadcrumb","itemListElement":[{"@type":"ListItem","position":1,"name":"Lettre Mme Cora","item":"https:\/\/www.chezcora.com\/lettre-mme-cora\/"},{"@type":"ListItem","position":2,"name":"L'optimisme"}]},{"@type":"WebSite","@id":"https:\/\/www.chezcora.com\/#website","url":"https:\/\/www.chezcora.com\/","name":"Cora Breakfast and Lunch","description":"D\u00e9jeuners spectaculaires livr\u00e9s \u00e0 votre domicile","potentialAction":[{"@type":"SearchAction","target":{"@type":"EntryPoint","urlTemplate":"https:\/\/www.chezcora.com\/?s={search_term_string}"},"query-input":{"@type":"PropertyValueSpecification","valueRequired":true,"valueName":"search_term_string"}}],"inLanguage":"en-CA"},{"@type":"Person","@id":"https:\/\/www.chezcora.com\/#\/schema\/person\/88e2042ed1147c57ae662ff786f967a3","name":"Isabel P. Picard","image":{"@type":"ImageObject","inLanguage":"en-CA","@id":"https:\/\/secure.gravatar.com\/avatar\/d9b7dd76d8858b218ed5ff8164b843efdac8c0ab35ed48ce74bd4b45a2a5ee07?s=96&d=mm&r=g","url":"https:\/\/secure.gravatar.com\/avatar\/d9b7dd76d8858b218ed5ff8164b843efdac8c0ab35ed48ce74bd4b45a2a5ee07?s=96&d=mm&r=g","contentUrl":"https:\/\/secure.gravatar.com\/avatar\/d9b7dd76d8858b218ed5ff8164b843efdac8c0ab35ed48ce74bd4b45a2a5ee07?s=96&d=mm&r=g","caption":"Isabel P. Picard"}}]}},"_links":{"self":[{"href":"https:\/\/www.chezcora.com\/en\/wp-json\/wp\/v2\/posts\/28716","targetHints":{"allow":["GET"]}}],"collection":[{"href":"https:\/\/www.chezcora.com\/en\/wp-json\/wp\/v2\/posts"}],"about":[{"href":"https:\/\/www.chezcora.com\/en\/wp-json\/wp\/v2\/types\/post"}],"author":[{"embeddable":true,"href":"https:\/\/www.chezcora.com\/en\/wp-json\/wp\/v2\/users\/414"}],"replies":[{"embeddable":true,"href":"https:\/\/www.chezcora.com\/en\/wp-json\/wp\/v2\/comments?post=28716"}],"version-history":[{"count":0,"href":"https:\/\/www.chezcora.com\/en\/wp-json\/wp\/v2\/posts\/28716\/revisions"}],"wp:featuredmedia":[{"embeddable":true,"href":"https:\/\/www.chezcora.com\/en\/wp-json\/wp\/v2\/media\/28717"}],"wp:attachment":[{"href":"https:\/\/www.chezcora.com\/en\/wp-json\/wp\/v2\/media?parent=28716"}],"wp:term":[{"taxonomy":"category","embeddable":true,"href":"https:\/\/www.chezcora.com\/en\/wp-json\/wp\/v2\/categories?post=28716"},{"taxonomy":"post_tag","embeddable":true,"href":"https:\/\/www.chezcora.com\/en\/wp-json\/wp\/v2\/tags?post=28716"}],"curies":[{"name":"wp","href":"https:\/\/api.w.org\/{rel}","templated":true}]}}