{"id":41520,"date":"2024-03-31T06:48:03","date_gmt":"2024-03-31T10:48:03","guid":{"rendered":"https:\/\/www.chezcora.com\/?p=41520"},"modified":"2024-03-28T12:59:43","modified_gmt":"2024-03-28T16:59:43","slug":"three-desires-three-regrets","status":"publish","type":"post","link":"https:\/\/www.chezcora.com\/en\/lettre-mme-cora\/trois-desirs-trois-regrets\/","title":{"rendered":"Three desires, three regrets"},"content":{"rendered":"<p>Tr\u00e8s chers lecteurs, voici qu\u2019en cette fin mars, l\u2019amie journaliste r\u00e9cidive et m\u2019invite \u00e0 r\u00e9pondre \u00e0 de s\u00e9rieuses questions capables, selon elle, de d\u00e9poussi\u00e9rer ma caboche. J\u2019accepte de jouer le jeu encore une fois.<\/p>\n<p>\u2014\u00a0Quelles sont les trois choses qui donnent un sens \u00e0 votre existence?<br \/>\nCe qui donne un sens \u00e0 ma vie, ce sont mes enfants. Ils me donnent l\u2019assurance d\u2019appartenir quelque part, de faire partie d\u2019une famille, et d\u2019\u00eatre un important maillon de leur fratrie. Je dois nommer l\u2019entreprise que j\u2019ai cr\u00e9\u00e9e et qui m\u2019a d\u00e9finie comme entrepreneure \u00e0 succ\u00e8s. Je ne sais vraiment pas comment j\u2019ai acquis ce talent des affaires. Peut-\u00eatre est-ce gr\u00e2ce \u00e0 ma cr\u00e9ativit\u00e9, ma vaillance et ma capacit\u00e9 remarquable d\u2019avoir compris assez rapidement le concept de franchisage et le maniement des affaires commerciales au Canada. Finalement, bien que sur le tard, il y a cette \u00e9criture qui envahit mon quotidien tel un immense paquebot me permettant de revisiter en touriste tous les ports d\u2019attache de ma vie avant l\u2019ultime escapade.<\/p>\n<p>\u2014\u00a0Quelles sont vos trois plus grandes qualit\u00e9s?<br \/>\n\u2014\u00a0Ces qualit\u00e9s sont certainement le courage, la cr\u00e9ativit\u00e9 et la pers\u00e9v\u00e9rance. Toujours, toujours le courage enrubanne mes efforts. Un brin de cr\u00e9ativit\u00e9 descend du ciel chaque fois que j\u2019en ai besoin et cent fois sur le m\u00e9tier je remets mon ouvrage. J\u2019essaie de faire pousser des fleurs dans le d\u00e9sert. Des heures durant, je peaufine mes mots pour en faire des tigres blancs du Bengale, des poissons mandarins ou de fabuleux oiseaux de paradis.<\/p>\n<p>\u2014\u00a0Quels sont les trois actes les plus courageux que vous avez accomplis?<br \/>\n\u2014\u00a0Ce fut premi\u00e8rement de garder mon b\u00e9b\u00e9 au lieu d\u2019avorter comme le voulait son g\u00e9niteur. Puis celui de m\u2019enfuir avec mes trois enfants apr\u00e8s treize ann\u00e9es de malheur conjugal. Finalement, pauvre comme Job, ce fut d\u2019ouvrir un premier petit resto de d\u00e9jeuner qui, par miracle, devint une grande cha\u00eene de restaurants.<\/p>\n<p>\u2014\u00a0Quels sont les trois souvenirs les plus percutants qui demeurent pr\u00e9sents \u00e0 votre m\u00e9moire?<br \/>\n\u2014\u00a0Je ne pourrai jamais oublier les mains momifi\u00e9es de ma m\u00e8re sans cesse rong\u00e9es par l\u2019ecz\u00e9ma. Sa figure fracass\u00e9e que j\u2019ai d\u00fb identifier \u00e0 la morgue apr\u00e8s une collision frontale qui l\u2019a tu\u00e9e. L\u2019accouchement tr\u00e8s difficile de mon premier enfant pour lequel des forceps ont d\u00fb \u00eatre utilis\u00e9s pour le sortir de mon ventre.<\/p>\n<p>\u2014\u00a0Quels sont les trois regrets que vous ne pourrez jamais oublier?<br \/>\n\u2014\u00a0Jeunette, c\u2019\u00e9tait facile de regretter quelque chose. Une mauvaise note \u00e0 l\u2019\u00e9cole, une partie de tennis affreuse. J\u2019ai pourtant appris en vieillissant que tout a \u00e9t\u00e9 n\u00e9cessaire. Comme le sel et le poivre, le pire et le meilleur font partie de la recette d\u2019une vie. Pour citer la tr\u00e8s c\u00e9l\u00e8bre \u00c9dith\u00a0Piaf que j\u2019aime encore beaucoup, je dirais moi aussi\u00a0: \u00ab\u00a0Non, rien de rien. Non, je ne regrette rien\u00a0\u00bb.<\/p>\n<p>\u2014\u00a0Quelles sont les trois choses les plus difficiles que vous avez d\u00fb accepter?<br \/>\n\u2014\u00a0Plusieurs choses difficiles se sont pr\u00e9sent\u00e9es \u00e0 moi, je l\u2019avoue, mais je refuse de les compter. Vous connaissez ma vie. Vous savez qu\u2019\u00e0 la longue, une grosse difficult\u00e9 se transforme en petit d\u00e9luge qui finit toujours par s\u2019ass\u00e9cher. Il y a dans ma t\u00eate cette id\u00e9e des extr\u00eames \u00e0 \u00e9viter\u00a0: le tr\u00e8s haut\/le tr\u00e8s bas, le oui\/le non, le bon\/le mauvais, le blanc\/le noir. Je pr\u00e9f\u00e8re m\u2019imaginer au milieu des extr\u00eames.<\/p>\n<p>\u2014\u00a0Quelles sont les trois peurs qui vous tourmentent encore?<br \/>\n\u2014\u00a0J\u2019ai une peur bleue des serpents, m\u00eame des tout-petits que nous rencontrions en jouant dans les champs du grand-p\u00e8re. J\u2019ai aussi peur des souris, c\u2019en est inconcevable. Dans ma vieille maison de campagne, je suis presque en for\u00eat. Les chevreuils, les dindes sauvages, les marmottes, les grosses corneilles, je les aime tous, mais j\u2019ai peur d\u2019une petite queue noire de souris dans une armoire! J\u2019ai aussi un peu peur de la police lorsque je conduis dans les villages de notre beau pays. La nature magnifique me distrait et peut me faire oublier certains arr\u00eats.<\/p>\n<p>\u2014\u00a0Quels sont les trois meilleurs amis que vous avez encore dans votre vie?<br \/>\n\u2014\u00a0G\u00e9n\u00e9ralement, les bons amis se comptent sur les doigts d\u2019une main. Mais en vieillissant, en travaillant moins et en \u00e9crivant depuis presque trois ans dans le m\u00eame caf\u00e9 du village, les bons amis sont de plus en plus nombreux dans mon entourage et je m\u2019en r\u00e9jouis. Je les ai nomm\u00e9s dans la lettre <a href=\"https:\/\/www.chezcora.com\/en\/mme-coras-letter\/thirteen-for-dinner\/\">NOUS \u00c9TIONS TREIZE \u00c0 TABLE<\/a> publi\u00e9e ce 21\u00a0janvier\u00a02024.<\/p>\n<p>\u2014\u00a0Quels sont les trois d\u00e9sirs que vous n\u2019avez pas encore assouvis?<br \/>\n\u2014\u00a0Quelle immense montagne que ce mot \u00ab\u00a0d\u00e9sir\u00a0\u00bb! Une petite chose m\u2019arrive, un compliment, un regard, un sourire et mon c\u0153ur active la manette \u00ab\u00a0d\u00e9sir\u00a0\u00bb. Ne devrais-je pas avoir pass\u00e9 l\u2019\u00e2ge de prendre mes d\u00e9sirs pour des r\u00e9alit\u00e9s? Je n\u2019en suis pas certaine! Je grappille encore les miettes d\u2019affection qui s\u2019envolent en secouant la nappe.<\/p>\n<p>\u2014\u00a0Quels sont les trois compliments que vous recevez r\u00e9guli\u00e8rement?<br \/>\n\u2014\u00a0Comme je lis tous les commentaires de mes fid\u00e8les lecteurs, je crois sinc\u00e8rement que ce sont mes beaux mots qui re\u00e7oivent le plus d\u2019\u00e9loges. Puis mes barniques rigolotes et mes fringues color\u00e9es. Je d\u00e9tonne, je rigole, mais je crois fermement que cette originalit\u00e9 me fait du bien. M\u2019habiller, agencer mes couleurs et me cr\u00eaper la couette s\u2019av\u00e8re mon petit moment cr\u00e9atif de la journ\u00e9e. Pour terminer, il est vrai qu\u2019on me complimente souvent pour mes talents culinaires! Ils ont jadis servi \u00e0 b\u00e2tir l\u2019entreprise et je continue \u00e0 les mettre \u00e0 l\u2019\u0153uvre pour \u00e9blouir mes proches et, surtout, mes petits-enfants.<\/p>\n<p>Mille mercis, dame Isabel.<\/p>\n<p>Cora<br \/>\n\u2764<\/p>","protected":false},"excerpt":{"rendered":"<p>Tr\u00e8s chers lecteurs, voici qu\u2019en cette fin mars, l\u2019amie journaliste r\u00e9cidive et [&hellip;]<\/p>\n","protected":false},"author":414,"featured_media":41521,"comment_status":"closed","ping_status":"open","sticky":false,"template":"","format":"standard","meta":{"_acf_changed":false,"footnotes":""},"categories":[32],"tags":[],"class_list":["post-41520","post","type-post","status-publish","format-standard","has-post-thumbnail","hentry","category-lettre-mme-cora"],"acf":[],"yoast_head":"<!-- This site is optimized with the Yoast SEO plugin v27.4 - https:\/\/yoast.com\/product\/yoast-seo-wordpress\/ -->\n<title>Trois d\u00e9sirs, trois regrets &#8211; Cora D\u00e9jeuners et d\u00eeners<\/title>\n<meta name=\"robots\" content=\"index, follow, max-snippet:-1, max-image-preview:large, max-video-preview:-1\" \/>\n<link rel=\"canonical\" href=\"https:\/\/www.chezcora.com\/en\/mme-coras-letter\/three-desires-three-regrets\/\" \/>\n<meta property=\"og:locale\" content=\"en_US\" \/>\n<meta property=\"og:type\" content=\"article\" \/>\n<meta property=\"og:title\" content=\"Trois d\u00e9sirs, trois regrets &#8211; Cora D\u00e9jeuners et d\u00eeners\" \/>\n<meta property=\"og:description\" content=\"Tr\u00e8s chers lecteurs, voici qu\u2019en cette fin mars, l\u2019amie journaliste r\u00e9cidive et [&hellip;]\" \/>\n<meta property=\"og:url\" content=\"https:\/\/www.chezcora.com\/en\/mme-coras-letter\/three-desires-three-regrets\/\" \/>\n<meta property=\"og:site_name\" content=\"Cora D\u00e9jeuners et d\u00eeners\" \/>\n<meta property=\"article:publisher\" content=\"https:\/\/www.facebook.com\/corarestaurants\" \/>\n<meta property=\"article:published_time\" content=\"2024-03-31T10:48:03+00:00\" \/>\n<meta property=\"og:image\" content=\"https:\/\/e3b2rn3eqfa.exactdn.com\/wp-content\/uploads\/2024\/03\/Trois-desirstrois-regrest_31-mars-2024_1025.jpg?strip=all&lossy=1&ssl=1\" \/>\n\t<meta property=\"og:image:width\" content=\"1025\" \/>\n\t<meta property=\"og:image:height\" content=\"1025\" \/>\n\t<meta property=\"og:image:type\" content=\"image\/jpeg\" \/>\n<meta name=\"author\" content=\"Isabel P. Picard\" \/>\n<meta name=\"twitter:card\" content=\"summary_large_image\" \/>\n<meta name=\"twitter:creator\" content=\"@CoraRestaurants\" \/>\n<meta name=\"twitter:site\" content=\"@CoraRestaurants\" \/>\n<meta name=\"twitter:label1\" content=\"Written by\" \/>\n\t<meta name=\"twitter:data1\" content=\"Isabel P. Picard\" \/>\n\t<meta name=\"twitter:label2\" content=\"Est. reading time\" \/>\n\t<meta name=\"twitter:data2\" content=\"5 minutes\" \/>\n<script type=\"application\/ld+json\" class=\"yoast-schema-graph\">{\"@context\":\"https:\\\/\\\/schema.org\",\"@graph\":[{\"@type\":\"Article\",\"@id\":\"https:\\\/\\\/www.chezcora.com\\\/lettre-mme-cora\\\/trois-desirs-trois-regrets\\\/#article\",\"isPartOf\":{\"@id\":\"https:\\\/\\\/www.chezcora.com\\\/lettre-mme-cora\\\/trois-desirs-trois-regrets\\\/\"},\"author\":{\"name\":\"Isabel P. Picard\",\"@id\":\"https:\\\/\\\/www.chezcora.com\\\/#\\\/schema\\\/person\\\/88e2042ed1147c57ae662ff786f967a3\"},\"headline\":\"Trois d\u00e9sirs, trois regrets\",\"datePublished\":\"2024-03-31T10:48:03+00:00\",\"mainEntityOfPage\":{\"@id\":\"https:\\\/\\\/www.chezcora.com\\\/lettre-mme-cora\\\/trois-desirs-trois-regrets\\\/\"},\"wordCount\":1029,\"image\":{\"@id\":\"https:\\\/\\\/www.chezcora.com\\\/lettre-mme-cora\\\/trois-desirs-trois-regrets\\\/#primaryimage\"},\"thumbnailUrl\":\"https:\\\/\\\/e3b2rn3eqfa.exactdn.com\\\/wp-content\\\/uploads\\\/2024\\\/03\\\/Trois-desirstrois-regrest_31-mars-2024_1025.jpg?strip=all\",\"articleSection\":[\"Lettre Mme Cora\"],\"inLanguage\":\"en-CA\"},{\"@type\":\"WebPage\",\"@id\":\"https:\\\/\\\/www.chezcora.com\\\/lettre-mme-cora\\\/trois-desirs-trois-regrets\\\/\",\"url\":\"https:\\\/\\\/www.chezcora.com\\\/lettre-mme-cora\\\/trois-desirs-trois-regrets\\\/\",\"name\":\"Trois d\u00e9sirs, trois regrets &#8211; Cora D\u00e9jeuners et d\u00eeners\",\"isPartOf\":{\"@id\":\"https:\\\/\\\/www.chezcora.com\\\/#website\"},\"primaryImageOfPage\":{\"@id\":\"https:\\\/\\\/www.chezcora.com\\\/lettre-mme-cora\\\/trois-desirs-trois-regrets\\\/#primaryimage\"},\"image\":{\"@id\":\"https:\\\/\\\/www.chezcora.com\\\/lettre-mme-cora\\\/trois-desirs-trois-regrets\\\/#primaryimage\"},\"thumbnailUrl\":\"https:\\\/\\\/e3b2rn3eqfa.exactdn.com\\\/wp-content\\\/uploads\\\/2024\\\/03\\\/Trois-desirstrois-regrest_31-mars-2024_1025.jpg?strip=all\",\"datePublished\":\"2024-03-31T10:48:03+00:00\",\"author\":{\"@id\":\"https:\\\/\\\/www.chezcora.com\\\/#\\\/schema\\\/person\\\/88e2042ed1147c57ae662ff786f967a3\"},\"breadcrumb\":{\"@id\":\"https:\\\/\\\/www.chezcora.com\\\/lettre-mme-cora\\\/trois-desirs-trois-regrets\\\/#breadcrumb\"},\"inLanguage\":\"en-CA\",\"potentialAction\":[{\"@type\":\"ReadAction\",\"target\":[\"https:\\\/\\\/www.chezcora.com\\\/lettre-mme-cora\\\/trois-desirs-trois-regrets\\\/\"]}]},{\"@type\":\"ImageObject\",\"inLanguage\":\"en-CA\",\"@id\":\"https:\\\/\\\/www.chezcora.com\\\/lettre-mme-cora\\\/trois-desirs-trois-regrets\\\/#primaryimage\",\"url\":\"https:\\\/\\\/e3b2rn3eqfa.exactdn.com\\\/wp-content\\\/uploads\\\/2024\\\/03\\\/Trois-desirstrois-regrest_31-mars-2024_1025.jpg?strip=all\",\"contentUrl\":\"https:\\\/\\\/e3b2rn3eqfa.exactdn.com\\\/wp-content\\\/uploads\\\/2024\\\/03\\\/Trois-desirstrois-regrest_31-mars-2024_1025.jpg?strip=all\",\"width\":1025,\"height\":1025},{\"@type\":\"BreadcrumbList\",\"@id\":\"https:\\\/\\\/www.chezcora.com\\\/lettre-mme-cora\\\/trois-desirs-trois-regrets\\\/#breadcrumb\",\"itemListElement\":[{\"@type\":\"ListItem\",\"position\":1,\"name\":\"Lettre Mme Cora\",\"item\":\"https:\\\/\\\/www.chezcora.com\\\/lettre-mme-cora\\\/\"},{\"@type\":\"ListItem\",\"position\":2,\"name\":\"Trois d\u00e9sirs, trois regrets\"}]},{\"@type\":\"WebSite\",\"@id\":\"https:\\\/\\\/www.chezcora.com\\\/#website\",\"url\":\"https:\\\/\\\/www.chezcora.com\\\/\",\"name\":\"Cora D\u00e9jeuners et d\u00eeners\",\"description\":\"D\u00e9jeuners spectaculaires livr\u00e9s \u00e0 votre domicile\",\"potentialAction\":[{\"@type\":\"SearchAction\",\"target\":{\"@type\":\"EntryPoint\",\"urlTemplate\":\"https:\\\/\\\/www.chezcora.com\\\/?s={search_term_string}\"},\"query-input\":{\"@type\":\"PropertyValueSpecification\",\"valueRequired\":true,\"valueName\":\"search_term_string\"}}],\"inLanguage\":\"en-CA\"},{\"@type\":\"Person\",\"@id\":\"https:\\\/\\\/www.chezcora.com\\\/#\\\/schema\\\/person\\\/88e2042ed1147c57ae662ff786f967a3\",\"name\":\"Isabel P. Picard\",\"image\":{\"@type\":\"ImageObject\",\"inLanguage\":\"en-CA\",\"@id\":\"https:\\\/\\\/secure.gravatar.com\\\/avatar\\\/d9b7dd76d8858b218ed5ff8164b843efdac8c0ab35ed48ce74bd4b45a2a5ee07?s=96&d=mm&r=g\",\"url\":\"https:\\\/\\\/secure.gravatar.com\\\/avatar\\\/d9b7dd76d8858b218ed5ff8164b843efdac8c0ab35ed48ce74bd4b45a2a5ee07?s=96&d=mm&r=g\",\"contentUrl\":\"https:\\\/\\\/secure.gravatar.com\\\/avatar\\\/d9b7dd76d8858b218ed5ff8164b843efdac8c0ab35ed48ce74bd4b45a2a5ee07?s=96&d=mm&r=g\",\"caption\":\"Isabel P. Picard\"}}]}<\/script>\n<!-- \/ Yoast SEO plugin. -->","yoast_head_json":{"title":"Trois d\u00e9sirs, trois regrets &#8211; Cora D\u00e9jeuners et d\u00eeners","robots":{"index":"index","follow":"follow","max-snippet":"max-snippet:-1","max-image-preview":"max-image-preview:large","max-video-preview":"max-video-preview:-1"},"canonical":"https:\/\/www.chezcora.com\/en\/mme-coras-letter\/three-desires-three-regrets\/","og_locale":"en_US","og_type":"article","og_title":"Trois d\u00e9sirs, trois regrets &#8211; Cora D\u00e9jeuners et d\u00eeners","og_description":"Tr\u00e8s chers lecteurs, voici qu\u2019en cette fin mars, l\u2019amie journaliste r\u00e9cidive et [&hellip;]","og_url":"https:\/\/www.chezcora.com\/en\/mme-coras-letter\/three-desires-three-regrets\/","og_site_name":"Cora D\u00e9jeuners et d\u00eeners","article_publisher":"https:\/\/www.facebook.com\/corarestaurants","article_published_time":"2024-03-31T10:48:03+00:00","og_image":[{"width":1025,"height":1025,"url":"https:\/\/e3b2rn3eqfa.exactdn.com\/wp-content\/uploads\/2024\/03\/Trois-desirstrois-regrest_31-mars-2024_1025.jpg?strip=all&lossy=1&ssl=1","type":"image\/jpeg"}],"author":"Isabel P. Picard","twitter_card":"summary_large_image","twitter_creator":"@CoraRestaurants","twitter_site":"@CoraRestaurants","twitter_misc":{"Written by":"Isabel P. Picard","Est. reading time":"5 minutes"},"schema":{"@context":"https:\/\/schema.org","@graph":[{"@type":"Article","@id":"https:\/\/www.chezcora.com\/lettre-mme-cora\/trois-desirs-trois-regrets\/#article","isPartOf":{"@id":"https:\/\/www.chezcora.com\/lettre-mme-cora\/trois-desirs-trois-regrets\/"},"author":{"name":"Isabel P. Picard","@id":"https:\/\/www.chezcora.com\/#\/schema\/person\/88e2042ed1147c57ae662ff786f967a3"},"headline":"Trois d\u00e9sirs, trois regrets","datePublished":"2024-03-31T10:48:03+00:00","mainEntityOfPage":{"@id":"https:\/\/www.chezcora.com\/lettre-mme-cora\/trois-desirs-trois-regrets\/"},"wordCount":1029,"image":{"@id":"https:\/\/www.chezcora.com\/lettre-mme-cora\/trois-desirs-trois-regrets\/#primaryimage"},"thumbnailUrl":"https:\/\/e3b2rn3eqfa.exactdn.com\/wp-content\/uploads\/2024\/03\/Trois-desirstrois-regrest_31-mars-2024_1025.jpg?strip=all","articleSection":["Lettre Mme Cora"],"inLanguage":"en-CA"},{"@type":"WebPage","@id":"https:\/\/www.chezcora.com\/lettre-mme-cora\/trois-desirs-trois-regrets\/","url":"https:\/\/www.chezcora.com\/lettre-mme-cora\/trois-desirs-trois-regrets\/","name":"Trois d\u00e9sirs, trois regrets &#8211; Cora D\u00e9jeuners et d\u00eeners","isPartOf":{"@id":"https:\/\/www.chezcora.com\/#website"},"primaryImageOfPage":{"@id":"https:\/\/www.chezcora.com\/lettre-mme-cora\/trois-desirs-trois-regrets\/#primaryimage"},"image":{"@id":"https:\/\/www.chezcora.com\/lettre-mme-cora\/trois-desirs-trois-regrets\/#primaryimage"},"thumbnailUrl":"https:\/\/e3b2rn3eqfa.exactdn.com\/wp-content\/uploads\/2024\/03\/Trois-desirstrois-regrest_31-mars-2024_1025.jpg?strip=all","datePublished":"2024-03-31T10:48:03+00:00","author":{"@id":"https:\/\/www.chezcora.com\/#\/schema\/person\/88e2042ed1147c57ae662ff786f967a3"},"breadcrumb":{"@id":"https:\/\/www.chezcora.com\/lettre-mme-cora\/trois-desirs-trois-regrets\/#breadcrumb"},"inLanguage":"en-CA","potentialAction":[{"@type":"ReadAction","target":["https:\/\/www.chezcora.com\/lettre-mme-cora\/trois-desirs-trois-regrets\/"]}]},{"@type":"ImageObject","inLanguage":"en-CA","@id":"https:\/\/www.chezcora.com\/lettre-mme-cora\/trois-desirs-trois-regrets\/#primaryimage","url":"https:\/\/e3b2rn3eqfa.exactdn.com\/wp-content\/uploads\/2024\/03\/Trois-desirstrois-regrest_31-mars-2024_1025.jpg?strip=all","contentUrl":"https:\/\/e3b2rn3eqfa.exactdn.com\/wp-content\/uploads\/2024\/03\/Trois-desirstrois-regrest_31-mars-2024_1025.jpg?strip=all","width":1025,"height":1025},{"@type":"BreadcrumbList","@id":"https:\/\/www.chezcora.com\/lettre-mme-cora\/trois-desirs-trois-regrets\/#breadcrumb","itemListElement":[{"@type":"ListItem","position":1,"name":"Lettre Mme Cora","item":"https:\/\/www.chezcora.com\/lettre-mme-cora\/"},{"@type":"ListItem","position":2,"name":"Trois d\u00e9sirs, trois regrets"}]},{"@type":"WebSite","@id":"https:\/\/www.chezcora.com\/#website","url":"https:\/\/www.chezcora.com\/","name":"Cora Breakfast and Lunch","description":"D\u00e9jeuners spectaculaires livr\u00e9s \u00e0 votre domicile","potentialAction":[{"@type":"SearchAction","target":{"@type":"EntryPoint","urlTemplate":"https:\/\/www.chezcora.com\/?s={search_term_string}"},"query-input":{"@type":"PropertyValueSpecification","valueRequired":true,"valueName":"search_term_string"}}],"inLanguage":"en-CA"},{"@type":"Person","@id":"https:\/\/www.chezcora.com\/#\/schema\/person\/88e2042ed1147c57ae662ff786f967a3","name":"Isabel P. Picard","image":{"@type":"ImageObject","inLanguage":"en-CA","@id":"https:\/\/secure.gravatar.com\/avatar\/d9b7dd76d8858b218ed5ff8164b843efdac8c0ab35ed48ce74bd4b45a2a5ee07?s=96&d=mm&r=g","url":"https:\/\/secure.gravatar.com\/avatar\/d9b7dd76d8858b218ed5ff8164b843efdac8c0ab35ed48ce74bd4b45a2a5ee07?s=96&d=mm&r=g","contentUrl":"https:\/\/secure.gravatar.com\/avatar\/d9b7dd76d8858b218ed5ff8164b843efdac8c0ab35ed48ce74bd4b45a2a5ee07?s=96&d=mm&r=g","caption":"Isabel P. Picard"}}]}},"_links":{"self":[{"href":"https:\/\/www.chezcora.com\/en\/wp-json\/wp\/v2\/posts\/41520","targetHints":{"allow":["GET"]}}],"collection":[{"href":"https:\/\/www.chezcora.com\/en\/wp-json\/wp\/v2\/posts"}],"about":[{"href":"https:\/\/www.chezcora.com\/en\/wp-json\/wp\/v2\/types\/post"}],"author":[{"embeddable":true,"href":"https:\/\/www.chezcora.com\/en\/wp-json\/wp\/v2\/users\/414"}],"replies":[{"embeddable":true,"href":"https:\/\/www.chezcora.com\/en\/wp-json\/wp\/v2\/comments?post=41520"}],"version-history":[{"count":0,"href":"https:\/\/www.chezcora.com\/en\/wp-json\/wp\/v2\/posts\/41520\/revisions"}],"wp:featuredmedia":[{"embeddable":true,"href":"https:\/\/www.chezcora.com\/en\/wp-json\/wp\/v2\/media\/41521"}],"wp:attachment":[{"href":"https:\/\/www.chezcora.com\/en\/wp-json\/wp\/v2\/media?parent=41520"}],"wp:term":[{"taxonomy":"category","embeddable":true,"href":"https:\/\/www.chezcora.com\/en\/wp-json\/wp\/v2\/categories?post=41520"},{"taxonomy":"post_tag","embeddable":true,"href":"https:\/\/www.chezcora.com\/en\/wp-json\/wp\/v2\/tags?post=41520"}],"curies":[{"name":"wp","href":"https:\/\/api.w.org\/{rel}","templated":true}]}}