{"id":4427,"date":"2022-04-08T11:45:20","date_gmt":"2022-04-08T15:45:20","guid":{"rendered":"https:\/\/www.chezcora.com\/?p=4427"},"modified":"2022-04-08T11:45:20","modified_gmt":"2022-04-08T15:45:20","slug":"time-to-stop-and-reflect","status":"publish","type":"post","link":"https:\/\/www.chezcora.com\/en\/lettre-mme-cora\/sarreter-pour-reflechir\/","title":{"rendered":"Time to stop and reflect!"},"content":{"rendered":"<p>Encaban\u00e9e dans ma grande maison aux six divans, j\u2019ai enfin eu le temps de r\u00e9fl\u00e9chir. Ces trente derni\u00e8res ann\u00e9es, par monts et par vaux, j\u2019ai sillonn\u00e9 notre grand pays afin d\u2019y planter un peu partout de belles grandes tables \u00e0 d\u00e9jeuner. Et j\u2019ai eu dr\u00f4lement besoin d\u2019un repos quasi obligatoire pour enfin me calmer les hormones. La pand\u00e9mie et son s\u00e9v\u00e8re confinement me l\u2019ont procur\u00e9.<\/p>\n<p>Au d\u00e9but, comme tout le monde, j\u2019ai rag\u00e9 contre cette abominable calamit\u00e9 dont personne n\u2019avait pr\u00e9dit l\u2019arriv\u00e9e. J\u2019ai pleur\u00e9 la mort h\u00e2tive de beaucoup trop de personnes \u00e2g\u00e9es. Et, masqu\u00e9e jusqu\u2019aux oreilles, j\u2019ai eu peur pour ma propre vie, celle de mes enfants et de mes petits-enfants. J\u2019ai pri\u00e9 pour nos proches, nos franchis\u00e9s, nos employ\u00e9s, nos clients et la plan\u00e8te enti\u00e8re. Chaque matin, j\u2019ai entrepris de marcher quelque deux kilom\u00e8tres dans la nature pour apaiser mon esprit et me coller \u00e0 l\u2019ind\u00e9fectible sagesse des arbres.<\/p>\n<p>Pendant ce confinement obligatoire, j\u2019ai eu tout le temps au monde pour r\u00e9fl\u00e9chir \u00e0 ma vie, \u00e0 mes b\u00eatises, \u00e0 mes exc\u00e8s et \u00e0 mon ent\u00eatement \u00e0 r\u00e9ussir \u00e0 tout prix. Comme si mon existence en d\u00e9pendait; comme si le nombre d\u2019\u00e9tablissements allait \u00eatre l\u2019unique bar\u00e8me pour me d\u00e9finir. Et le m\u00e9chant virus est arriv\u00e9, bousculant nos habitudes, nos croyances et ma ferme conviction de vivre jusqu\u2019\u00e0 cent ans. Je le d\u00e9sire encore, mais avec un peu plus de d\u00e9tachement, comme il me plairait qu\u2019il fasse soleil demain.<\/p>\n<p>C\u2019est un fait, je ne suis plus \u00e0 la barre de quoi que ce soit d\u2019important. Et je survis, heureuse d\u2019\u00eatre encore de ce monde et confiante dans l\u2019avenir. Voulant garder contact avec nos pr\u00e9cieux clients, d\u00e8s le d\u00e9but de la pand\u00e9mie, j\u2019ai entrepris de leur \u00e9crire une lettre chaque semaine et j\u2019en suis \u00e0 la cent-cinquanti\u00e8me, presque. J\u2019ai retrouv\u00e9 ma passion de jadis! L\u2019\u00e9criture, je vous l\u2019avoue, a \u00e9t\u00e9 ma meilleure th\u00e9rapie. Elle a vid\u00e9 ma t\u00eate d\u2019un lourd pass\u00e9. Mes plus beaux et mes pires souvenirs se sont \u00e9gar\u00e9s dans un fouillis de paragraphes, la plupart aujourd\u2019hui grug\u00e9s par l\u2019oubli.<\/p>\n<p>Jadis, j\u2019\u00e9tais tellement contrari\u00e9e de ne jamais pouvoir en faire autant que j\u2019aurais voulu. Quelques fois, je me souviens, l\u2019espoir me coupait les pattes, mais je restais debout, m\u2019accrochant \u00e0 l\u2019aile d\u2019une corneille ou, mieux encore, \u00e0 la patte d\u2019un loup. Aujourd\u2019hui, je me sens beaucoup plus forte. J\u2019ai perdu des plumes, mais j\u2019ai gagn\u00e9 la bataille. Les \u00e9preuves ont \u00e9gratign\u00e9 ma vie, mais je r\u00e9alise qu\u2019elles ont aussi \u00e9t\u00e9 le brouillon de ma r\u00e9ussite. Je le comprends maintenant, et je prends le temps d\u2019appr\u00e9cier ma r\u00e9silience, de compter mes b\u00e9n\u00e9dictions et d\u2019\u00e9garer en for\u00eat la plupart de mes petits chagrins incrust\u00e9s. Oui, oui, vous devez me croire; je n\u2019entends presque plus mon c\u0153ur brailler.<\/p>\n<p>\u00c9tendue bien souvent sur le divan rouge du salon ou sur le vert kiwi de la verri\u00e8re, j\u2019ai eu amplement le temps de revisiter mon pass\u00e9, mes exploits, mes \u00e9preuves, et j\u2019en conclus que tout a \u00e9t\u00e9 n\u00e9cessaire. J\u2019ai aussi pu reconna\u00eetre et m\u2019approprier quelques belles qualit\u00e9s fort aidantes \u00e0 mon succ\u00e8s\u00a0: la cr\u00e9ativit\u00e9, l\u2019audace, la pers\u00e9v\u00e9rance et le courage. \u00a0Ce confinement a \u00e9t\u00e9 pour moi comme une longue convalescence \u00e9motionnelle qui a finalement accouch\u00e9 d\u2019une nouvelle \u00e9nergie vitale. La souffrance a foutu le camp et mon app\u00e9tit de vivre pourrait d\u00e9vorer un volcan. L\u2019inaction m\u2019a forc\u00e9e \u00e0 r\u00e9fl\u00e9chir, \u00e0 assumer ma force et ma fragilit\u00e9. J\u2019ai appris \u00e0 voir clair et plus loin que le bout de mon nez.<\/p>\n<p>Ayant eu tr\u00e8s peu de choses pour m\u2019\u00e9tourdir, j\u2019ai \u00e9t\u00e9 beaucoup plus calme, moins entreprenante, plus profonde, et plus en harmonie avec la nature et mes r\u00e9els besoins. Les amiti\u00e9s d\u00e9cevantes se sont dess\u00e9ch\u00e9es et les pies assourdissantes ont fui mes parages. J\u2019ai aussi fait la paix avec les deux chipies \u00ab\u00a0Vieillesse et Retraite\u00a0\u00bb (lettre publi\u00e9e le 13\u00a0mars dernier) et au lieu de les ignorer, j\u2019ai accept\u00e9 de faire partie de leur club. \u00c0 bient\u00f4t 75\u00a0ans, il n\u2019est pas trop t\u00f4t!<\/p>\n<p>\u00c0 mesure que la normalit\u00e9 se r\u00e9installe, la joie et le plaisir de socialiser refont surface. Un bon d\u00e9jeuner au resto, une f\u00eate d\u2019enfants, une visite dans une bouquinerie, un caf\u00e9 entre amis et la musique valsent rapidement dans nos t\u00eates. Je vous le jure, ces jours-ci, une couronne de possibilit\u00e9s encercle mon occiput. Mon premier voyage en bagnole sera certainement de refaire une \u00e9ni\u00e8me fois le tour de ma Gasp\u00e9sie natale pour respirer l\u2019air de la mer, manger du poisson frais et emmagasiner dans ma t\u00eate et dans ma cam\u00e9ra des paysages \u00e0 couper le souffle. N\u2019avez-vous point, vous aussi, l\u2019impression de revivre, all\u00e9g\u00e9s, curieux, et encore plus amoureux de la vie? Je vais \u00e9galement r\u00e9int\u00e9grer mon r\u00f4le honorifique de fondatrice visitant avec un immense plaisir nos courageux franchis\u00e9s un peu partout \u00e0 travers le Canada. Et, au d\u00e9but de l\u2019\u00e9t\u00e9, j\u2019aurai l\u2019extr\u00eame bonheur de vous pr\u00e9senter un petit chef-d\u2019\u0153uvre con\u00e7u par l\u2019\u00e9quipe cr\u00e9ative de l\u2019entreprise\u00a0: Un tout nouveau grand menu de d\u00e9jeuners.<\/p>\n<p>Cora<\/p>\n<p>\u2764<\/p>","protected":false},"excerpt":{"rendered":"<p>Encaban\u00e9e dans ma grande maison aux six divans, j\u2019ai enfin eu le [&hellip;]<\/p>\n","protected":false},"author":414,"featured_media":4428,"comment_status":"open","ping_status":"open","sticky":false,"template":"","format":"standard","meta":{"_acf_changed":false,"footnotes":""},"categories":[32],"tags":[],"class_list":["post-4427","post","type-post","status-publish","format-standard","has-post-thumbnail","hentry","category-lettre-mme-cora"],"acf":[],"yoast_head":"<!-- This site is optimized with the Yoast SEO plugin v27.4 - https:\/\/yoast.com\/product\/yoast-seo-wordpress\/ -->\n<title>S\u2019arr\u00eater pour r\u00e9fl\u00e9chir! &#8211; Cora D\u00e9jeuners et d\u00eeners<\/title>\n<meta name=\"robots\" content=\"index, follow, max-snippet:-1, max-image-preview:large, max-video-preview:-1\" \/>\n<link rel=\"canonical\" href=\"https:\/\/www.chezcora.com\/en\/mme-coras-letter\/time-to-stop-and-reflect\/\" \/>\n<meta property=\"og:locale\" content=\"en_US\" \/>\n<meta property=\"og:type\" content=\"article\" \/>\n<meta property=\"og:title\" content=\"S\u2019arr\u00eater pour r\u00e9fl\u00e9chir! &#8211; Cora D\u00e9jeuners et d\u00eeners\" \/>\n<meta property=\"og:description\" content=\"Encaban\u00e9e dans ma grande maison aux six divans, j\u2019ai enfin eu le [&hellip;]\" \/>\n<meta property=\"og:url\" content=\"https:\/\/www.chezcora.com\/en\/mme-coras-letter\/time-to-stop-and-reflect\/\" \/>\n<meta property=\"og:site_name\" content=\"Cora D\u00e9jeuners et d\u00eeners\" \/>\n<meta property=\"article:publisher\" content=\"https:\/\/www.facebook.com\/corarestaurants\" \/>\n<meta property=\"article:published_time\" content=\"2022-04-08T15:45:20+00:00\" \/>\n<meta property=\"og:image\" content=\"https:\/\/www.chezcora.com\/wp-content\/uploads\/2022\/04\/Arreter-pour-reflechir_1025.jpg\" \/>\n\t<meta property=\"og:image:width\" content=\"1025\" \/>\n\t<meta property=\"og:image:height\" content=\"1025\" \/>\n\t<meta property=\"og:image:type\" content=\"image\/jpeg\" \/>\n<meta name=\"author\" content=\"Isabel P. Picard\" \/>\n<meta name=\"twitter:card\" content=\"summary_large_image\" \/>\n<meta name=\"twitter:creator\" content=\"@CoraRestaurants\" \/>\n<meta name=\"twitter:site\" content=\"@CoraRestaurants\" \/>\n<meta name=\"twitter:label1\" content=\"Written by\" \/>\n\t<meta name=\"twitter:data1\" content=\"Isabel P. Picard\" \/>\n\t<meta name=\"twitter:label2\" content=\"Est. reading time\" \/>\n\t<meta name=\"twitter:data2\" content=\"5 minutes\" \/>\n<script type=\"application\/ld+json\" class=\"yoast-schema-graph\">{\"@context\":\"https:\\\/\\\/schema.org\",\"@graph\":[{\"@type\":\"Article\",\"@id\":\"https:\\\/\\\/www.chezcora.com\\\/lettre-mme-cora\\\/sarreter-pour-reflechir\\\/#article\",\"isPartOf\":{\"@id\":\"https:\\\/\\\/www.chezcora.com\\\/lettre-mme-cora\\\/sarreter-pour-reflechir\\\/\"},\"author\":{\"name\":\"Isabel P. Picard\",\"@id\":\"https:\\\/\\\/www.chezcora.com\\\/#\\\/schema\\\/person\\\/88e2042ed1147c57ae662ff786f967a3\"},\"headline\":\"S\u2019arr\u00eater pour r\u00e9fl\u00e9chir!\",\"datePublished\":\"2022-04-08T15:45:20+00:00\",\"mainEntityOfPage\":{\"@id\":\"https:\\\/\\\/www.chezcora.com\\\/lettre-mme-cora\\\/sarreter-pour-reflechir\\\/\"},\"wordCount\":974,\"commentCount\":0,\"image\":{\"@id\":\"https:\\\/\\\/www.chezcora.com\\\/lettre-mme-cora\\\/sarreter-pour-reflechir\\\/#primaryimage\"},\"thumbnailUrl\":\"https:\\\/\\\/e3b2rn3eqfa.exactdn.com\\\/wp-content\\\/uploads\\\/2022\\\/04\\\/Arreter-pour-reflechir_1025.jpg?strip=all\",\"articleSection\":[\"Lettre Mme Cora\"],\"inLanguage\":\"en-CA\",\"potentialAction\":[{\"@type\":\"CommentAction\",\"name\":\"Comment\",\"target\":[\"https:\\\/\\\/www.chezcora.com\\\/lettre-mme-cora\\\/sarreter-pour-reflechir\\\/#respond\"]}]},{\"@type\":\"WebPage\",\"@id\":\"https:\\\/\\\/www.chezcora.com\\\/lettre-mme-cora\\\/sarreter-pour-reflechir\\\/\",\"url\":\"https:\\\/\\\/www.chezcora.com\\\/lettre-mme-cora\\\/sarreter-pour-reflechir\\\/\",\"name\":\"S\u2019arr\u00eater pour r\u00e9fl\u00e9chir! &#8211; Cora D\u00e9jeuners et d\u00eeners\",\"isPartOf\":{\"@id\":\"https:\\\/\\\/www.chezcora.com\\\/#website\"},\"primaryImageOfPage\":{\"@id\":\"https:\\\/\\\/www.chezcora.com\\\/lettre-mme-cora\\\/sarreter-pour-reflechir\\\/#primaryimage\"},\"image\":{\"@id\":\"https:\\\/\\\/www.chezcora.com\\\/lettre-mme-cora\\\/sarreter-pour-reflechir\\\/#primaryimage\"},\"thumbnailUrl\":\"https:\\\/\\\/e3b2rn3eqfa.exactdn.com\\\/wp-content\\\/uploads\\\/2022\\\/04\\\/Arreter-pour-reflechir_1025.jpg?strip=all\",\"datePublished\":\"2022-04-08T15:45:20+00:00\",\"author\":{\"@id\":\"https:\\\/\\\/www.chezcora.com\\\/#\\\/schema\\\/person\\\/88e2042ed1147c57ae662ff786f967a3\"},\"breadcrumb\":{\"@id\":\"https:\\\/\\\/www.chezcora.com\\\/lettre-mme-cora\\\/sarreter-pour-reflechir\\\/#breadcrumb\"},\"inLanguage\":\"en-CA\",\"potentialAction\":[{\"@type\":\"ReadAction\",\"target\":[\"https:\\\/\\\/www.chezcora.com\\\/lettre-mme-cora\\\/sarreter-pour-reflechir\\\/\"]}]},{\"@type\":\"ImageObject\",\"inLanguage\":\"en-CA\",\"@id\":\"https:\\\/\\\/www.chezcora.com\\\/lettre-mme-cora\\\/sarreter-pour-reflechir\\\/#primaryimage\",\"url\":\"https:\\\/\\\/e3b2rn3eqfa.exactdn.com\\\/wp-content\\\/uploads\\\/2022\\\/04\\\/Arreter-pour-reflechir_1025.jpg?strip=all\",\"contentUrl\":\"https:\\\/\\\/e3b2rn3eqfa.exactdn.com\\\/wp-content\\\/uploads\\\/2022\\\/04\\\/Arreter-pour-reflechir_1025.jpg?strip=all\",\"width\":1025,\"height\":1025},{\"@type\":\"BreadcrumbList\",\"@id\":\"https:\\\/\\\/www.chezcora.com\\\/lettre-mme-cora\\\/sarreter-pour-reflechir\\\/#breadcrumb\",\"itemListElement\":[{\"@type\":\"ListItem\",\"position\":1,\"name\":\"Lettre Mme Cora\",\"item\":\"https:\\\/\\\/www.chezcora.com\\\/lettre-mme-cora\\\/\"},{\"@type\":\"ListItem\",\"position\":2,\"name\":\"S\u2019arr\u00eater pour r\u00e9fl\u00e9chir!\"}]},{\"@type\":\"WebSite\",\"@id\":\"https:\\\/\\\/www.chezcora.com\\\/#website\",\"url\":\"https:\\\/\\\/www.chezcora.com\\\/\",\"name\":\"Cora D\u00e9jeuners et d\u00eeners\",\"description\":\"D\u00e9jeuners spectaculaires livr\u00e9s \u00e0 votre domicile\",\"potentialAction\":[{\"@type\":\"SearchAction\",\"target\":{\"@type\":\"EntryPoint\",\"urlTemplate\":\"https:\\\/\\\/www.chezcora.com\\\/?s={search_term_string}\"},\"query-input\":{\"@type\":\"PropertyValueSpecification\",\"valueRequired\":true,\"valueName\":\"search_term_string\"}}],\"inLanguage\":\"en-CA\"},{\"@type\":\"Person\",\"@id\":\"https:\\\/\\\/www.chezcora.com\\\/#\\\/schema\\\/person\\\/88e2042ed1147c57ae662ff786f967a3\",\"name\":\"Isabel P. Picard\",\"image\":{\"@type\":\"ImageObject\",\"inLanguage\":\"en-CA\",\"@id\":\"https:\\\/\\\/secure.gravatar.com\\\/avatar\\\/d9b7dd76d8858b218ed5ff8164b843efdac8c0ab35ed48ce74bd4b45a2a5ee07?s=96&d=mm&r=g\",\"url\":\"https:\\\/\\\/secure.gravatar.com\\\/avatar\\\/d9b7dd76d8858b218ed5ff8164b843efdac8c0ab35ed48ce74bd4b45a2a5ee07?s=96&d=mm&r=g\",\"contentUrl\":\"https:\\\/\\\/secure.gravatar.com\\\/avatar\\\/d9b7dd76d8858b218ed5ff8164b843efdac8c0ab35ed48ce74bd4b45a2a5ee07?s=96&d=mm&r=g\",\"caption\":\"Isabel P. Picard\"}}]}<\/script>\n<!-- \/ Yoast SEO plugin. -->","yoast_head_json":{"title":"S\u2019arr\u00eater pour r\u00e9fl\u00e9chir! &#8211; Cora D\u00e9jeuners et d\u00eeners","robots":{"index":"index","follow":"follow","max-snippet":"max-snippet:-1","max-image-preview":"max-image-preview:large","max-video-preview":"max-video-preview:-1"},"canonical":"https:\/\/www.chezcora.com\/en\/mme-coras-letter\/time-to-stop-and-reflect\/","og_locale":"en_US","og_type":"article","og_title":"S\u2019arr\u00eater pour r\u00e9fl\u00e9chir! &#8211; Cora D\u00e9jeuners et d\u00eeners","og_description":"Encaban\u00e9e dans ma grande maison aux six divans, j\u2019ai enfin eu le [&hellip;]","og_url":"https:\/\/www.chezcora.com\/en\/mme-coras-letter\/time-to-stop-and-reflect\/","og_site_name":"Cora D\u00e9jeuners et d\u00eeners","article_publisher":"https:\/\/www.facebook.com\/corarestaurants","article_published_time":"2022-04-08T15:45:20+00:00","og_image":[{"width":1025,"height":1025,"url":"https:\/\/www.chezcora.com\/wp-content\/uploads\/2022\/04\/Arreter-pour-reflechir_1025.jpg","type":"image\/jpeg"}],"author":"Isabel P. Picard","twitter_card":"summary_large_image","twitter_creator":"@CoraRestaurants","twitter_site":"@CoraRestaurants","twitter_misc":{"Written by":"Isabel P. Picard","Est. reading time":"5 minutes"},"schema":{"@context":"https:\/\/schema.org","@graph":[{"@type":"Article","@id":"https:\/\/www.chezcora.com\/lettre-mme-cora\/sarreter-pour-reflechir\/#article","isPartOf":{"@id":"https:\/\/www.chezcora.com\/lettre-mme-cora\/sarreter-pour-reflechir\/"},"author":{"name":"Isabel P. Picard","@id":"https:\/\/www.chezcora.com\/#\/schema\/person\/88e2042ed1147c57ae662ff786f967a3"},"headline":"S\u2019arr\u00eater pour r\u00e9fl\u00e9chir!","datePublished":"2022-04-08T15:45:20+00:00","mainEntityOfPage":{"@id":"https:\/\/www.chezcora.com\/lettre-mme-cora\/sarreter-pour-reflechir\/"},"wordCount":974,"commentCount":0,"image":{"@id":"https:\/\/www.chezcora.com\/lettre-mme-cora\/sarreter-pour-reflechir\/#primaryimage"},"thumbnailUrl":"https:\/\/e3b2rn3eqfa.exactdn.com\/wp-content\/uploads\/2022\/04\/Arreter-pour-reflechir_1025.jpg?strip=all","articleSection":["Lettre Mme Cora"],"inLanguage":"en-CA","potentialAction":[{"@type":"CommentAction","name":"Comment","target":["https:\/\/www.chezcora.com\/lettre-mme-cora\/sarreter-pour-reflechir\/#respond"]}]},{"@type":"WebPage","@id":"https:\/\/www.chezcora.com\/lettre-mme-cora\/sarreter-pour-reflechir\/","url":"https:\/\/www.chezcora.com\/lettre-mme-cora\/sarreter-pour-reflechir\/","name":"S\u2019arr\u00eater pour r\u00e9fl\u00e9chir! &#8211; Cora D\u00e9jeuners et d\u00eeners","isPartOf":{"@id":"https:\/\/www.chezcora.com\/#website"},"primaryImageOfPage":{"@id":"https:\/\/www.chezcora.com\/lettre-mme-cora\/sarreter-pour-reflechir\/#primaryimage"},"image":{"@id":"https:\/\/www.chezcora.com\/lettre-mme-cora\/sarreter-pour-reflechir\/#primaryimage"},"thumbnailUrl":"https:\/\/e3b2rn3eqfa.exactdn.com\/wp-content\/uploads\/2022\/04\/Arreter-pour-reflechir_1025.jpg?strip=all","datePublished":"2022-04-08T15:45:20+00:00","author":{"@id":"https:\/\/www.chezcora.com\/#\/schema\/person\/88e2042ed1147c57ae662ff786f967a3"},"breadcrumb":{"@id":"https:\/\/www.chezcora.com\/lettre-mme-cora\/sarreter-pour-reflechir\/#breadcrumb"},"inLanguage":"en-CA","potentialAction":[{"@type":"ReadAction","target":["https:\/\/www.chezcora.com\/lettre-mme-cora\/sarreter-pour-reflechir\/"]}]},{"@type":"ImageObject","inLanguage":"en-CA","@id":"https:\/\/www.chezcora.com\/lettre-mme-cora\/sarreter-pour-reflechir\/#primaryimage","url":"https:\/\/e3b2rn3eqfa.exactdn.com\/wp-content\/uploads\/2022\/04\/Arreter-pour-reflechir_1025.jpg?strip=all","contentUrl":"https:\/\/e3b2rn3eqfa.exactdn.com\/wp-content\/uploads\/2022\/04\/Arreter-pour-reflechir_1025.jpg?strip=all","width":1025,"height":1025},{"@type":"BreadcrumbList","@id":"https:\/\/www.chezcora.com\/lettre-mme-cora\/sarreter-pour-reflechir\/#breadcrumb","itemListElement":[{"@type":"ListItem","position":1,"name":"Lettre Mme Cora","item":"https:\/\/www.chezcora.com\/lettre-mme-cora\/"},{"@type":"ListItem","position":2,"name":"S\u2019arr\u00eater pour r\u00e9fl\u00e9chir!"}]},{"@type":"WebSite","@id":"https:\/\/www.chezcora.com\/#website","url":"https:\/\/www.chezcora.com\/","name":"Cora Breakfast and Lunch","description":"D\u00e9jeuners spectaculaires livr\u00e9s \u00e0 votre domicile","potentialAction":[{"@type":"SearchAction","target":{"@type":"EntryPoint","urlTemplate":"https:\/\/www.chezcora.com\/?s={search_term_string}"},"query-input":{"@type":"PropertyValueSpecification","valueRequired":true,"valueName":"search_term_string"}}],"inLanguage":"en-CA"},{"@type":"Person","@id":"https:\/\/www.chezcora.com\/#\/schema\/person\/88e2042ed1147c57ae662ff786f967a3","name":"Isabel P. Picard","image":{"@type":"ImageObject","inLanguage":"en-CA","@id":"https:\/\/secure.gravatar.com\/avatar\/d9b7dd76d8858b218ed5ff8164b843efdac8c0ab35ed48ce74bd4b45a2a5ee07?s=96&d=mm&r=g","url":"https:\/\/secure.gravatar.com\/avatar\/d9b7dd76d8858b218ed5ff8164b843efdac8c0ab35ed48ce74bd4b45a2a5ee07?s=96&d=mm&r=g","contentUrl":"https:\/\/secure.gravatar.com\/avatar\/d9b7dd76d8858b218ed5ff8164b843efdac8c0ab35ed48ce74bd4b45a2a5ee07?s=96&d=mm&r=g","caption":"Isabel P. Picard"}}]}},"_links":{"self":[{"href":"https:\/\/www.chezcora.com\/en\/wp-json\/wp\/v2\/posts\/4427","targetHints":{"allow":["GET"]}}],"collection":[{"href":"https:\/\/www.chezcora.com\/en\/wp-json\/wp\/v2\/posts"}],"about":[{"href":"https:\/\/www.chezcora.com\/en\/wp-json\/wp\/v2\/types\/post"}],"author":[{"embeddable":true,"href":"https:\/\/www.chezcora.com\/en\/wp-json\/wp\/v2\/users\/414"}],"replies":[{"embeddable":true,"href":"https:\/\/www.chezcora.com\/en\/wp-json\/wp\/v2\/comments?post=4427"}],"version-history":[{"count":0,"href":"https:\/\/www.chezcora.com\/en\/wp-json\/wp\/v2\/posts\/4427\/revisions"}],"wp:featuredmedia":[{"embeddable":true,"href":"https:\/\/www.chezcora.com\/en\/wp-json\/wp\/v2\/media\/4428"}],"wp:attachment":[{"href":"https:\/\/www.chezcora.com\/en\/wp-json\/wp\/v2\/media?parent=4427"}],"wp:term":[{"taxonomy":"category","embeddable":true,"href":"https:\/\/www.chezcora.com\/en\/wp-json\/wp\/v2\/categories?post=4427"},{"taxonomy":"post_tag","embeddable":true,"href":"https:\/\/www.chezcora.com\/en\/wp-json\/wp\/v2\/tags?post=4427"}],"curies":[{"name":"wp","href":"https:\/\/api.w.org\/{rel}","templated":true}]}}