{"id":46259,"date":"2024-06-26T15:03:56","date_gmt":"2024-06-26T19:03:56","guid":{"rendered":"https:\/\/www.chezcora.com\/?p=46259"},"modified":"2024-06-26T15:03:56","modified_gmt":"2024-06-26T19:03:56","slug":"crepes-salade-de-fruits","status":"publish","type":"post","link":"https:\/\/www.chezcora.com\/en\/recettes\/crepes-salade-de-fruits\/","title":{"rendered":"\u00a0Fruit salad cr\u00eapes"},"content":{"rendered":"<p><strong>Servings:<\/strong> 8 cr\u00eapes<\/p>\n<p><strong>Ingredients :<\/strong><\/p>\n<ul>\n<li>200\u00a0g (1 1\/3 tasse) de m\u00e9lange \u00e0 cr\u00eapes nature Cora<\/li>\n<li>1 1\/3 cups (325 ml) milk (or plant-based beverage)<\/li>\n<li>Le jus d\u2019un demi-citron frais<\/li>\n<li>30\u00a0ml (2 c. \u00e0 soupe) de menthe fra\u00eeche, hach\u00e9e<\/li>\n<li>60\u00a0ml (1\/4 de tasse) de sirop d\u2019\u00e9rable<\/li>\n<li>500\u00a0ml (2\u00a0tasses) de cantaloup en cubes<\/li>\n<li>250\u00a0ml (1\u00a0tasse) de bleuets frais<\/li>\n<\/ul>\n<p><strong>D\u00e9coration\u00a0:<\/strong><\/p>\n<ul>\n<li>Feuilles de menthe<\/li>\n<li>Sucre \u00e0 glacer<\/li>\n<\/ul>\n<p><strong>Preparation: <\/strong><\/p>\n<ol>\n<li>Dans un bol, m\u00e9langer au fouet le jus de citron et le sirop d\u2019\u00e9rable. Ajouter la menthe et les fruits.<\/li>\n<li>M\u00e9langer d\u00e9licatement et r\u00e9frig\u00e9rer.<\/li>\n<li>To make 8 cr\u00eapes, place the Cora cr\u00eape mix and milk in a bowl.<\/li>\n<li>Mix vigorously with a whisk until smooth.<\/li>\n<li>Huiler l\u00e9g\u00e8rement une petite po\u00eale antiadh\u00e9sive et chauffer \u00e0 feu moyen vif. Ajouter 60\u00a0ml (1\/4 de tasse) du m\u00e9lange au centre de la po\u00eale et faire pivoter la po\u00eale pour r\u00e9pandre le m\u00e9lange uniform\u00e9ment.<\/li>\n<li>Lorsque le rebord se d\u00e9colle facilement et commence \u00e0 dorer, apr\u00e8s environ 1\u00a0minute, retourner la cr\u00eape \u00e0 l\u2019aide d\u2019une spatule et poursuivre la cuisson 30\u00a0secondes, ou jusqu\u2019\u00e0 cuisson compl\u00e8te.<\/li>\n<li>Retirer de la po\u00eale et d\u00e9poser chacune des cr\u00eapes dans une assiette individuelle; garnir avec 80\u00a0ml du m\u00e9lange de fruits du haut vers le bas au centre de chaque cr\u00eape.<\/li>\n<li>Plier le bas puis les deux c\u00f4t\u00e9s de la cr\u00eape en portefeuille de fa\u00e7on \u00e0 faire un rebord et ainsi maintenir la garniture \u00e0 l\u2019int\u00e9rieur.<\/li>\n<li>Saupoudrer les cr\u00eapes de sucre \u00e0 glacer et d\u00e9corer avec la menthe.<\/li>\n<\/ol>\n<p><strong>Bon app\u00e9tit!<\/strong><\/p>\n<p>&nbsp;<\/p>","protected":false},"excerpt":{"rendered":"<p>Rendement\u00a0: 8 cr\u00eapes Ingr\u00e9dients\u00a0: 200\u00a0g (1 1\/3 tasse) de m\u00e9lange \u00e0 cr\u00eapes [&hellip;]<\/p>\n","protected":false},"author":409,"featured_media":46505,"comment_status":"closed","ping_status":"open","sticky":false,"template":"","format":"standard","meta":{"_acf_changed":false,"footnotes":""},"categories":[34],"tags":[],"class_list":["post-46259","post","type-post","status-publish","format-standard","has-post-thumbnail","hentry","category-recettes"],"acf":[],"yoast_head":"<!-- This site is optimized with the Yoast SEO plugin v27.4 - https:\/\/yoast.com\/product\/yoast-seo-wordpress\/ -->\n<title>\u00a0Cr\u00eapes \u00ab Salade de fruits \u00bb &#8211; Cora D\u00e9jeuners et d\u00eeners<\/title>\n<meta name=\"robots\" content=\"index, follow, max-snippet:-1, max-image-preview:large, max-video-preview:-1\" \/>\n<link rel=\"canonical\" href=\"https:\/\/www.chezcora.com\/en\/recipes\/crepes-salade-de-fruits\/\" \/>\n<meta property=\"og:locale\" content=\"en_US\" \/>\n<meta property=\"og:type\" content=\"article\" \/>\n<meta property=\"og:title\" content=\"\u00a0Cr\u00eapes \u00ab Salade de fruits \u00bb &#8211; Cora D\u00e9jeuners et d\u00eeners\" \/>\n<meta property=\"og:description\" content=\"Rendement\u00a0: 8 cr\u00eapes Ingr\u00e9dients\u00a0: 200\u00a0g (1 1\/3 tasse) de m\u00e9lange \u00e0 cr\u00eapes [&hellip;]\" \/>\n<meta property=\"og:url\" content=\"https:\/\/www.chezcora.com\/en\/recipes\/crepes-salade-de-fruits\/\" \/>\n<meta property=\"og:site_name\" content=\"Cora D\u00e9jeuners et d\u00eeners\" \/>\n<meta property=\"article:publisher\" content=\"https:\/\/www.facebook.com\/corarestaurants\" \/>\n<meta property=\"article:published_time\" content=\"2024-06-26T19:03:56+00:00\" \/>\n<meta property=\"og:image\" content=\"https:\/\/www.chezcora.com\/wp-content\/uploads\/2024\/06\/salde-de-fruit.jpg\" \/>\n\t<meta property=\"og:image:width\" content=\"1080\" \/>\n\t<meta property=\"og:image:height\" content=\"925\" \/>\n\t<meta property=\"og:image:type\" content=\"image\/jpeg\" \/>\n<meta name=\"author\" content=\"Val\u00e9rie Fontaine\" \/>\n<meta name=\"twitter:card\" content=\"summary_large_image\" \/>\n<meta name=\"twitter:creator\" content=\"@CoraRestaurants\" \/>\n<meta name=\"twitter:site\" content=\"@CoraRestaurants\" \/>\n<meta name=\"twitter:label1\" content=\"Written by\" \/>\n\t<meta name=\"twitter:data1\" content=\"Val\u00e9rie Fontaine\" \/>\n\t<meta name=\"twitter:label2\" content=\"Est. reading time\" \/>\n\t<meta name=\"twitter:data2\" content=\"1 minute\" \/>\n<script type=\"application\/ld+json\" class=\"yoast-schema-graph\">{\"@context\":\"https:\\\/\\\/schema.org\",\"@graph\":[{\"@type\":\"Article\",\"@id\":\"https:\\\/\\\/www.chezcora.com\\\/recettes\\\/crepes-salade-de-fruits\\\/#article\",\"isPartOf\":{\"@id\":\"https:\\\/\\\/www.chezcora.com\\\/recettes\\\/crepes-salade-de-fruits\\\/\"},\"author\":{\"name\":\"Val\u00e9rie Fontaine\",\"@id\":\"https:\\\/\\\/www.chezcora.com\\\/#\\\/schema\\\/person\\\/f4bed33a8aa7ddd6981b0634710541b2\"},\"headline\":\"\u00a0Cr\u00eapes \u00ab Salade de fruits \u00bb\",\"datePublished\":\"2024-06-26T19:03:56+00:00\",\"mainEntityOfPage\":{\"@id\":\"https:\\\/\\\/www.chezcora.com\\\/recettes\\\/crepes-salade-de-fruits\\\/\"},\"wordCount\":293,\"image\":{\"@id\":\"https:\\\/\\\/www.chezcora.com\\\/recettes\\\/crepes-salade-de-fruits\\\/#primaryimage\"},\"thumbnailUrl\":\"https:\\\/\\\/e3b2rn3eqfa.exactdn.com\\\/wp-content\\\/uploads\\\/2024\\\/06\\\/salde-de-fruit.jpg?strip=all\",\"articleSection\":[\"Recettes\"],\"inLanguage\":\"en-CA\"},{\"@type\":\"WebPage\",\"@id\":\"https:\\\/\\\/www.chezcora.com\\\/recettes\\\/crepes-salade-de-fruits\\\/\",\"url\":\"https:\\\/\\\/www.chezcora.com\\\/recettes\\\/crepes-salade-de-fruits\\\/\",\"name\":\"\u00a0Cr\u00eapes \u00ab Salade de fruits \u00bb &#8211; Cora D\u00e9jeuners et d\u00eeners\",\"isPartOf\":{\"@id\":\"https:\\\/\\\/www.chezcora.com\\\/#website\"},\"primaryImageOfPage\":{\"@id\":\"https:\\\/\\\/www.chezcora.com\\\/recettes\\\/crepes-salade-de-fruits\\\/#primaryimage\"},\"image\":{\"@id\":\"https:\\\/\\\/www.chezcora.com\\\/recettes\\\/crepes-salade-de-fruits\\\/#primaryimage\"},\"thumbnailUrl\":\"https:\\\/\\\/e3b2rn3eqfa.exactdn.com\\\/wp-content\\\/uploads\\\/2024\\\/06\\\/salde-de-fruit.jpg?strip=all\",\"datePublished\":\"2024-06-26T19:03:56+00:00\",\"author\":{\"@id\":\"https:\\\/\\\/www.chezcora.com\\\/#\\\/schema\\\/person\\\/f4bed33a8aa7ddd6981b0634710541b2\"},\"breadcrumb\":{\"@id\":\"https:\\\/\\\/www.chezcora.com\\\/recettes\\\/crepes-salade-de-fruits\\\/#breadcrumb\"},\"inLanguage\":\"en-CA\",\"potentialAction\":[{\"@type\":\"ReadAction\",\"target\":[\"https:\\\/\\\/www.chezcora.com\\\/recettes\\\/crepes-salade-de-fruits\\\/\"]}]},{\"@type\":\"ImageObject\",\"inLanguage\":\"en-CA\",\"@id\":\"https:\\\/\\\/www.chezcora.com\\\/recettes\\\/crepes-salade-de-fruits\\\/#primaryimage\",\"url\":\"https:\\\/\\\/e3b2rn3eqfa.exactdn.com\\\/wp-content\\\/uploads\\\/2024\\\/06\\\/salde-de-fruit.jpg?strip=all\",\"contentUrl\":\"https:\\\/\\\/e3b2rn3eqfa.exactdn.com\\\/wp-content\\\/uploads\\\/2024\\\/06\\\/salde-de-fruit.jpg?strip=all\",\"width\":1080,\"height\":925},{\"@type\":\"BreadcrumbList\",\"@id\":\"https:\\\/\\\/www.chezcora.com\\\/recettes\\\/crepes-salade-de-fruits\\\/#breadcrumb\",\"itemListElement\":[{\"@type\":\"ListItem\",\"position\":1,\"name\":\"Recettes\",\"item\":\"https:\\\/\\\/www.chezcora.com\\\/recettes\\\/\"},{\"@type\":\"ListItem\",\"position\":2,\"name\":\"\u00a0Cr\u00eapes \u00ab Salade de fruits \u00bb\"}]},{\"@type\":\"WebSite\",\"@id\":\"https:\\\/\\\/www.chezcora.com\\\/#website\",\"url\":\"https:\\\/\\\/www.chezcora.com\\\/\",\"name\":\"Cora D\u00e9jeuners et d\u00eeners\",\"description\":\"D\u00e9jeuners spectaculaires livr\u00e9s \u00e0 votre domicile\",\"potentialAction\":[{\"@type\":\"SearchAction\",\"target\":{\"@type\":\"EntryPoint\",\"urlTemplate\":\"https:\\\/\\\/www.chezcora.com\\\/?s={search_term_string}\"},\"query-input\":{\"@type\":\"PropertyValueSpecification\",\"valueRequired\":true,\"valueName\":\"search_term_string\"}}],\"inLanguage\":\"en-CA\"},{\"@type\":\"Person\",\"@id\":\"https:\\\/\\\/www.chezcora.com\\\/#\\\/schema\\\/person\\\/f4bed33a8aa7ddd6981b0634710541b2\",\"name\":\"Val\u00e9rie Fontaine\",\"image\":{\"@type\":\"ImageObject\",\"inLanguage\":\"en-CA\",\"@id\":\"https:\\\/\\\/secure.gravatar.com\\\/avatar\\\/45d6310baab06b487b0ca67224e53db0b919e7397c30334aac86896d505c0d6d?s=96&d=mm&r=g\",\"url\":\"https:\\\/\\\/secure.gravatar.com\\\/avatar\\\/45d6310baab06b487b0ca67224e53db0b919e7397c30334aac86896d505c0d6d?s=96&d=mm&r=g\",\"contentUrl\":\"https:\\\/\\\/secure.gravatar.com\\\/avatar\\\/45d6310baab06b487b0ca67224e53db0b919e7397c30334aac86896d505c0d6d?s=96&d=mm&r=g\",\"caption\":\"Val\u00e9rie Fontaine\"}}]}<\/script>\n<!-- \/ Yoast SEO plugin. -->","yoast_head_json":{"title":"\u00a0Cr\u00eapes \u00ab Salade de fruits \u00bb &#8211; Cora D\u00e9jeuners et d\u00eeners","robots":{"index":"index","follow":"follow","max-snippet":"max-snippet:-1","max-image-preview":"max-image-preview:large","max-video-preview":"max-video-preview:-1"},"canonical":"https:\/\/www.chezcora.com\/en\/recipes\/crepes-salade-de-fruits\/","og_locale":"en_US","og_type":"article","og_title":"\u00a0Cr\u00eapes \u00ab Salade de fruits \u00bb &#8211; Cora D\u00e9jeuners et d\u00eeners","og_description":"Rendement\u00a0: 8 cr\u00eapes Ingr\u00e9dients\u00a0: 200\u00a0g (1 1\/3 tasse) de m\u00e9lange \u00e0 cr\u00eapes [&hellip;]","og_url":"https:\/\/www.chezcora.com\/en\/recipes\/crepes-salade-de-fruits\/","og_site_name":"Cora D\u00e9jeuners et d\u00eeners","article_publisher":"https:\/\/www.facebook.com\/corarestaurants","article_published_time":"2024-06-26T19:03:56+00:00","og_image":[{"width":1080,"height":925,"url":"https:\/\/www.chezcora.com\/wp-content\/uploads\/2024\/06\/salde-de-fruit.jpg","type":"image\/jpeg"}],"author":"Val\u00e9rie Fontaine","twitter_card":"summary_large_image","twitter_creator":"@CoraRestaurants","twitter_site":"@CoraRestaurants","twitter_misc":{"Written by":"Val\u00e9rie Fontaine","Est. reading time":"1 minute"},"schema":{"@context":"https:\/\/schema.org","@graph":[{"@type":"Article","@id":"https:\/\/www.chezcora.com\/recettes\/crepes-salade-de-fruits\/#article","isPartOf":{"@id":"https:\/\/www.chezcora.com\/recettes\/crepes-salade-de-fruits\/"},"author":{"name":"Val\u00e9rie Fontaine","@id":"https:\/\/www.chezcora.com\/#\/schema\/person\/f4bed33a8aa7ddd6981b0634710541b2"},"headline":"\u00a0Cr\u00eapes \u00ab Salade de fruits \u00bb","datePublished":"2024-06-26T19:03:56+00:00","mainEntityOfPage":{"@id":"https:\/\/www.chezcora.com\/recettes\/crepes-salade-de-fruits\/"},"wordCount":293,"image":{"@id":"https:\/\/www.chezcora.com\/recettes\/crepes-salade-de-fruits\/#primaryimage"},"thumbnailUrl":"https:\/\/e3b2rn3eqfa.exactdn.com\/wp-content\/uploads\/2024\/06\/salde-de-fruit.jpg?strip=all","articleSection":["Recettes"],"inLanguage":"en-CA"},{"@type":"WebPage","@id":"https:\/\/www.chezcora.com\/recettes\/crepes-salade-de-fruits\/","url":"https:\/\/www.chezcora.com\/recettes\/crepes-salade-de-fruits\/","name":"\u00a0Cr\u00eapes \u00ab Salade de fruits \u00bb &#8211; Cora D\u00e9jeuners et d\u00eeners","isPartOf":{"@id":"https:\/\/www.chezcora.com\/#website"},"primaryImageOfPage":{"@id":"https:\/\/www.chezcora.com\/recettes\/crepes-salade-de-fruits\/#primaryimage"},"image":{"@id":"https:\/\/www.chezcora.com\/recettes\/crepes-salade-de-fruits\/#primaryimage"},"thumbnailUrl":"https:\/\/e3b2rn3eqfa.exactdn.com\/wp-content\/uploads\/2024\/06\/salde-de-fruit.jpg?strip=all","datePublished":"2024-06-26T19:03:56+00:00","author":{"@id":"https:\/\/www.chezcora.com\/#\/schema\/person\/f4bed33a8aa7ddd6981b0634710541b2"},"breadcrumb":{"@id":"https:\/\/www.chezcora.com\/recettes\/crepes-salade-de-fruits\/#breadcrumb"},"inLanguage":"en-CA","potentialAction":[{"@type":"ReadAction","target":["https:\/\/www.chezcora.com\/recettes\/crepes-salade-de-fruits\/"]}]},{"@type":"ImageObject","inLanguage":"en-CA","@id":"https:\/\/www.chezcora.com\/recettes\/crepes-salade-de-fruits\/#primaryimage","url":"https:\/\/e3b2rn3eqfa.exactdn.com\/wp-content\/uploads\/2024\/06\/salde-de-fruit.jpg?strip=all","contentUrl":"https:\/\/e3b2rn3eqfa.exactdn.com\/wp-content\/uploads\/2024\/06\/salde-de-fruit.jpg?strip=all","width":1080,"height":925},{"@type":"BreadcrumbList","@id":"https:\/\/www.chezcora.com\/recettes\/crepes-salade-de-fruits\/#breadcrumb","itemListElement":[{"@type":"ListItem","position":1,"name":"Recettes","item":"https:\/\/www.chezcora.com\/recettes\/"},{"@type":"ListItem","position":2,"name":"\u00a0Cr\u00eapes \u00ab Salade de fruits \u00bb"}]},{"@type":"WebSite","@id":"https:\/\/www.chezcora.com\/#website","url":"https:\/\/www.chezcora.com\/","name":"Cora Breakfast and Lunch","description":"D\u00e9jeuners spectaculaires livr\u00e9s \u00e0 votre domicile","potentialAction":[{"@type":"SearchAction","target":{"@type":"EntryPoint","urlTemplate":"https:\/\/www.chezcora.com\/?s={search_term_string}"},"query-input":{"@type":"PropertyValueSpecification","valueRequired":true,"valueName":"search_term_string"}}],"inLanguage":"en-CA"},{"@type":"Person","@id":"https:\/\/www.chezcora.com\/#\/schema\/person\/f4bed33a8aa7ddd6981b0634710541b2","name":"Val\u00e9rie Fontaine","image":{"@type":"ImageObject","inLanguage":"en-CA","@id":"https:\/\/secure.gravatar.com\/avatar\/45d6310baab06b487b0ca67224e53db0b919e7397c30334aac86896d505c0d6d?s=96&d=mm&r=g","url":"https:\/\/secure.gravatar.com\/avatar\/45d6310baab06b487b0ca67224e53db0b919e7397c30334aac86896d505c0d6d?s=96&d=mm&r=g","contentUrl":"https:\/\/secure.gravatar.com\/avatar\/45d6310baab06b487b0ca67224e53db0b919e7397c30334aac86896d505c0d6d?s=96&d=mm&r=g","caption":"Val\u00e9rie Fontaine"}}]}},"_links":{"self":[{"href":"https:\/\/www.chezcora.com\/en\/wp-json\/wp\/v2\/posts\/46259","targetHints":{"allow":["GET"]}}],"collection":[{"href":"https:\/\/www.chezcora.com\/en\/wp-json\/wp\/v2\/posts"}],"about":[{"href":"https:\/\/www.chezcora.com\/en\/wp-json\/wp\/v2\/types\/post"}],"author":[{"embeddable":true,"href":"https:\/\/www.chezcora.com\/en\/wp-json\/wp\/v2\/users\/409"}],"replies":[{"embeddable":true,"href":"https:\/\/www.chezcora.com\/en\/wp-json\/wp\/v2\/comments?post=46259"}],"version-history":[{"count":0,"href":"https:\/\/www.chezcora.com\/en\/wp-json\/wp\/v2\/posts\/46259\/revisions"}],"wp:featuredmedia":[{"embeddable":true,"href":"https:\/\/www.chezcora.com\/en\/wp-json\/wp\/v2\/media\/46505"}],"wp:attachment":[{"href":"https:\/\/www.chezcora.com\/en\/wp-json\/wp\/v2\/media?parent=46259"}],"wp:term":[{"taxonomy":"category","embeddable":true,"href":"https:\/\/www.chezcora.com\/en\/wp-json\/wp\/v2\/categories?post=46259"},{"taxonomy":"post_tag","embeddable":true,"href":"https:\/\/www.chezcora.com\/en\/wp-json\/wp\/v2\/tags?post=46259"}],"curies":[{"name":"wp","href":"https:\/\/api.w.org\/{rel}","templated":true}]}}