{"id":53734,"date":"2024-12-01T06:16:24","date_gmt":"2024-12-01T11:16:24","guid":{"rendered":"https:\/\/www.chezcora.com\/?p=53734"},"modified":"2024-11-29T11:22:05","modified_gmt":"2024-11-29T16:22:05","slug":"the-mornings-sky","status":"publish","type":"post","link":"https:\/\/www.chezcora.com\/en\/lettre-mme-cora\/le-ciel-ce-matin\/","title":{"rendered":"The morning\u2019s sky"},"content":{"rendered":"<p>Ce matin, un ciel en furie tel une mer moutonneuse, un champ de bataille, du bleu d\u2019encre, des lignes noires, des trous dans ma t\u00eate et mes doigts vaillants qui tambourinent sur le clavier. Les jours s\u2019enfuient au gr\u00e9 de ces pages noircies de mots qui n\u2019ont ni queue ni t\u00eate.<\/p>\n<p>\u00c0 travers la vitre du caf\u00e9, j\u2019observe un ange qui s\u2019affaire \u00e0 nettoyer la vo\u00fbte c\u00e9leste. Il ajoute une toute petite goutte de teinture bleue et maquille l\u2019immensit\u00e9 du ciel. J\u2019en oublie mon r\u00eave, mon \u00e2ge et les craqu\u00e8tements de mes os us\u00e9s. De toute jeune et verd\u00e2tre comme mon arbre de pr\u00e9dilection, je suis devenue un vieux \u00ab\u00a0tremble\u00a0\u00bb qui tremblote \u00e0 l\u2019occasion. Au fond du lot, cet arbre majestueux et moi vieillissons ensemble. Notre manteau d\u2019\u00e9corce tachet\u00e9 devient plus friable; mais notre s\u00e8ve s\u2019assagit un tantinet plus sage chaque jour.<\/p>\n<p>J\u2019ai des millions de mots dans ma besace qui, jour apr\u00e8s jour, me bricolent un sc\u00e9nario quasi convenable. Oui, oui! Mon imagination poss\u00e8de ce pouvoir. Chaque matin, elle me tricote un peu de chaleur. Elle se souvient d\u2019anciennes victoires, de troph\u00e9es m\u00e9rit\u00e9s, de bouilles magnifiques que j\u2019aurais d\u00fb aimer.<\/p>\n<p>\u00ab\u00a0\u00c9crire n\u2019est possible qu\u2019en \u00e9crivant\u00a0\u00bb, selon le c\u00e9l\u00e8bre \u00e9crivain Robert\u00a0Lalonde. Tout ce que je souhaite c\u2019est sortir de ma t\u00eate de jolies phrases, des adverbes impardonnables, et des mots hors du commun qui produiraient une r\u00e9elle histoire. Je tente d\u2019apaiser mes h\u00e9sitations et mes craintes; j\u2019ai peur des fant\u00f4mes qui risqueraient de me contredire. Devant moi ce matin, ma page blanche se r\u00e9v\u00e8le aussi vaste que le d\u00e9sert du Sahara.<\/p>\n<p>De retour \u00e0 ma table de cuisine, je respire la sueur des fleurs fan\u00e9es de septembre. Vieillotte, je tremblote; je maudis le tictac endiabl\u00e9 du temps. Verrai-je bient\u00f4t l\u2019ailleurs promis aux femmes de bonne volont\u00e9? J\u2019essaie d\u2019endormir ma t\u00eate, mais elle s\u2019ent\u00eate \u00e0 vouloir r\u00eaver les yeux grand ouverts. Morph\u00e9e pourrait-il m\u2019oublier au mitan du lit?<\/p>\n<p>Apr\u00e8s quelques caf\u00e9s pour me r\u00e9veiller, et peut-\u00eatre un ou deux biscottis, je commence \u00e0 \u00e9crire pendant que le linge se lave tout seul dans la machine. Cinq ou six fois par jour, je cherche mes lunettes grossissantes. Elles se trouvent peut-\u00eatre sous un coussin, sur une table embourb\u00e9e de livres, derri\u00e8re un divan ou dans ma Mini. Je cherche toujours quelque chose.<\/p>\n<p>\u00c0 travers l\u2019immense mur de fen\u00eatres de ma cuisine, je vois l\u2019automne brunir; le vent froidir. Les petits oiseaux ont vid\u00e9 toutes les mangeoires. Vont-ils migrer, dormir dans le creux d\u2019un arbre ou dans le feuillage d\u2019un conif\u00e8re? Comme chaque ann\u00e9e, avant l\u2019arriv\u00e9e de la neige, je leur \u00e9talerai un r\u00e9el festin.<\/p>\n<p>Jeunette, je me souviens, j\u2019\u00e9crivais dans la cave, tout pr\u00e8s de la vieille machine \u00e0 laver.<br \/>\nEn bruit de fond, le tordeur grincheux se lamentait. Les yeux jaunes brillants du bonhomme sept-heures m\u2019\u00e9piaient \u00e0 travers la vitre. J\u2019avais 7 ou 8\u00a0ans quand j\u2019ai compos\u00e9 mes premiers po\u00e8mes. Mon p\u00e8re affilait la mine noire de mon crayon avec son couteau de poche. Ma m\u00e8re me donnait l\u2019envers des feuilles du calendrier. J\u2019\u00e9crivais de nouveaux mots, de courtes phrases, des d\u00e9buts d\u2019historiettes que je cachais dans la taie de mon oreiller.<\/p>\n<p>Sur la table de cuisine en Formica, nous d\u00e9coupions nos dessins d\u2019enfants et les collions avec la chair cuite d\u2019une patate sur l\u2019envers d\u2019une page d\u00e9su\u00e8te de calendrier. En hiver, nous patinions sur la glace du petit ruisseau; mon nez coulait, mes jeunes ann\u00e9es s\u2019\u00e9coulaient.<\/p>\n<p>Plus tard, install\u00e9e sur un banc de parc, j\u2019ouvrais mon calepin et je prenais mon stylo bleu. J\u2019y d\u00e9posais une premi\u00e8re phrase, une seconde pareillement boiteuse. Avec des feuilles mortes \u00e0 mes pieds et quelques fourmis grimpant sur ma jambe, l\u2019attente du bon mot s\u2019est toujours av\u00e9r\u00e9e insupportable pour moi.<\/p>\n<p>Assise \u00e0 ma table, perdue dans mes pens\u00e9es, une autre bribe du pass\u00e9 jaillit. Avril 2016, \u00e0 Kyoto. Les cerisiers en fleurs habill\u00e9s de toutes les teintes de rose et de blanc. Je visite \u00e0 pied le quartier des geishas de Gion. Leurs visages et leurs cous enti\u00e8rement fard\u00e9s de blanc; leurs l\u00e8vres rouge profond font de leurs maquillages de v\u00e9ritables \u0153uvres d\u2019art. Leurs costumes sont des tableaux de ma\u00eetres et leurs sourires, des souvenirs immortels\u2026<\/p>\n<p>Je termine ma lettre d\u2019aujourd\u2019hui avec les extraordinaires mots du grand \u00e9crivain Nikos Kazantzakis dans son dernier livre intitul\u00e9\u00a0: \u00ab\u00a0Lettre au Greco\u00a0\u00bb.<br \/>\n\u00ab\u00a0Mon \u00e2me tout enti\u00e8re est un cri, mon \u0153uvre, l\u2019interpr\u00e9tation de ce cri\u2026\u00a0\u00bb<br \/>\nJe m\u2019efforce de consoler ce c\u0153ur vieillissant, de l\u2019amener \u00e0 dire librement OUI!<\/p>\n<p>Vieillie si vite, j\u2019ai souvent l\u2019impression d\u2019avoir trop travaill\u00e9. Je n\u2019ai jamais appris ni \u00e0 danser ni \u00e0 aimer. Quelques fois, j\u2019entends mon c\u0153ur battre comme un grondement de tonnerre. Peut-\u00eatre est-ce une cloche qui sonne ou une sir\u00e8ne de pompier; ou encore un bel amoureux qui plonge dans ma chemin\u00e9e.<\/p>\n<p>Tr\u00e8s chers lecteurs, le ciel ce matin \u00e9tait charg\u00e9 d\u2019immondices et je peinais \u00e0 \u00e9crire. \u00c9tait-ce le ciel en furie? \u00c9tait-ce moi? \u00c9tait-ce mon c\u0153ur vieillissant qui s\u2019acharne \u00e0 vouloir aimer?<\/p>\n<p>Cora<br \/>\n\u2764\ufe0f<\/p>","protected":false},"excerpt":{"rendered":"<p>Ce matin, un ciel en furie tel une mer moutonneuse, un champ [&hellip;]<\/p>\n","protected":false},"author":414,"featured_media":53735,"comment_status":"closed","ping_status":"open","sticky":false,"template":"","format":"standard","meta":{"_acf_changed":false,"footnotes":""},"categories":[32],"tags":[],"class_list":["post-53734","post","type-post","status-publish","format-standard","has-post-thumbnail","hentry","category-lettre-mme-cora"],"acf":[],"yoast_head":"<!-- This site is optimized with the Yoast SEO plugin v27.4 - https:\/\/yoast.com\/product\/yoast-seo-wordpress\/ -->\n<title>Le ciel ce matin &#8211; Cora D\u00e9jeuners et d\u00eeners<\/title>\n<meta name=\"robots\" content=\"index, follow, max-snippet:-1, max-image-preview:large, max-video-preview:-1\" \/>\n<link rel=\"canonical\" href=\"https:\/\/www.chezcora.com\/en\/mme-coras-letter\/the-mornings-sky\/\" \/>\n<meta property=\"og:locale\" content=\"en_US\" \/>\n<meta property=\"og:type\" content=\"article\" \/>\n<meta property=\"og:title\" content=\"Le ciel ce matin &#8211; Cora D\u00e9jeuners et d\u00eeners\" \/>\n<meta property=\"og:description\" content=\"Ce matin, un ciel en furie tel une mer moutonneuse, un champ [&hellip;]\" \/>\n<meta property=\"og:url\" content=\"https:\/\/www.chezcora.com\/en\/mme-coras-letter\/the-mornings-sky\/\" \/>\n<meta property=\"og:site_name\" content=\"Cora D\u00e9jeuners et d\u00eeners\" \/>\n<meta property=\"article:publisher\" content=\"https:\/\/www.facebook.com\/corarestaurants\" \/>\n<meta property=\"article:published_time\" content=\"2024-12-01T11:16:24+00:00\" \/>\n<meta property=\"og:image\" content=\"https:\/\/e3b2rn3eqfa.exactdn.com\/wp-content\/uploads\/2024\/11\/1-decembre-2024_Le-ciel-ce-matin_1025.jpg?strip=all&lossy=1&ssl=1\" \/>\n\t<meta property=\"og:image:width\" content=\"1025\" \/>\n\t<meta property=\"og:image:height\" content=\"1025\" \/>\n\t<meta property=\"og:image:type\" content=\"image\/jpeg\" \/>\n<meta name=\"author\" content=\"Isabel P. Picard\" \/>\n<meta name=\"twitter:card\" content=\"summary_large_image\" \/>\n<meta name=\"twitter:creator\" content=\"@CoraRestaurants\" \/>\n<meta name=\"twitter:site\" content=\"@CoraRestaurants\" \/>\n<meta name=\"twitter:label1\" content=\"Written by\" \/>\n\t<meta name=\"twitter:data1\" content=\"Isabel P. Picard\" \/>\n\t<meta name=\"twitter:label2\" content=\"Est. reading time\" \/>\n\t<meta name=\"twitter:data2\" content=\"5 minutes\" \/>\n<script type=\"application\/ld+json\" class=\"yoast-schema-graph\">{\"@context\":\"https:\\\/\\\/schema.org\",\"@graph\":[{\"@type\":\"Article\",\"@id\":\"https:\\\/\\\/www.chezcora.com\\\/lettre-mme-cora\\\/le-ciel-ce-matin\\\/#article\",\"isPartOf\":{\"@id\":\"https:\\\/\\\/www.chezcora.com\\\/lettre-mme-cora\\\/le-ciel-ce-matin\\\/\"},\"author\":{\"name\":\"Isabel P. Picard\",\"@id\":\"https:\\\/\\\/www.chezcora.com\\\/#\\\/schema\\\/person\\\/88e2042ed1147c57ae662ff786f967a3\"},\"headline\":\"Le ciel ce matin\",\"datePublished\":\"2024-12-01T11:16:24+00:00\",\"mainEntityOfPage\":{\"@id\":\"https:\\\/\\\/www.chezcora.com\\\/lettre-mme-cora\\\/le-ciel-ce-matin\\\/\"},\"wordCount\":938,\"image\":{\"@id\":\"https:\\\/\\\/www.chezcora.com\\\/lettre-mme-cora\\\/le-ciel-ce-matin\\\/#primaryimage\"},\"thumbnailUrl\":\"https:\\\/\\\/e3b2rn3eqfa.exactdn.com\\\/wp-content\\\/uploads\\\/2024\\\/11\\\/1-decembre-2024_Le-ciel-ce-matin_1025.jpg?strip=all\",\"articleSection\":[\"Lettre Mme Cora\"],\"inLanguage\":\"en-CA\"},{\"@type\":\"WebPage\",\"@id\":\"https:\\\/\\\/www.chezcora.com\\\/lettre-mme-cora\\\/le-ciel-ce-matin\\\/\",\"url\":\"https:\\\/\\\/www.chezcora.com\\\/lettre-mme-cora\\\/le-ciel-ce-matin\\\/\",\"name\":\"Le ciel ce matin &#8211; Cora D\u00e9jeuners et d\u00eeners\",\"isPartOf\":{\"@id\":\"https:\\\/\\\/www.chezcora.com\\\/#website\"},\"primaryImageOfPage\":{\"@id\":\"https:\\\/\\\/www.chezcora.com\\\/lettre-mme-cora\\\/le-ciel-ce-matin\\\/#primaryimage\"},\"image\":{\"@id\":\"https:\\\/\\\/www.chezcora.com\\\/lettre-mme-cora\\\/le-ciel-ce-matin\\\/#primaryimage\"},\"thumbnailUrl\":\"https:\\\/\\\/e3b2rn3eqfa.exactdn.com\\\/wp-content\\\/uploads\\\/2024\\\/11\\\/1-decembre-2024_Le-ciel-ce-matin_1025.jpg?strip=all\",\"datePublished\":\"2024-12-01T11:16:24+00:00\",\"author\":{\"@id\":\"https:\\\/\\\/www.chezcora.com\\\/#\\\/schema\\\/person\\\/88e2042ed1147c57ae662ff786f967a3\"},\"breadcrumb\":{\"@id\":\"https:\\\/\\\/www.chezcora.com\\\/lettre-mme-cora\\\/le-ciel-ce-matin\\\/#breadcrumb\"},\"inLanguage\":\"en-CA\",\"potentialAction\":[{\"@type\":\"ReadAction\",\"target\":[\"https:\\\/\\\/www.chezcora.com\\\/lettre-mme-cora\\\/le-ciel-ce-matin\\\/\"]}]},{\"@type\":\"ImageObject\",\"inLanguage\":\"en-CA\",\"@id\":\"https:\\\/\\\/www.chezcora.com\\\/lettre-mme-cora\\\/le-ciel-ce-matin\\\/#primaryimage\",\"url\":\"https:\\\/\\\/e3b2rn3eqfa.exactdn.com\\\/wp-content\\\/uploads\\\/2024\\\/11\\\/1-decembre-2024_Le-ciel-ce-matin_1025.jpg?strip=all\",\"contentUrl\":\"https:\\\/\\\/e3b2rn3eqfa.exactdn.com\\\/wp-content\\\/uploads\\\/2024\\\/11\\\/1-decembre-2024_Le-ciel-ce-matin_1025.jpg?strip=all\",\"width\":1025,\"height\":1025},{\"@type\":\"BreadcrumbList\",\"@id\":\"https:\\\/\\\/www.chezcora.com\\\/lettre-mme-cora\\\/le-ciel-ce-matin\\\/#breadcrumb\",\"itemListElement\":[{\"@type\":\"ListItem\",\"position\":1,\"name\":\"Lettre Mme Cora\",\"item\":\"https:\\\/\\\/www.chezcora.com\\\/lettre-mme-cora\\\/\"},{\"@type\":\"ListItem\",\"position\":2,\"name\":\"Le ciel ce matin\"}]},{\"@type\":\"WebSite\",\"@id\":\"https:\\\/\\\/www.chezcora.com\\\/#website\",\"url\":\"https:\\\/\\\/www.chezcora.com\\\/\",\"name\":\"Cora D\u00e9jeuners et d\u00eeners\",\"description\":\"D\u00e9jeuners spectaculaires livr\u00e9s \u00e0 votre domicile\",\"potentialAction\":[{\"@type\":\"SearchAction\",\"target\":{\"@type\":\"EntryPoint\",\"urlTemplate\":\"https:\\\/\\\/www.chezcora.com\\\/?s={search_term_string}\"},\"query-input\":{\"@type\":\"PropertyValueSpecification\",\"valueRequired\":true,\"valueName\":\"search_term_string\"}}],\"inLanguage\":\"en-CA\"},{\"@type\":\"Person\",\"@id\":\"https:\\\/\\\/www.chezcora.com\\\/#\\\/schema\\\/person\\\/88e2042ed1147c57ae662ff786f967a3\",\"name\":\"Isabel P. Picard\",\"image\":{\"@type\":\"ImageObject\",\"inLanguage\":\"en-CA\",\"@id\":\"https:\\\/\\\/secure.gravatar.com\\\/avatar\\\/d9b7dd76d8858b218ed5ff8164b843efdac8c0ab35ed48ce74bd4b45a2a5ee07?s=96&d=mm&r=g\",\"url\":\"https:\\\/\\\/secure.gravatar.com\\\/avatar\\\/d9b7dd76d8858b218ed5ff8164b843efdac8c0ab35ed48ce74bd4b45a2a5ee07?s=96&d=mm&r=g\",\"contentUrl\":\"https:\\\/\\\/secure.gravatar.com\\\/avatar\\\/d9b7dd76d8858b218ed5ff8164b843efdac8c0ab35ed48ce74bd4b45a2a5ee07?s=96&d=mm&r=g\",\"caption\":\"Isabel P. Picard\"}}]}<\/script>\n<!-- \/ Yoast SEO plugin. -->","yoast_head_json":{"title":"Le ciel ce matin &#8211; Cora D\u00e9jeuners et d\u00eeners","robots":{"index":"index","follow":"follow","max-snippet":"max-snippet:-1","max-image-preview":"max-image-preview:large","max-video-preview":"max-video-preview:-1"},"canonical":"https:\/\/www.chezcora.com\/en\/mme-coras-letter\/the-mornings-sky\/","og_locale":"en_US","og_type":"article","og_title":"Le ciel ce matin &#8211; Cora D\u00e9jeuners et d\u00eeners","og_description":"Ce matin, un ciel en furie tel une mer moutonneuse, un champ [&hellip;]","og_url":"https:\/\/www.chezcora.com\/en\/mme-coras-letter\/the-mornings-sky\/","og_site_name":"Cora D\u00e9jeuners et d\u00eeners","article_publisher":"https:\/\/www.facebook.com\/corarestaurants","article_published_time":"2024-12-01T11:16:24+00:00","og_image":[{"width":1025,"height":1025,"url":"https:\/\/e3b2rn3eqfa.exactdn.com\/wp-content\/uploads\/2024\/11\/1-decembre-2024_Le-ciel-ce-matin_1025.jpg?strip=all&lossy=1&ssl=1","type":"image\/jpeg"}],"author":"Isabel P. Picard","twitter_card":"summary_large_image","twitter_creator":"@CoraRestaurants","twitter_site":"@CoraRestaurants","twitter_misc":{"Written by":"Isabel P. Picard","Est. reading time":"5 minutes"},"schema":{"@context":"https:\/\/schema.org","@graph":[{"@type":"Article","@id":"https:\/\/www.chezcora.com\/lettre-mme-cora\/le-ciel-ce-matin\/#article","isPartOf":{"@id":"https:\/\/www.chezcora.com\/lettre-mme-cora\/le-ciel-ce-matin\/"},"author":{"name":"Isabel P. Picard","@id":"https:\/\/www.chezcora.com\/#\/schema\/person\/88e2042ed1147c57ae662ff786f967a3"},"headline":"Le ciel ce matin","datePublished":"2024-12-01T11:16:24+00:00","mainEntityOfPage":{"@id":"https:\/\/www.chezcora.com\/lettre-mme-cora\/le-ciel-ce-matin\/"},"wordCount":938,"image":{"@id":"https:\/\/www.chezcora.com\/lettre-mme-cora\/le-ciel-ce-matin\/#primaryimage"},"thumbnailUrl":"https:\/\/e3b2rn3eqfa.exactdn.com\/wp-content\/uploads\/2024\/11\/1-decembre-2024_Le-ciel-ce-matin_1025.jpg?strip=all","articleSection":["Lettre Mme Cora"],"inLanguage":"en-CA"},{"@type":"WebPage","@id":"https:\/\/www.chezcora.com\/lettre-mme-cora\/le-ciel-ce-matin\/","url":"https:\/\/www.chezcora.com\/lettre-mme-cora\/le-ciel-ce-matin\/","name":"Le ciel ce matin &#8211; Cora D\u00e9jeuners et d\u00eeners","isPartOf":{"@id":"https:\/\/www.chezcora.com\/#website"},"primaryImageOfPage":{"@id":"https:\/\/www.chezcora.com\/lettre-mme-cora\/le-ciel-ce-matin\/#primaryimage"},"image":{"@id":"https:\/\/www.chezcora.com\/lettre-mme-cora\/le-ciel-ce-matin\/#primaryimage"},"thumbnailUrl":"https:\/\/e3b2rn3eqfa.exactdn.com\/wp-content\/uploads\/2024\/11\/1-decembre-2024_Le-ciel-ce-matin_1025.jpg?strip=all","datePublished":"2024-12-01T11:16:24+00:00","author":{"@id":"https:\/\/www.chezcora.com\/#\/schema\/person\/88e2042ed1147c57ae662ff786f967a3"},"breadcrumb":{"@id":"https:\/\/www.chezcora.com\/lettre-mme-cora\/le-ciel-ce-matin\/#breadcrumb"},"inLanguage":"en-CA","potentialAction":[{"@type":"ReadAction","target":["https:\/\/www.chezcora.com\/lettre-mme-cora\/le-ciel-ce-matin\/"]}]},{"@type":"ImageObject","inLanguage":"en-CA","@id":"https:\/\/www.chezcora.com\/lettre-mme-cora\/le-ciel-ce-matin\/#primaryimage","url":"https:\/\/e3b2rn3eqfa.exactdn.com\/wp-content\/uploads\/2024\/11\/1-decembre-2024_Le-ciel-ce-matin_1025.jpg?strip=all","contentUrl":"https:\/\/e3b2rn3eqfa.exactdn.com\/wp-content\/uploads\/2024\/11\/1-decembre-2024_Le-ciel-ce-matin_1025.jpg?strip=all","width":1025,"height":1025},{"@type":"BreadcrumbList","@id":"https:\/\/www.chezcora.com\/lettre-mme-cora\/le-ciel-ce-matin\/#breadcrumb","itemListElement":[{"@type":"ListItem","position":1,"name":"Lettre Mme Cora","item":"https:\/\/www.chezcora.com\/lettre-mme-cora\/"},{"@type":"ListItem","position":2,"name":"Le ciel ce matin"}]},{"@type":"WebSite","@id":"https:\/\/www.chezcora.com\/#website","url":"https:\/\/www.chezcora.com\/","name":"Cora Breakfast and Lunch","description":"D\u00e9jeuners spectaculaires livr\u00e9s \u00e0 votre domicile","potentialAction":[{"@type":"SearchAction","target":{"@type":"EntryPoint","urlTemplate":"https:\/\/www.chezcora.com\/?s={search_term_string}"},"query-input":{"@type":"PropertyValueSpecification","valueRequired":true,"valueName":"search_term_string"}}],"inLanguage":"en-CA"},{"@type":"Person","@id":"https:\/\/www.chezcora.com\/#\/schema\/person\/88e2042ed1147c57ae662ff786f967a3","name":"Isabel P. Picard","image":{"@type":"ImageObject","inLanguage":"en-CA","@id":"https:\/\/secure.gravatar.com\/avatar\/d9b7dd76d8858b218ed5ff8164b843efdac8c0ab35ed48ce74bd4b45a2a5ee07?s=96&d=mm&r=g","url":"https:\/\/secure.gravatar.com\/avatar\/d9b7dd76d8858b218ed5ff8164b843efdac8c0ab35ed48ce74bd4b45a2a5ee07?s=96&d=mm&r=g","contentUrl":"https:\/\/secure.gravatar.com\/avatar\/d9b7dd76d8858b218ed5ff8164b843efdac8c0ab35ed48ce74bd4b45a2a5ee07?s=96&d=mm&r=g","caption":"Isabel P. Picard"}}]}},"_links":{"self":[{"href":"https:\/\/www.chezcora.com\/en\/wp-json\/wp\/v2\/posts\/53734","targetHints":{"allow":["GET"]}}],"collection":[{"href":"https:\/\/www.chezcora.com\/en\/wp-json\/wp\/v2\/posts"}],"about":[{"href":"https:\/\/www.chezcora.com\/en\/wp-json\/wp\/v2\/types\/post"}],"author":[{"embeddable":true,"href":"https:\/\/www.chezcora.com\/en\/wp-json\/wp\/v2\/users\/414"}],"replies":[{"embeddable":true,"href":"https:\/\/www.chezcora.com\/en\/wp-json\/wp\/v2\/comments?post=53734"}],"version-history":[{"count":0,"href":"https:\/\/www.chezcora.com\/en\/wp-json\/wp\/v2\/posts\/53734\/revisions"}],"wp:featuredmedia":[{"embeddable":true,"href":"https:\/\/www.chezcora.com\/en\/wp-json\/wp\/v2\/media\/53735"}],"wp:attachment":[{"href":"https:\/\/www.chezcora.com\/en\/wp-json\/wp\/v2\/media?parent=53734"}],"wp:term":[{"taxonomy":"category","embeddable":true,"href":"https:\/\/www.chezcora.com\/en\/wp-json\/wp\/v2\/categories?post=53734"},{"taxonomy":"post_tag","embeddable":true,"href":"https:\/\/www.chezcora.com\/en\/wp-json\/wp\/v2\/tags?post=53734"}],"curies":[{"name":"wp","href":"https:\/\/api.w.org\/{rel}","templated":true}]}}