{"id":57117,"date":"2025-02-02T06:34:14","date_gmt":"2025-02-02T11:34:14","guid":{"rendered":"https:\/\/www.chezcora.com\/?p=57117"},"modified":"2025-01-30T09:40:10","modified_gmt":"2025-01-30T14:40:10","slug":"the-magical-number-7","status":"publish","type":"post","link":"https:\/\/www.chezcora.com\/en\/lettre-mme-cora\/le-chiffre-7-un-nombre-magique\/","title":{"rendered":"The magical number 7"},"content":{"rendered":"<p>Le chiffre\u00a07 a toujours exerc\u00e9 une fascination particuli\u00e8re sur l\u2019humanit\u00e9, transcendant les cultures et les \u00e9poques. Le saviez-vous? Sa signification spirituelle profonde r\u00e9sonne comme une m\u00e9lodie cosmique invitant chacun d\u2019entre nous \u00e0 explorer les myst\u00e8res de l\u2019existence.<\/p>\n<p>Ce chiffre\u00a07 se retrouve un peu partout dans la nature\u00a0: 7\u00a0oc\u00e9ans, 7\u00a0continents, et 7\u00a0couleurs de l\u2019arc-en-ciel. De plus, la plupart des mammif\u00e8res ont 7\u00a0vert\u00e8bres cervicales. Le 7 s\u2019immisce souvent dans les contes de f\u00e9es. Barbe-Bleue a 7\u00a0\u00e9pouses et Blanche-Neige rencontre 7\u00a0nains et habite avec eux. Dans les contes de Grimm, un vaillant petit tailleur tue 7\u00a0mouches d\u2019un coup et les bottes de l\u2019ogre qui pourchasse le Petit Poucet, d\u2019ailleurs \u00e2g\u00e9 de 7\u00a0ans, peuvent parcourir 7\u00a0lieues sans forcer.<\/p>\n<p>Il s\u2019av\u00e8re aussi un choix tr\u00e8s populaire dans le monde des jeux d\u2019argent. \u00c0 ce qu\u2019il para\u00eet, les machines \u00e0 sous offrent un gros prix quand on obtient trois 7. De nombreux sondages ont d\u2019ailleurs d\u00e9termin\u00e9 que le chiffre\u00a07 \u00e9tait le chiffre porte-bonheur le plus r\u00e9pandu dans le monde.<\/p>\n<p>On retient facilement le chiffre\u00a07 car il concorde avec les capacit\u00e9s humaines de m\u00e9moire et de concentration. G\u00e9n\u00e9ralement, le cerveau n\u2019arrive \u00e0 emmagasiner que 7\u00a0informations diff\u00e9rentes \u00e0 la fois dans sa m\u00e9moire \u00e0 court terme.<\/p>\n<p>Le chiffre\u00a07 appara\u00eet dans les religions du monde entier. Il orchestre les syst\u00e8mes de croyances. Il y a 7\u00a0dieux japonais du bonheur et 7\u00a0p\u00e9ch\u00e9s mortels dans la bible. La menora h\u00e9bra\u00efque comporte 7\u00a0branches et la premi\u00e8re sourate du Coran, 7\u00a0versets.<\/p>\n<p>Le chiffre\u00a07 est math\u00e9matiquement attrayant. Il s\u2019agit \u00e0 la fois d\u2019un chiffre impair et d\u2019un nombre primaire; ce qui veut dire qu\u2019il ne peut \u00eatre divis\u00e9 que par 1\u00a0ou par lui-m\u00eame. Il n\u2019existe pas deux nombres identiques qui s\u2019additionnent pour donner un\u00a07. Bien s\u00fbr, ces caract\u00e9ristiques int\u00e9ressantes s\u2019appliquent aussi \u00e0 d\u2019autres nombres impairs et primaires.<\/p>\n<p>Le chiffre\u00a07 occupe aussi une place importante en astrologie, souvent associ\u00e9 \u00e0 la transformation spirituelle et \u00e0 l\u2019\u00e9veil de la conscience. Il symbolise le passage d\u2019un \u00e9tat \u00e0 un autre. Il existe 7\u00a0plan\u00e8tes classiques, c\u2019est-\u00e0-dire des objets astronomiques mouvants et visibles \u00e0 l\u2019\u0153il nu. La lune, le soleil, Mercure, V\u00e9nus, Mars, Jupiter et Saturne.<\/p>\n<p>Le chiffre sept a marqu\u00e9 deux jours importants dans ma vie\u00a0: je suis n\u00e9e le 27\u00a0mai\u00a01947 et j\u2019ai ouvert mon premier restaurant Cora quarante ans plus tard, pr\u00e9cis\u00e9ment le 27\u00a0mai 1987.<\/p>\n<p>Peut-\u00eatre connaissez-vous l\u2019illustre Rudolf\u00a0Steiner, ce philosophe autrichien qui inventa une th\u00e9orie du d\u00e9veloppement humain fond\u00e9e sur 7\u00a0cycles de 7\u00a0ans? D\u2019apr\u00e8s Steiner, tous ces cycles de 7\u00a0ans, c\u2019est-\u00e0-dire 0-7\u00a0ans, 7-14\u00a0ans, 14-21\u00a0ans, 21-28\u00a0ans, etc., jusqu\u2019\u00e0 42\u00a0ans et plus, forment ensemble une sorte de \u00ab\u00a0carte routi\u00e8re de la vie d\u2019un individu\u00a0\u00bb. Chaque cycle compte pour une \u00e9tape du d\u00e9veloppement d\u2019une personne. Ayant aujourd\u2019hui 77\u00a0ans et quelques poussi\u00e8res, j\u2019accumule d\u00e9j\u00e0, selon Rudolf Steiner, onze cycles de sept ans d\u00fbment v\u00e9cus, soit 4 de plus que sa th\u00e9orie. Avec mes onze cycles de 7\u00a0ans, aurai-je assez bourlingu\u00e9? Que me reste-t-il donc \u00e0 esp\u00e9rer?<\/p>\n<p>En 2022, les donn\u00e9es de Statistiques Canada ont montr\u00e9 que notre pays comptait pr\u00e8s de 13\u2009500\u00a0centenaires, soit une augmentation de 48\u00a0% par rapport \u00e0 2018. Au cours des 25\u00a0prochaines ann\u00e9es, les calculs statistiques pr\u00e9voient que la population \u00e2g\u00e9e de 85\u00a0ans et plus pourrait tripler pour atteindre pr\u00e8s de 2,5\u00a0millions de personnes et plus de la moiti\u00e9 d\u2019entre elles seront des femmes qui, statistiquement, vivent encore plus longtemps que les hommes. OUF!<\/p>\n<p>Aujourd\u2019hui je vois ma vie tel un immense g\u00e2teau. Mais combien de morceaux d\u00e9gusterai-je encore? Combien d\u2019autres cycles de 7\u00a0ans ajouterai-je \u00e0 mon parcours? Si je survis \u00e0 quatre autres, j\u2019aurai alors 105\u00a0ans! Youpi!<\/p>\n<p>Cora<br \/>\n\u2764\ufe0f<\/p>","protected":false},"excerpt":{"rendered":"<p>Le chiffre\u00a07 a toujours exerc\u00e9 une fascination particuli\u00e8re sur l\u2019humanit\u00e9, transcendant les [&hellip;]<\/p>\n","protected":false},"author":414,"featured_media":57118,"comment_status":"closed","ping_status":"open","sticky":false,"template":"","format":"standard","meta":{"_acf_changed":false,"footnotes":""},"categories":[32],"tags":[],"class_list":["post-57117","post","type-post","status-publish","format-standard","has-post-thumbnail","hentry","category-lettre-mme-cora"],"acf":[],"yoast_head":"<!-- This site is optimized with the Yoast SEO plugin v27.4 - https:\/\/yoast.com\/product\/yoast-seo-wordpress\/ -->\n<title>Le chiffre 7, un nombre magique &#8211; Cora D\u00e9jeuners et d\u00eeners<\/title>\n<meta name=\"robots\" content=\"index, follow, max-snippet:-1, max-image-preview:large, max-video-preview:-1\" \/>\n<link rel=\"canonical\" href=\"https:\/\/www.chezcora.com\/en\/mme-coras-letter\/the-magical-number-7\/\" \/>\n<meta property=\"og:locale\" content=\"en_US\" \/>\n<meta property=\"og:type\" content=\"article\" \/>\n<meta property=\"og:title\" content=\"Le chiffre 7, un nombre magique &#8211; Cora D\u00e9jeuners et d\u00eeners\" \/>\n<meta property=\"og:description\" content=\"Le chiffre\u00a07 a toujours exerc\u00e9 une fascination particuli\u00e8re sur l\u2019humanit\u00e9, transcendant les [&hellip;]\" \/>\n<meta property=\"og:url\" content=\"https:\/\/www.chezcora.com\/en\/mme-coras-letter\/the-magical-number-7\/\" \/>\n<meta property=\"og:site_name\" content=\"Cora D\u00e9jeuners et d\u00eeners\" \/>\n<meta property=\"article:publisher\" content=\"https:\/\/www.facebook.com\/corarestaurants\" \/>\n<meta property=\"article:published_time\" content=\"2025-02-02T11:34:14+00:00\" \/>\n<meta property=\"og:image\" content=\"https:\/\/e3b2rn3eqfa.exactdn.com\/wp-content\/uploads\/2025\/01\/2-fevrier-2025_Le-chiffre-7-un-nombre-magique_1025.jpg?strip=all&lossy=1&ssl=1\" \/>\n\t<meta property=\"og:image:width\" content=\"1025\" \/>\n\t<meta property=\"og:image:height\" content=\"1025\" \/>\n\t<meta property=\"og:image:type\" content=\"image\/jpeg\" \/>\n<meta name=\"author\" content=\"Isabel P. Picard\" \/>\n<meta name=\"twitter:card\" content=\"summary_large_image\" \/>\n<meta name=\"twitter:creator\" content=\"@CoraRestaurants\" \/>\n<meta name=\"twitter:site\" content=\"@CoraRestaurants\" \/>\n<meta name=\"twitter:label1\" content=\"Written by\" \/>\n\t<meta name=\"twitter:data1\" content=\"Isabel P. Picard\" \/>\n\t<meta name=\"twitter:label2\" content=\"Est. reading time\" \/>\n\t<meta name=\"twitter:data2\" content=\"3 minutes\" \/>\n<script type=\"application\/ld+json\" class=\"yoast-schema-graph\">{\"@context\":\"https:\\\/\\\/schema.org\",\"@graph\":[{\"@type\":\"Article\",\"@id\":\"https:\\\/\\\/www.chezcora.com\\\/lettre-mme-cora\\\/le-chiffre-7-un-nombre-magique\\\/#article\",\"isPartOf\":{\"@id\":\"https:\\\/\\\/www.chezcora.com\\\/lettre-mme-cora\\\/le-chiffre-7-un-nombre-magique\\\/\"},\"author\":{\"name\":\"Isabel P. Picard\",\"@id\":\"https:\\\/\\\/www.chezcora.com\\\/#\\\/schema\\\/person\\\/88e2042ed1147c57ae662ff786f967a3\"},\"headline\":\"Le chiffre 7, un nombre magique\",\"datePublished\":\"2025-02-02T11:34:14+00:00\",\"mainEntityOfPage\":{\"@id\":\"https:\\\/\\\/www.chezcora.com\\\/lettre-mme-cora\\\/le-chiffre-7-un-nombre-magique\\\/\"},\"wordCount\":665,\"image\":{\"@id\":\"https:\\\/\\\/www.chezcora.com\\\/lettre-mme-cora\\\/le-chiffre-7-un-nombre-magique\\\/#primaryimage\"},\"thumbnailUrl\":\"https:\\\/\\\/e3b2rn3eqfa.exactdn.com\\\/wp-content\\\/uploads\\\/2025\\\/01\\\/2-fevrier-2025_Le-chiffre-7-un-nombre-magique_1025.jpg?strip=all\",\"articleSection\":[\"Lettre Mme Cora\"],\"inLanguage\":\"en-CA\"},{\"@type\":\"WebPage\",\"@id\":\"https:\\\/\\\/www.chezcora.com\\\/lettre-mme-cora\\\/le-chiffre-7-un-nombre-magique\\\/\",\"url\":\"https:\\\/\\\/www.chezcora.com\\\/lettre-mme-cora\\\/le-chiffre-7-un-nombre-magique\\\/\",\"name\":\"Le chiffre 7, un nombre magique &#8211; Cora D\u00e9jeuners et d\u00eeners\",\"isPartOf\":{\"@id\":\"https:\\\/\\\/www.chezcora.com\\\/#website\"},\"primaryImageOfPage\":{\"@id\":\"https:\\\/\\\/www.chezcora.com\\\/lettre-mme-cora\\\/le-chiffre-7-un-nombre-magique\\\/#primaryimage\"},\"image\":{\"@id\":\"https:\\\/\\\/www.chezcora.com\\\/lettre-mme-cora\\\/le-chiffre-7-un-nombre-magique\\\/#primaryimage\"},\"thumbnailUrl\":\"https:\\\/\\\/e3b2rn3eqfa.exactdn.com\\\/wp-content\\\/uploads\\\/2025\\\/01\\\/2-fevrier-2025_Le-chiffre-7-un-nombre-magique_1025.jpg?strip=all\",\"datePublished\":\"2025-02-02T11:34:14+00:00\",\"author\":{\"@id\":\"https:\\\/\\\/www.chezcora.com\\\/#\\\/schema\\\/person\\\/88e2042ed1147c57ae662ff786f967a3\"},\"breadcrumb\":{\"@id\":\"https:\\\/\\\/www.chezcora.com\\\/lettre-mme-cora\\\/le-chiffre-7-un-nombre-magique\\\/#breadcrumb\"},\"inLanguage\":\"en-CA\",\"potentialAction\":[{\"@type\":\"ReadAction\",\"target\":[\"https:\\\/\\\/www.chezcora.com\\\/lettre-mme-cora\\\/le-chiffre-7-un-nombre-magique\\\/\"]}]},{\"@type\":\"ImageObject\",\"inLanguage\":\"en-CA\",\"@id\":\"https:\\\/\\\/www.chezcora.com\\\/lettre-mme-cora\\\/le-chiffre-7-un-nombre-magique\\\/#primaryimage\",\"url\":\"https:\\\/\\\/e3b2rn3eqfa.exactdn.com\\\/wp-content\\\/uploads\\\/2025\\\/01\\\/2-fevrier-2025_Le-chiffre-7-un-nombre-magique_1025.jpg?strip=all\",\"contentUrl\":\"https:\\\/\\\/e3b2rn3eqfa.exactdn.com\\\/wp-content\\\/uploads\\\/2025\\\/01\\\/2-fevrier-2025_Le-chiffre-7-un-nombre-magique_1025.jpg?strip=all\",\"width\":1025,\"height\":1025},{\"@type\":\"BreadcrumbList\",\"@id\":\"https:\\\/\\\/www.chezcora.com\\\/lettre-mme-cora\\\/le-chiffre-7-un-nombre-magique\\\/#breadcrumb\",\"itemListElement\":[{\"@type\":\"ListItem\",\"position\":1,\"name\":\"Lettre Mme Cora\",\"item\":\"https:\\\/\\\/www.chezcora.com\\\/lettre-mme-cora\\\/\"},{\"@type\":\"ListItem\",\"position\":2,\"name\":\"Le chiffre 7, un nombre magique\"}]},{\"@type\":\"WebSite\",\"@id\":\"https:\\\/\\\/www.chezcora.com\\\/#website\",\"url\":\"https:\\\/\\\/www.chezcora.com\\\/\",\"name\":\"Cora D\u00e9jeuners et d\u00eeners\",\"description\":\"D\u00e9jeuners spectaculaires livr\u00e9s \u00e0 votre domicile\",\"potentialAction\":[{\"@type\":\"SearchAction\",\"target\":{\"@type\":\"EntryPoint\",\"urlTemplate\":\"https:\\\/\\\/www.chezcora.com\\\/?s={search_term_string}\"},\"query-input\":{\"@type\":\"PropertyValueSpecification\",\"valueRequired\":true,\"valueName\":\"search_term_string\"}}],\"inLanguage\":\"en-CA\"},{\"@type\":\"Person\",\"@id\":\"https:\\\/\\\/www.chezcora.com\\\/#\\\/schema\\\/person\\\/88e2042ed1147c57ae662ff786f967a3\",\"name\":\"Isabel P. Picard\",\"image\":{\"@type\":\"ImageObject\",\"inLanguage\":\"en-CA\",\"@id\":\"https:\\\/\\\/secure.gravatar.com\\\/avatar\\\/d9b7dd76d8858b218ed5ff8164b843efdac8c0ab35ed48ce74bd4b45a2a5ee07?s=96&d=mm&r=g\",\"url\":\"https:\\\/\\\/secure.gravatar.com\\\/avatar\\\/d9b7dd76d8858b218ed5ff8164b843efdac8c0ab35ed48ce74bd4b45a2a5ee07?s=96&d=mm&r=g\",\"contentUrl\":\"https:\\\/\\\/secure.gravatar.com\\\/avatar\\\/d9b7dd76d8858b218ed5ff8164b843efdac8c0ab35ed48ce74bd4b45a2a5ee07?s=96&d=mm&r=g\",\"caption\":\"Isabel P. Picard\"}}]}<\/script>\n<!-- \/ Yoast SEO plugin. -->","yoast_head_json":{"title":"Le chiffre 7, un nombre magique &#8211; Cora D\u00e9jeuners et d\u00eeners","robots":{"index":"index","follow":"follow","max-snippet":"max-snippet:-1","max-image-preview":"max-image-preview:large","max-video-preview":"max-video-preview:-1"},"canonical":"https:\/\/www.chezcora.com\/en\/mme-coras-letter\/the-magical-number-7\/","og_locale":"en_US","og_type":"article","og_title":"Le chiffre 7, un nombre magique &#8211; Cora D\u00e9jeuners et d\u00eeners","og_description":"Le chiffre\u00a07 a toujours exerc\u00e9 une fascination particuli\u00e8re sur l\u2019humanit\u00e9, transcendant les [&hellip;]","og_url":"https:\/\/www.chezcora.com\/en\/mme-coras-letter\/the-magical-number-7\/","og_site_name":"Cora D\u00e9jeuners et d\u00eeners","article_publisher":"https:\/\/www.facebook.com\/corarestaurants","article_published_time":"2025-02-02T11:34:14+00:00","og_image":[{"width":1025,"height":1025,"url":"https:\/\/e3b2rn3eqfa.exactdn.com\/wp-content\/uploads\/2025\/01\/2-fevrier-2025_Le-chiffre-7-un-nombre-magique_1025.jpg?strip=all&lossy=1&ssl=1","type":"image\/jpeg"}],"author":"Isabel P. Picard","twitter_card":"summary_large_image","twitter_creator":"@CoraRestaurants","twitter_site":"@CoraRestaurants","twitter_misc":{"Written by":"Isabel P. Picard","Est. reading time":"3 minutes"},"schema":{"@context":"https:\/\/schema.org","@graph":[{"@type":"Article","@id":"https:\/\/www.chezcora.com\/lettre-mme-cora\/le-chiffre-7-un-nombre-magique\/#article","isPartOf":{"@id":"https:\/\/www.chezcora.com\/lettre-mme-cora\/le-chiffre-7-un-nombre-magique\/"},"author":{"name":"Isabel P. Picard","@id":"https:\/\/www.chezcora.com\/#\/schema\/person\/88e2042ed1147c57ae662ff786f967a3"},"headline":"Le chiffre 7, un nombre magique","datePublished":"2025-02-02T11:34:14+00:00","mainEntityOfPage":{"@id":"https:\/\/www.chezcora.com\/lettre-mme-cora\/le-chiffre-7-un-nombre-magique\/"},"wordCount":665,"image":{"@id":"https:\/\/www.chezcora.com\/lettre-mme-cora\/le-chiffre-7-un-nombre-magique\/#primaryimage"},"thumbnailUrl":"https:\/\/e3b2rn3eqfa.exactdn.com\/wp-content\/uploads\/2025\/01\/2-fevrier-2025_Le-chiffre-7-un-nombre-magique_1025.jpg?strip=all","articleSection":["Lettre Mme Cora"],"inLanguage":"en-CA"},{"@type":"WebPage","@id":"https:\/\/www.chezcora.com\/lettre-mme-cora\/le-chiffre-7-un-nombre-magique\/","url":"https:\/\/www.chezcora.com\/lettre-mme-cora\/le-chiffre-7-un-nombre-magique\/","name":"Le chiffre 7, un nombre magique &#8211; Cora D\u00e9jeuners et d\u00eeners","isPartOf":{"@id":"https:\/\/www.chezcora.com\/#website"},"primaryImageOfPage":{"@id":"https:\/\/www.chezcora.com\/lettre-mme-cora\/le-chiffre-7-un-nombre-magique\/#primaryimage"},"image":{"@id":"https:\/\/www.chezcora.com\/lettre-mme-cora\/le-chiffre-7-un-nombre-magique\/#primaryimage"},"thumbnailUrl":"https:\/\/e3b2rn3eqfa.exactdn.com\/wp-content\/uploads\/2025\/01\/2-fevrier-2025_Le-chiffre-7-un-nombre-magique_1025.jpg?strip=all","datePublished":"2025-02-02T11:34:14+00:00","author":{"@id":"https:\/\/www.chezcora.com\/#\/schema\/person\/88e2042ed1147c57ae662ff786f967a3"},"breadcrumb":{"@id":"https:\/\/www.chezcora.com\/lettre-mme-cora\/le-chiffre-7-un-nombre-magique\/#breadcrumb"},"inLanguage":"en-CA","potentialAction":[{"@type":"ReadAction","target":["https:\/\/www.chezcora.com\/lettre-mme-cora\/le-chiffre-7-un-nombre-magique\/"]}]},{"@type":"ImageObject","inLanguage":"en-CA","@id":"https:\/\/www.chezcora.com\/lettre-mme-cora\/le-chiffre-7-un-nombre-magique\/#primaryimage","url":"https:\/\/e3b2rn3eqfa.exactdn.com\/wp-content\/uploads\/2025\/01\/2-fevrier-2025_Le-chiffre-7-un-nombre-magique_1025.jpg?strip=all","contentUrl":"https:\/\/e3b2rn3eqfa.exactdn.com\/wp-content\/uploads\/2025\/01\/2-fevrier-2025_Le-chiffre-7-un-nombre-magique_1025.jpg?strip=all","width":1025,"height":1025},{"@type":"BreadcrumbList","@id":"https:\/\/www.chezcora.com\/lettre-mme-cora\/le-chiffre-7-un-nombre-magique\/#breadcrumb","itemListElement":[{"@type":"ListItem","position":1,"name":"Lettre Mme Cora","item":"https:\/\/www.chezcora.com\/lettre-mme-cora\/"},{"@type":"ListItem","position":2,"name":"Le chiffre 7, un nombre magique"}]},{"@type":"WebSite","@id":"https:\/\/www.chezcora.com\/#website","url":"https:\/\/www.chezcora.com\/","name":"Cora Breakfast and Lunch","description":"D\u00e9jeuners spectaculaires livr\u00e9s \u00e0 votre domicile","potentialAction":[{"@type":"SearchAction","target":{"@type":"EntryPoint","urlTemplate":"https:\/\/www.chezcora.com\/?s={search_term_string}"},"query-input":{"@type":"PropertyValueSpecification","valueRequired":true,"valueName":"search_term_string"}}],"inLanguage":"en-CA"},{"@type":"Person","@id":"https:\/\/www.chezcora.com\/#\/schema\/person\/88e2042ed1147c57ae662ff786f967a3","name":"Isabel P. Picard","image":{"@type":"ImageObject","inLanguage":"en-CA","@id":"https:\/\/secure.gravatar.com\/avatar\/d9b7dd76d8858b218ed5ff8164b843efdac8c0ab35ed48ce74bd4b45a2a5ee07?s=96&d=mm&r=g","url":"https:\/\/secure.gravatar.com\/avatar\/d9b7dd76d8858b218ed5ff8164b843efdac8c0ab35ed48ce74bd4b45a2a5ee07?s=96&d=mm&r=g","contentUrl":"https:\/\/secure.gravatar.com\/avatar\/d9b7dd76d8858b218ed5ff8164b843efdac8c0ab35ed48ce74bd4b45a2a5ee07?s=96&d=mm&r=g","caption":"Isabel P. Picard"}}]}},"_links":{"self":[{"href":"https:\/\/www.chezcora.com\/en\/wp-json\/wp\/v2\/posts\/57117","targetHints":{"allow":["GET"]}}],"collection":[{"href":"https:\/\/www.chezcora.com\/en\/wp-json\/wp\/v2\/posts"}],"about":[{"href":"https:\/\/www.chezcora.com\/en\/wp-json\/wp\/v2\/types\/post"}],"author":[{"embeddable":true,"href":"https:\/\/www.chezcora.com\/en\/wp-json\/wp\/v2\/users\/414"}],"replies":[{"embeddable":true,"href":"https:\/\/www.chezcora.com\/en\/wp-json\/wp\/v2\/comments?post=57117"}],"version-history":[{"count":0,"href":"https:\/\/www.chezcora.com\/en\/wp-json\/wp\/v2\/posts\/57117\/revisions"}],"wp:featuredmedia":[{"embeddable":true,"href":"https:\/\/www.chezcora.com\/en\/wp-json\/wp\/v2\/media\/57118"}],"wp:attachment":[{"href":"https:\/\/www.chezcora.com\/en\/wp-json\/wp\/v2\/media?parent=57117"}],"wp:term":[{"taxonomy":"category","embeddable":true,"href":"https:\/\/www.chezcora.com\/en\/wp-json\/wp\/v2\/categories?post=57117"},{"taxonomy":"post_tag","embeddable":true,"href":"https:\/\/www.chezcora.com\/en\/wp-json\/wp\/v2\/tags?post=57117"}],"curies":[{"name":"wp","href":"https:\/\/api.w.org\/{rel}","templated":true}]}}