{"id":61716,"date":"2025-04-20T05:55:56","date_gmt":"2025-04-20T09:55:56","guid":{"rendered":"https:\/\/www.chezcora.com\/?p=61716"},"modified":"2025-04-18T09:01:02","modified_gmt":"2025-04-18T13:01:02","slug":"my-firstborn-the-artist","status":"publish","type":"post","link":"https:\/\/www.chezcora.com\/en\/lettre-mme-cora\/mon-premier-ne-lartiste\/","title":{"rendered":"My firstborn, the artist"},"content":{"rendered":"<p>Mon premier-n\u00e9 a les doigts macul\u00e9s de couleurs vives. Il peine, il peint \u00e0 c\u0153ur de jour, cherchant une teinte capable d\u2019endormir ses tourments. Quelques fois, il m\u2019envoie la photo d\u2019une toile plus noire que l\u2019obscurit\u00e9 abyssale et il me demande si j\u2019y vois un dragon. Un quelconque p\u00e8lerin perdu dans le bois? Un bateau \u00e0 la d\u00e9rive? Ce premier fils est un artiste, il voit des choses avant qu\u2019elles n\u2019existent.<\/p>\n<p>Ce grand gar\u00e7on de plus de cinquante-sept ans peut passer une semaine enti\u00e8re \u00e0 coiffer la houle d\u2019une mer agit\u00e9e, caressant chaque vague qui d\u00e9ferle ou qui se brise sur le rivage. Jouant avec dix teintes de bleu, sa patience est comparable \u00e0 celle d\u2019un moine bouddhiste. Et moi, d\u2019un jour \u00e0 l\u2019autre, j\u2019assiste \u00e0 l\u2019\u00e9laboration d\u2019une \u00e9bauche qui dure quelques fois jusqu\u2019\u00e0 plusieurs mois.<\/p>\n<p>Nous avons cela en commun\u00a0: l\u2019\u00e9bauche, tel un premier jet, une forme encore imparfaite que l\u2019on donne \u00e0 l\u2019ouvrage. Mes brouillons de textes et ses dessins sont tr\u00e8s semblables. Ils s\u2019aventurent tous vers un commencement. Un titre \u00e9ph\u00e9m\u00e8re au d\u00e9part, puis une premi\u00e8re couche de couleur, ou une suite de phrases fil\u00e9es, emprisonn\u00e9es sous une montagne de doutes et d\u2019h\u00e9sitations.<\/p>\n<p>Les agencements de mots s\u2019av\u00e8rent moins salissants que la peinture, mais leur signification met plus de temps \u00e0 aboutir. Comme des enfants indisciplin\u00e9s dans une cour d\u2019\u00e9cole, sujets, verbes et adverbes doivent attendre que la cloche sonne pour avancer en ligne droite. Bien souvent, la r\u00e9cr\u00e9ation dure plusieurs jours dans ma t\u00eate. Les phrases titubent et louvoient sur une patinoire glissante. J\u2019attends. J\u2019en souffre et je doute de mon talent. J\u2019implore dame cr\u00e9ativit\u00e9 de venir \u00e0 mon secours.<\/p>\n<p>Toi et moi, fils ch\u00e9ri, nous avons commenc\u00e9 nos carri\u00e8res artistiques sur le tard. Avec nos t\u00eates blanches aussi fougueuses qu\u2019une temp\u00eate de neige, nous n\u2019avons ni besoin de savoir qui nous sommes avant de nous lancer ni besoin d\u2019anticiper un quelconque aboutissement. Nous aimons cr\u00e9er, m\u00e9langer le rouge et le bleu pour en faire du mauve. Nous exploitons tout ce qui nous inspire; les belles maximes, les livres, les chefs-d\u2019\u0153uvre des ma\u00eetres, les citations inspirantes, les conversations entre amis, nos r\u00eaves et tout ce qui parle \u00e0 nos \u00e2mes la nuit.<\/p>\n<p>Moquons-nous un peu de Picasso et faisons semblant d\u2019\u00eatre \u00e0 sa hauteur! Profitons de ce qui nous nourrit, de tout ce qui nous donne \u00e0 penser que nous progressons. Faisons confiance \u00e0 dame inspiration; cette veine nourrici\u00e8re qui alimente la toile et le texte.<\/p>\n<p>L\u2019artiste, fils ch\u00e9ri, se d\u00e9couvre en travaillant, en priant, en enfon\u00e7ant les touches d\u2019un clavier ou en caressant mille et une fois le m\u00eame paysage. Il exp\u00e9rimente, il pratique et patauge dans les esquisses des ma\u00eetres, imitant ici et l\u00e0, jusqu\u2019\u00e0 ce qu\u2019il d\u00e9couvre sa propre singularit\u00e9, son art. C\u2019est souvent lorsqu\u2019on \u00e9choue \u00e0 copier parfaitement ses idoles qu\u2019on d\u00e9couvre sa propre voie.<\/p>\n<p>Construisons chacun notre propre univers avec quelques vaillants pigeons voyageurs accoud\u00e9s \u00e0 chacune de nos fen\u00eatres. \u00c9changeons textes, textos, photos, id\u00e9es saugrenues, couleurs inusit\u00e9es et inspirations divines. Et prenons l\u2019air. Respirons \u00e0 pleines goul\u00e9es. Le cerveau s\u2019endort s\u2019il reste toujours dans son lieu habituel. La distance et la diff\u00e9rence de paysage stimulent l\u2019imagination. Il para\u00eet m\u00eame que le mauvais temps stimule l\u2019artiste.<\/p>\n<p>Cher fils, sois spartiate, car tout avoir est nuisible \u00e0 la cr\u00e9ativit\u00e9. Aie confiance en ton ouvrage, au moment magique et indescriptible o\u00f9 un certain coup de pinceau illuminera ton tableau. Savoure cette fraction de seconde o\u00f9 tu exp\u00e9rimenteras la f\u00e9licit\u00e9, la surprise et l\u2019\u00e9merveillement; cet instant o\u00f9 toutes les forces de l\u2019univers ne feront qu\u2019une et o\u00f9 tu verras ce que personne d\u2019autre ne verra.<\/p>\n<p>Sache que cet instant d\u2019euphorie est comme une drogue. Lorsqu\u2019on y a go\u00fbt\u00e9, on tente \u00e0 tout jamais de retrouver cette seconde de pure all\u00e9gresse. Tu dois d\u2019ailleurs savoir que la cr\u00e9ativit\u00e9 n\u00e9cessite 95\u00a0% de travail ardu et 5\u00a0% d\u2019inspiration magique. La cr\u00e9ativit\u00e9 repr\u00e9sente un ensemble de comp\u00e9tences que l\u2019on peut arriver \u00e0 ma\u00eetriser en y mettant du temps.<\/p>\n<p>Je tape sur le clavier pendant d\u2019inlassables heures, essayant de construire une phrase \u00e9poustouflante. J\u2019esp\u00e8re et je prie; qu\u00e9mandant les muses et la gr\u00e2ce du m\u00e9tier. Tr\u00e8s cher fils, j\u2019aspire, moi aussi, \u00e0 ce rare moment de g\u00e9nie o\u00f9 l\u2019impr\u00e9visibilit\u00e9 ouvrira la porte \u00e0 la possibilit\u00e9.<\/p>\n<p>N\u2019est-ce pas ce que nous sommes en train de vivre, tous les deux? Tu peins le tableau que tu voudrais accrocher dans ton salon. J\u2019ai publi\u00e9 le livre que j\u2019avais envie de lire. Il n\u2019est jamais trop tard, disent les sages. Et moi, ta maman, je chercherai l\u2019aigle noir cach\u00e9 sous tes couleurs vives jusqu\u2019\u00e0 mon dernier souffle.<\/p>\n<p>Cora<br \/>\n\u2665\ufe0f<\/p>","protected":false},"excerpt":{"rendered":"<p>Mon premier-n\u00e9 a les doigts macul\u00e9s de couleurs vives. Il peine, il [&hellip;]<\/p>\n","protected":false},"author":414,"featured_media":61719,"comment_status":"closed","ping_status":"open","sticky":false,"template":"","format":"standard","meta":{"_acf_changed":false,"footnotes":""},"categories":[32],"tags":[],"class_list":["post-61716","post","type-post","status-publish","format-standard","has-post-thumbnail","hentry","category-lettre-mme-cora"],"acf":[],"yoast_head":"<!-- This site is optimized with the Yoast SEO plugin v27.4 - https:\/\/yoast.com\/product\/yoast-seo-wordpress\/ -->\n<title>Mon premier-n\u00e9, l&#039;artiste &#8211; Cora D\u00e9jeuners et d\u00eeners<\/title>\n<meta name=\"robots\" content=\"index, follow, max-snippet:-1, max-image-preview:large, max-video-preview:-1\" \/>\n<link rel=\"canonical\" href=\"https:\/\/www.chezcora.com\/en\/mme-coras-letter\/my-firstborn-the-artist\/\" \/>\n<meta property=\"og:locale\" content=\"en_US\" \/>\n<meta property=\"og:type\" content=\"article\" \/>\n<meta property=\"og:title\" content=\"Mon premier-n\u00e9, l&#039;artiste &#8211; Cora D\u00e9jeuners et d\u00eeners\" \/>\n<meta property=\"og:description\" content=\"Mon premier-n\u00e9 a les doigts macul\u00e9s de couleurs vives. Il peine, il [&hellip;]\" \/>\n<meta property=\"og:url\" content=\"https:\/\/www.chezcora.com\/en\/mme-coras-letter\/my-firstborn-the-artist\/\" \/>\n<meta property=\"og:site_name\" content=\"Cora D\u00e9jeuners et d\u00eeners\" \/>\n<meta property=\"article:publisher\" content=\"https:\/\/www.facebook.com\/corarestaurants\" \/>\n<meta property=\"article:published_time\" content=\"2025-04-20T09:55:56+00:00\" \/>\n<meta property=\"og:image\" content=\"https:\/\/www.chezcora.com\/wp-content\/uploads\/2025\/04\/20-avril-2025_Mon-premier-ne-lartiste_1025.jpg\" \/>\n\t<meta property=\"og:image:width\" content=\"1025\" \/>\n\t<meta property=\"og:image:height\" content=\"1025\" \/>\n\t<meta property=\"og:image:type\" content=\"image\/jpeg\" \/>\n<meta name=\"author\" content=\"Isabel P. Picard\" \/>\n<meta name=\"twitter:card\" content=\"summary_large_image\" \/>\n<meta name=\"twitter:creator\" content=\"@CoraRestaurants\" \/>\n<meta name=\"twitter:site\" content=\"@CoraRestaurants\" \/>\n<meta name=\"twitter:label1\" content=\"Written by\" \/>\n\t<meta name=\"twitter:data1\" content=\"Isabel P. Picard\" \/>\n\t<meta name=\"twitter:label2\" content=\"Est. reading time\" \/>\n\t<meta name=\"twitter:data2\" content=\"4 minutes\" \/>\n<script type=\"application\/ld+json\" class=\"yoast-schema-graph\">{\"@context\":\"https:\\\/\\\/schema.org\",\"@graph\":[{\"@type\":\"Article\",\"@id\":\"https:\\\/\\\/www.chezcora.com\\\/lettre-mme-cora\\\/mon-premier-ne-lartiste\\\/#article\",\"isPartOf\":{\"@id\":\"https:\\\/\\\/www.chezcora.com\\\/lettre-mme-cora\\\/mon-premier-ne-lartiste\\\/\"},\"author\":{\"name\":\"Isabel P. Picard\",\"@id\":\"https:\\\/\\\/www.chezcora.com\\\/#\\\/schema\\\/person\\\/88e2042ed1147c57ae662ff786f967a3\"},\"headline\":\"Mon premier-n\u00e9, l'artiste\",\"datePublished\":\"2025-04-20T09:55:56+00:00\",\"mainEntityOfPage\":{\"@id\":\"https:\\\/\\\/www.chezcora.com\\\/lettre-mme-cora\\\/mon-premier-ne-lartiste\\\/\"},\"wordCount\":869,\"image\":{\"@id\":\"https:\\\/\\\/www.chezcora.com\\\/lettre-mme-cora\\\/mon-premier-ne-lartiste\\\/#primaryimage\"},\"thumbnailUrl\":\"https:\\\/\\\/e3b2rn3eqfa.exactdn.com\\\/wp-content\\\/uploads\\\/2025\\\/04\\\/20-avril-2025_Mon-premier-ne-lartiste_1025.jpg?strip=all\",\"articleSection\":[\"Lettre Mme Cora\"],\"inLanguage\":\"en-CA\"},{\"@type\":\"WebPage\",\"@id\":\"https:\\\/\\\/www.chezcora.com\\\/lettre-mme-cora\\\/mon-premier-ne-lartiste\\\/\",\"url\":\"https:\\\/\\\/www.chezcora.com\\\/lettre-mme-cora\\\/mon-premier-ne-lartiste\\\/\",\"name\":\"Mon premier-n\u00e9, l'artiste &#8211; Cora D\u00e9jeuners et d\u00eeners\",\"isPartOf\":{\"@id\":\"https:\\\/\\\/www.chezcora.com\\\/#website\"},\"primaryImageOfPage\":{\"@id\":\"https:\\\/\\\/www.chezcora.com\\\/lettre-mme-cora\\\/mon-premier-ne-lartiste\\\/#primaryimage\"},\"image\":{\"@id\":\"https:\\\/\\\/www.chezcora.com\\\/lettre-mme-cora\\\/mon-premier-ne-lartiste\\\/#primaryimage\"},\"thumbnailUrl\":\"https:\\\/\\\/e3b2rn3eqfa.exactdn.com\\\/wp-content\\\/uploads\\\/2025\\\/04\\\/20-avril-2025_Mon-premier-ne-lartiste_1025.jpg?strip=all\",\"datePublished\":\"2025-04-20T09:55:56+00:00\",\"author\":{\"@id\":\"https:\\\/\\\/www.chezcora.com\\\/#\\\/schema\\\/person\\\/88e2042ed1147c57ae662ff786f967a3\"},\"breadcrumb\":{\"@id\":\"https:\\\/\\\/www.chezcora.com\\\/lettre-mme-cora\\\/mon-premier-ne-lartiste\\\/#breadcrumb\"},\"inLanguage\":\"en-CA\",\"potentialAction\":[{\"@type\":\"ReadAction\",\"target\":[\"https:\\\/\\\/www.chezcora.com\\\/lettre-mme-cora\\\/mon-premier-ne-lartiste\\\/\"]}]},{\"@type\":\"ImageObject\",\"inLanguage\":\"en-CA\",\"@id\":\"https:\\\/\\\/www.chezcora.com\\\/lettre-mme-cora\\\/mon-premier-ne-lartiste\\\/#primaryimage\",\"url\":\"https:\\\/\\\/e3b2rn3eqfa.exactdn.com\\\/wp-content\\\/uploads\\\/2025\\\/04\\\/20-avril-2025_Mon-premier-ne-lartiste_1025.jpg?strip=all\",\"contentUrl\":\"https:\\\/\\\/e3b2rn3eqfa.exactdn.com\\\/wp-content\\\/uploads\\\/2025\\\/04\\\/20-avril-2025_Mon-premier-ne-lartiste_1025.jpg?strip=all\",\"width\":1025,\"height\":1025},{\"@type\":\"BreadcrumbList\",\"@id\":\"https:\\\/\\\/www.chezcora.com\\\/lettre-mme-cora\\\/mon-premier-ne-lartiste\\\/#breadcrumb\",\"itemListElement\":[{\"@type\":\"ListItem\",\"position\":1,\"name\":\"Lettre Mme Cora\",\"item\":\"https:\\\/\\\/www.chezcora.com\\\/lettre-mme-cora\\\/\"},{\"@type\":\"ListItem\",\"position\":2,\"name\":\"Mon premier-n\u00e9, l'artiste\"}]},{\"@type\":\"WebSite\",\"@id\":\"https:\\\/\\\/www.chezcora.com\\\/#website\",\"url\":\"https:\\\/\\\/www.chezcora.com\\\/\",\"name\":\"Cora D\u00e9jeuners et d\u00eeners\",\"description\":\"D\u00e9jeuners spectaculaires livr\u00e9s \u00e0 votre domicile\",\"potentialAction\":[{\"@type\":\"SearchAction\",\"target\":{\"@type\":\"EntryPoint\",\"urlTemplate\":\"https:\\\/\\\/www.chezcora.com\\\/?s={search_term_string}\"},\"query-input\":{\"@type\":\"PropertyValueSpecification\",\"valueRequired\":true,\"valueName\":\"search_term_string\"}}],\"inLanguage\":\"en-CA\"},{\"@type\":\"Person\",\"@id\":\"https:\\\/\\\/www.chezcora.com\\\/#\\\/schema\\\/person\\\/88e2042ed1147c57ae662ff786f967a3\",\"name\":\"Isabel P. Picard\",\"image\":{\"@type\":\"ImageObject\",\"inLanguage\":\"en-CA\",\"@id\":\"https:\\\/\\\/secure.gravatar.com\\\/avatar\\\/d9b7dd76d8858b218ed5ff8164b843efdac8c0ab35ed48ce74bd4b45a2a5ee07?s=96&d=mm&r=g\",\"url\":\"https:\\\/\\\/secure.gravatar.com\\\/avatar\\\/d9b7dd76d8858b218ed5ff8164b843efdac8c0ab35ed48ce74bd4b45a2a5ee07?s=96&d=mm&r=g\",\"contentUrl\":\"https:\\\/\\\/secure.gravatar.com\\\/avatar\\\/d9b7dd76d8858b218ed5ff8164b843efdac8c0ab35ed48ce74bd4b45a2a5ee07?s=96&d=mm&r=g\",\"caption\":\"Isabel P. Picard\"}}]}<\/script>\n<!-- \/ Yoast SEO plugin. -->","yoast_head_json":{"title":"Mon premier-n\u00e9, l'artiste &#8211; Cora D\u00e9jeuners et d\u00eeners","robots":{"index":"index","follow":"follow","max-snippet":"max-snippet:-1","max-image-preview":"max-image-preview:large","max-video-preview":"max-video-preview:-1"},"canonical":"https:\/\/www.chezcora.com\/en\/mme-coras-letter\/my-firstborn-the-artist\/","og_locale":"en_US","og_type":"article","og_title":"Mon premier-n\u00e9, l'artiste &#8211; Cora D\u00e9jeuners et d\u00eeners","og_description":"Mon premier-n\u00e9 a les doigts macul\u00e9s de couleurs vives. Il peine, il [&hellip;]","og_url":"https:\/\/www.chezcora.com\/en\/mme-coras-letter\/my-firstborn-the-artist\/","og_site_name":"Cora D\u00e9jeuners et d\u00eeners","article_publisher":"https:\/\/www.facebook.com\/corarestaurants","article_published_time":"2025-04-20T09:55:56+00:00","og_image":[{"width":1025,"height":1025,"url":"https:\/\/www.chezcora.com\/wp-content\/uploads\/2025\/04\/20-avril-2025_Mon-premier-ne-lartiste_1025.jpg","type":"image\/jpeg"}],"author":"Isabel P. Picard","twitter_card":"summary_large_image","twitter_creator":"@CoraRestaurants","twitter_site":"@CoraRestaurants","twitter_misc":{"Written by":"Isabel P. Picard","Est. reading time":"4 minutes"},"schema":{"@context":"https:\/\/schema.org","@graph":[{"@type":"Article","@id":"https:\/\/www.chezcora.com\/lettre-mme-cora\/mon-premier-ne-lartiste\/#article","isPartOf":{"@id":"https:\/\/www.chezcora.com\/lettre-mme-cora\/mon-premier-ne-lartiste\/"},"author":{"name":"Isabel P. Picard","@id":"https:\/\/www.chezcora.com\/#\/schema\/person\/88e2042ed1147c57ae662ff786f967a3"},"headline":"Mon premier-n\u00e9, l'artiste","datePublished":"2025-04-20T09:55:56+00:00","mainEntityOfPage":{"@id":"https:\/\/www.chezcora.com\/lettre-mme-cora\/mon-premier-ne-lartiste\/"},"wordCount":869,"image":{"@id":"https:\/\/www.chezcora.com\/lettre-mme-cora\/mon-premier-ne-lartiste\/#primaryimage"},"thumbnailUrl":"https:\/\/e3b2rn3eqfa.exactdn.com\/wp-content\/uploads\/2025\/04\/20-avril-2025_Mon-premier-ne-lartiste_1025.jpg?strip=all","articleSection":["Lettre Mme Cora"],"inLanguage":"en-CA"},{"@type":"WebPage","@id":"https:\/\/www.chezcora.com\/lettre-mme-cora\/mon-premier-ne-lartiste\/","url":"https:\/\/www.chezcora.com\/lettre-mme-cora\/mon-premier-ne-lartiste\/","name":"Mon premier-n\u00e9, l'artiste &#8211; Cora D\u00e9jeuners et d\u00eeners","isPartOf":{"@id":"https:\/\/www.chezcora.com\/#website"},"primaryImageOfPage":{"@id":"https:\/\/www.chezcora.com\/lettre-mme-cora\/mon-premier-ne-lartiste\/#primaryimage"},"image":{"@id":"https:\/\/www.chezcora.com\/lettre-mme-cora\/mon-premier-ne-lartiste\/#primaryimage"},"thumbnailUrl":"https:\/\/e3b2rn3eqfa.exactdn.com\/wp-content\/uploads\/2025\/04\/20-avril-2025_Mon-premier-ne-lartiste_1025.jpg?strip=all","datePublished":"2025-04-20T09:55:56+00:00","author":{"@id":"https:\/\/www.chezcora.com\/#\/schema\/person\/88e2042ed1147c57ae662ff786f967a3"},"breadcrumb":{"@id":"https:\/\/www.chezcora.com\/lettre-mme-cora\/mon-premier-ne-lartiste\/#breadcrumb"},"inLanguage":"en-CA","potentialAction":[{"@type":"ReadAction","target":["https:\/\/www.chezcora.com\/lettre-mme-cora\/mon-premier-ne-lartiste\/"]}]},{"@type":"ImageObject","inLanguage":"en-CA","@id":"https:\/\/www.chezcora.com\/lettre-mme-cora\/mon-premier-ne-lartiste\/#primaryimage","url":"https:\/\/e3b2rn3eqfa.exactdn.com\/wp-content\/uploads\/2025\/04\/20-avril-2025_Mon-premier-ne-lartiste_1025.jpg?strip=all","contentUrl":"https:\/\/e3b2rn3eqfa.exactdn.com\/wp-content\/uploads\/2025\/04\/20-avril-2025_Mon-premier-ne-lartiste_1025.jpg?strip=all","width":1025,"height":1025},{"@type":"BreadcrumbList","@id":"https:\/\/www.chezcora.com\/lettre-mme-cora\/mon-premier-ne-lartiste\/#breadcrumb","itemListElement":[{"@type":"ListItem","position":1,"name":"Lettre Mme Cora","item":"https:\/\/www.chezcora.com\/lettre-mme-cora\/"},{"@type":"ListItem","position":2,"name":"Mon premier-n\u00e9, l'artiste"}]},{"@type":"WebSite","@id":"https:\/\/www.chezcora.com\/#website","url":"https:\/\/www.chezcora.com\/","name":"Cora Breakfast and Lunch","description":"D\u00e9jeuners spectaculaires livr\u00e9s \u00e0 votre domicile","potentialAction":[{"@type":"SearchAction","target":{"@type":"EntryPoint","urlTemplate":"https:\/\/www.chezcora.com\/?s={search_term_string}"},"query-input":{"@type":"PropertyValueSpecification","valueRequired":true,"valueName":"search_term_string"}}],"inLanguage":"en-CA"},{"@type":"Person","@id":"https:\/\/www.chezcora.com\/#\/schema\/person\/88e2042ed1147c57ae662ff786f967a3","name":"Isabel P. Picard","image":{"@type":"ImageObject","inLanguage":"en-CA","@id":"https:\/\/secure.gravatar.com\/avatar\/d9b7dd76d8858b218ed5ff8164b843efdac8c0ab35ed48ce74bd4b45a2a5ee07?s=96&d=mm&r=g","url":"https:\/\/secure.gravatar.com\/avatar\/d9b7dd76d8858b218ed5ff8164b843efdac8c0ab35ed48ce74bd4b45a2a5ee07?s=96&d=mm&r=g","contentUrl":"https:\/\/secure.gravatar.com\/avatar\/d9b7dd76d8858b218ed5ff8164b843efdac8c0ab35ed48ce74bd4b45a2a5ee07?s=96&d=mm&r=g","caption":"Isabel P. Picard"}}]}},"_links":{"self":[{"href":"https:\/\/www.chezcora.com\/en\/wp-json\/wp\/v2\/posts\/61716","targetHints":{"allow":["GET"]}}],"collection":[{"href":"https:\/\/www.chezcora.com\/en\/wp-json\/wp\/v2\/posts"}],"about":[{"href":"https:\/\/www.chezcora.com\/en\/wp-json\/wp\/v2\/types\/post"}],"author":[{"embeddable":true,"href":"https:\/\/www.chezcora.com\/en\/wp-json\/wp\/v2\/users\/414"}],"replies":[{"embeddable":true,"href":"https:\/\/www.chezcora.com\/en\/wp-json\/wp\/v2\/comments?post=61716"}],"version-history":[{"count":1,"href":"https:\/\/www.chezcora.com\/en\/wp-json\/wp\/v2\/posts\/61716\/revisions"}],"predecessor-version":[{"id":61720,"href":"https:\/\/www.chezcora.com\/en\/wp-json\/wp\/v2\/posts\/61716\/revisions\/61720"}],"wp:featuredmedia":[{"embeddable":true,"href":"https:\/\/www.chezcora.com\/en\/wp-json\/wp\/v2\/media\/61719"}],"wp:attachment":[{"href":"https:\/\/www.chezcora.com\/en\/wp-json\/wp\/v2\/media?parent=61716"}],"wp:term":[{"taxonomy":"category","embeddable":true,"href":"https:\/\/www.chezcora.com\/en\/wp-json\/wp\/v2\/categories?post=61716"},{"taxonomy":"post_tag","embeddable":true,"href":"https:\/\/www.chezcora.com\/en\/wp-json\/wp\/v2\/tags?post=61716"}],"curies":[{"name":"wp","href":"https:\/\/api.w.org\/{rel}","templated":true}]}}