{"id":837,"date":"2021-06-11T00:00:00","date_gmt":"2021-06-11T04:00:00","guid":{"rendered":"https:\/\/www-new2022.chezcora.com\/?p=837"},"modified":"2021-12-02T17:18:56","modified_gmt":"2021-12-02T22:18:56","slug":"une-corneille-ma-fait-cadeau-de-sa-plume","status":"publish","type":"post","link":"https:\/\/www.chezcora.com\/en\/lettre-mme-cora\/une-corneille-ma-fait-cadeau-de-sa-plume\/","title":{"rendered":"A crow gifted me a feather!"},"content":{"rendered":"<p>Ce mois de juin est tellement magnifique qu&#x2019;il me fait oublier toutes les pr&#xE9;sentes mis&#xE8;res de la terre. Lev&#xE9;e avec le soleil, mon premier r&#xE9;flexe est toujours d&#x2019;activer la machine &#xE0; caf&#xE9;. Lorsqu&#x2019;il coule et parfume la cuisine, je verse dans un pichet assez de cr&#xE8;me pour trois &#xE0; quatre caf&#xE9;s et j&#x2019;ajoute dans mon cabaret un joli bol de grenailles de viande, d&#x2019;omelette ou d&#x2019;&#x153;uf &#xE0; la coque, des coupures de fruits, des graines et des noix pour mes copines aussi matinales que moi. Puis, je m&#x2019;installe sur la terrasse arri&#xE8;re. Comme chaque matin, elles sont l&#xE0;, surexcit&#xE9;es et bavardes, agglutin&#xE9;es sur le toit en pente de la verri&#xE8;re. Elles jacassent, criaillent et croassent telles de v&#xE9;ritables &#xAB;&#x2009;pop stars&#x2009;&#xBB; adul&#xE9;es.<\/p>\n<p>Puis, tout d&#x2019;un coup, elles se taisent, leurs billes noires toutes riv&#xE9;es sur le plateau de g&#xE2;teries que je d&#xE9;pose sur la table ronde en fer blanc. Elles savent qu&#x2019;elles y go&#xFB;teront &#xE0; petites bouch&#xE9;es lanc&#xE9;es dans le gazon tout picot&#xE9; de jeunes pissenlits.<\/p>\n<p>Au troisi&#xE8;me caf&#xE9;, j&#x2019;ai l&#x2019;extr&#xEA;me surprise de voir l&#x2019;une d&#x2019;entre elles atterrir sur ma table. Je reste bouche b&#xE9;e. C&#x2019;est la premi&#xE8;re fois qu&#x2019;un oiseau m&#x2019;approche de si pr&#xE8;s. J&#x2019;adore les corneilles, je leur parle et les nourris chaque matin de beau temps. Je n&#x2019;ai pas peur. Peut-&#xEA;tre qu&#x2019;elles ont enfin compris &#xE0; quel point je les aime. &#xC0; quel point, de la mi-octobre jusqu&#x2019;&#xE0; la mi-mars, elles me manquent pendant qu&#x2019;elles se dorent les plumes dans le Sud am&#xE9;ricain!<\/p>\n<p>Me voici donc en extase devant cette myst&#xE9;rieuse cr&#xE9;ature dont le regard me supplie de l&#x2019;&#xE9;couter. Je la d&#xE9;visage et elle reste immobile. Puis, apr&#xE8;s ce long moment d&#x2019;intimit&#xE9;, l&#x2019;oiseau magistral ouvre son aile droite, d&#xE9;pliant une &#xE0; une ses plumes encore plus noires que la nuit. Je suis &#xE9;blouie comme l&#x2019;est la quinzaine de ses copines nous d&#xE9;visageant du toit de la maison. Puis le bec tranchant de la corneille d&#xE9;tache de son aile une longue plume et me la donne. Je tremble presque en la recevant. Les yeux noirs de cette myst&#xE9;rieuse amie p&#xE9;n&#xE8;trent dans le blanc des miens. Tout doucement,&#xA0;elle ouvre sa bouche, et d&#x2019;une voix de gouttes de pluie pour assoiff&#xE9;s, elle me dit&#xA0;:<\/p>\n<p>&#xA0; &#xA0; &#xA0; &#xA0; &#xA0; &#xA0; &#xA0; &#xA0; &#xA0; &#xA0; &#xA0; &#xA0; &#xA0; &#xA0; &#xA0; &#xA0; &#xA0;&#xAB;&#x2009;UN C&#x152;UR NE SE JUGE PAS PAR L&#x2019;AMOUR&#xA0;<\/p>\n<p>&#xA0; &#xA0; &#xA0; &#xA0; &#xA0; &#xA0; &#xA0; &#xA0; &#xA0; &#xA0; &#xA0; &#xA0; &#xA0; QU&#x2019;IL DONNE, MAIS PAR CELUI QU&#x2019;IL RE&#xC7;OIT DES AUTRES&#x2009;&#xBB;<\/p>\n<p>Je suis sans voix devant cette corneille qui parle et me r&#xE9;cite une longue phrase &#xE9;nigmatique!<\/p>\n<p>Et qui suis-je pour lui r&#xE9;pondre? Va-t-elle m&#x2019;entendre et comprendre ce que je lui dirai?&#xA0;<\/p>\n<p>&#x2014;&#xA0;Oui, ma tr&#xE8;s ch&#xE8;re petite Coco, je vais t&#x2019;entendre et comprendre ce que tu voudras bien me dire.<\/p>\n<p>&#xA0;Me voici extr&#xEA;mement surprise que cette corneille puisse non seulement parler, mais aussi conna&#xEE;tre l&#x2019;affectueux sobriquet que papa utilisait &#xE0; mon &#xE9;gard toute petite.<\/p>\n<p>&#x2014;&#xA0;Je viens m&#x2019;assurer que tu as bien compris le premier message.<\/p>\n<p>&#x2014;&#xA0;De quel message parles-tu, bel oiseau?&#xA0;<\/p>\n<p>&#x2014;&#xA0;Tu le sais, ch&#xE8;re Coco, mais tu n&#x2019;as pas os&#xE9; croire &#xE0; la magie. Te souviens-tu des trois enveloppes que t&#x2019;a donn&#xE9;es en r&#xEA;ve un fakir de kermesse durant la nuit du 19&#xA0;mars dernier?<\/p>\n<p>(<i>R&#xE9;f&#xE9;rence &#xE0; la lettre&#xA0;: &#xAB;&#x2009;La nuit derni&#xE8;re j&#x2019;ai fait un r&#xEA;ve&#x2009;&#xBB; publi&#xE9;e le 19&#xA0;mars 2021 et disponible <a href=\"https:\/\/bit.ly\/3wfVxNv\">here<\/a>)<\/i><\/p>\n<p><i>&#x2014;&#xA0;<\/i>Je viens de te r&#xE9;citer le message contenu dans la premi&#xE8;re enveloppe. Est-ce que tu le comprends? Toi qui t&#x2019;inqui&#xE9;tais de ne pas avoir aim&#xE9; suffisamment tes enfants et tes proches; toi qui avais peur que ton pauvre c&#x153;ur en subisse le courroux. Ne t&#x2019;inqui&#xE8;te plus.&#xA0;<\/p>\n<p>&#x2014;&#xA0;Es-tu un oiseau magicien?<\/p>\n<p>&#x2014;&#xA0;Je suis une maman corneille mari&#xE9;e pour la vie et ayant plusieurs responsabilit&#xE9;s familiales. Je dois aider &#xE0; construire le nid. J&#x2019;ai aussi la charge de trouver la nourriture, de couver les petits, d&#x2019;&#xE9;lever les oisillons et de voir &#xE0; l&#x2019;entretien de notre abri. L&#x2019;autre soir, en cherchant des vers de terre pour notre souper, je t&#x2019;ai vue par la fen&#xEA;tre. Tu visionnais la biographie de Judy Garland en DVD et tu avais la larme &#xE0; l&#x2019;&#x153;il tellement la vie de la chanteuse &#xE9;tait triste et malheureuse.<\/p>\n<p>&#x2014;&#xA0;Tu m&#x2019;as vue pleurer?<\/p>\n<p>&#x2014;&#xA0;Oui, je t&#x2019;ai vue pleurer et, &#xE0; la fin du film, je t&#x2019;ai aussi vue copier dans un calepin la c&#xE9;l&#xE8;bre phrase du Magicien d&#x2019;Oz mise en exergue &#xE0; la fin du film.<\/p>\n<p>&#xA0; &#xA0; &#xA0; &#xA0; &#xA0; &#xA0; &#xA0; &#xA0; &#xA0; &#xA0; &#xA0; &#xA0; &#xA0; &#xA0; &#xAB;&#x2009;UN C&#x152;UR NE SE JUGE PAS PAR L&#x2019;AMOUR<\/p>\n<p>&#xA0; &#xA0; &#xA0; &#xA0; &#xA0; &#xA0; &#xA0; &#xA0; QU&#x2019;IL DONNE, MAIS PAR CELUI QU&#x2019;IL RE&#xC7;OIT DES AUTRES&#x2009;&#xBB;<\/p>\n<p>&#x2014;&#xA0;Cette phrase est pour toi, pour ton c&#x153;ur meurtri. Sois plus douce avec toi-m&#xEA;me. Tu es, ch&#xE8;re Coco, une bonne personne, talentueuse et g&#xE9;n&#xE9;reuse. Et nous les corneilles, nous raffolons de tes g&#xE2;teries, de tes sourires et de la d&#xE9;licieuse attention que tu nous portes. Ta maison est entour&#xE9;e de gros arbres et la for&#xEA;t est &#xE0; deux pas. Que vouloir de plus?&#xA0;<\/p>\n<p>Nous, les corneilles, on nous traite souvent d&#x2019;oiseaux de malheur, mais &#xE0; bien y penser, nous pourrions r&#xE9;fl&#xE9;chir &#xE0; ton bonheur. Tu sais que nous volons tr&#xE8;s haut dans le ciel et que nous sommes certainement capables d&#x2019;attraper un ange par le talon. Un ange pouvant t&#x2019;enseigner la magie de croire aux forces de l&#x2019;Univers.<\/p>\n<p>&#x2014;&#xA0;Toute ma vie, j&#x2019;ai voulu y croire. Jadis, dans le pire de la tourmente, j&#x2019;ai m&#xEA;me &#xE9;crit une lettre de deux cents pages au Ma&#xEE;tre de l&#xE0;-haut pour implorer son aide. Nuit et jour &#xE0; cette &#xE9;poque, je fixais le ciel. J&#x2019;attendais une r&#xE9;ponse; une main sortant de derri&#xE8;re un nuage, un tremblement significatif dans mon c&#x153;ur. Mais rien n&#x2019;advint et j&#x2019;ai alors conclu que le seul chemin serait celui d&#x2019;un lourd fardeau &#xE0; transporter.&#xA0;<\/p>\n<p>&#x2014;&#xA0;Tu es sur la bonne route, ch&#xE8;re Coco, et les cailloux du chemin sont de moins en moins blessants sous tes pas. Ne le remarques-tu point? Avance avec joie, continue de parler aux oiseaux et utilise la belle plume que je t&#x2019;ai donn&#xE9;e. Cette plume en a bav&#xE9; elle aussi, tremp&#xE9;e dans le labeur &#xE0; c&#x153;ur de jour.<\/p>\n<p>Je suis chamboul&#xE9;e. La brillante corneille a raison. Lorsque j&#x2019;ai lu cette phrase du Magicien d&#x2019;Oz &#xE0; la fin du film, j&#x2019;ai tout de suite voulu y croire. La bienveillance et l&#x2019;affection que je re&#xE7;ois de&#xA0;vous, chers lecteurs,&#xA0;sont un baume sur mon c&#x153;ur; comme l&#x2019;ont probablement &#xE9;t&#xE9; les applaudissements pour Judy Garland. Lettre apr&#xE8;s lettre, vos nombreux commentaires enjolivent mon quotidien, gu&#xE9;rissent mes blessures, donnent des ailes &#xE0; mon imagination et m&#x2019;encourage &#xE0; continuer.<\/p>\n<p>Pardonnez-moi la fantaisie d&#x2019;une corneille m&#x2019;ayant donn&#xE9; sa plume.&#xA0;&#xC0; mesure que des millions de petits bourgeons s&#x2019;installent sur les branches, mes yeux, mes oreilles et mon c&#x153;ur s&#x2019;amalgament aux forces magiques de l&#x2019;Univers.<\/p>\n<p>Et, tel un affable printemps, tout mon &#xEA;tre esp&#xE8;re l&#x2019;all&#xE9;gresse.&#xA0;<\/p>\n<p>&#xA0; &#xA0; &#xA0; &#xA0; &#xA0; Cora<\/p>\n<p>&#xA0; &#xA0; &#xA0; &#xA0; &#xA0; &#xA0; &#xA0;<span style=\"font-family:&quot;Apple Color Emoji&quot;\">&#x2764;&#xFE0F;<\/p>\n<p>&#xA0; &#xA0; <\/p>","protected":false},"excerpt":{"rendered":"<p>Ce mois de juin est tellement magnifique qu&#x2019;il me fait oublier toutes [&hellip;]<\/p>\n","protected":false},"author":1,"featured_media":843,"comment_status":"open","ping_status":"open","sticky":false,"template":"","format":"standard","meta":{"_acf_changed":false,"footnotes":""},"categories":[32],"tags":[],"class_list":["post-837","post","type-post","status-publish","format-standard","has-post-thumbnail","hentry","category-lettre-mme-cora"],"acf":[],"yoast_head":"<!-- This site is optimized with the Yoast SEO plugin v27.4 - https:\/\/yoast.com\/product\/yoast-seo-wordpress\/ -->\n<title>Une corneille m\u2019a fait cadeau de sa plume! &#8211; Cora D\u00e9jeuners et d\u00eeners<\/title>\n<meta name=\"robots\" content=\"index, follow, max-snippet:-1, max-image-preview:large, max-video-preview:-1\" \/>\n<link rel=\"canonical\" href=\"https:\/\/www.chezcora.com\/en\/mme-coras-letter\/une-corneille-ma-fait-cadeau-de-sa-plume\/\" \/>\n<meta property=\"og:locale\" content=\"en_US\" \/>\n<meta property=\"og:type\" content=\"article\" \/>\n<meta property=\"og:title\" content=\"Une corneille m\u2019a fait cadeau de sa plume! &#8211; Cora D\u00e9jeuners et d\u00eeners\" \/>\n<meta property=\"og:description\" content=\"Ce mois de juin est tellement magnifique qu&#x2019;il me fait oublier toutes [&hellip;]\" \/>\n<meta property=\"og:url\" content=\"https:\/\/www.chezcora.com\/en\/mme-coras-letter\/une-corneille-ma-fait-cadeau-de-sa-plume\/\" \/>\n<meta property=\"og:site_name\" content=\"Cora D\u00e9jeuners et d\u00eeners\" \/>\n<meta property=\"article:publisher\" content=\"https:\/\/www.facebook.com\/corarestaurants\" \/>\n<meta property=\"article:published_time\" content=\"2021-06-11T04:00:00+00:00\" \/>\n<meta property=\"article:modified_time\" content=\"2021-12-02T22:18:56+00:00\" \/>\n<meta property=\"og:image\" content=\"https:\/\/e3b2rn3eqfa.exactdn.com\/wp-content\/uploads\/2021\/11\/IMG_7520_article-scale_max-1040x1040-1.png?strip=all&lossy=0&ssl=1\" \/>\n\t<meta property=\"og:image:width\" content=\"1040\" \/>\n\t<meta property=\"og:image:height\" content=\"1040\" \/>\n\t<meta property=\"og:image:type\" content=\"image\/png\" \/>\n<meta name=\"author\" content=\"Frederic\" \/>\n<meta name=\"twitter:card\" content=\"summary_large_image\" \/>\n<meta name=\"twitter:creator\" content=\"@CoraRestaurants\" \/>\n<meta name=\"twitter:site\" content=\"@CoraRestaurants\" \/>\n<meta name=\"twitter:label1\" content=\"Written by\" \/>\n\t<meta name=\"twitter:data1\" content=\"Frederic\" \/>\n\t<meta name=\"twitter:label2\" content=\"Est. reading time\" \/>\n\t<meta name=\"twitter:data2\" content=\"8 minutes\" \/>\n<script type=\"application\/ld+json\" class=\"yoast-schema-graph\">{\"@context\":\"https:\\\/\\\/schema.org\",\"@graph\":[{\"@type\":\"Article\",\"@id\":\"https:\\\/\\\/www.chezcora.com\\\/lettre-mme-cora\\\/une-corneille-ma-fait-cadeau-de-sa-plume\\\/#article\",\"isPartOf\":{\"@id\":\"https:\\\/\\\/www.chezcora.com\\\/lettre-mme-cora\\\/une-corneille-ma-fait-cadeau-de-sa-plume\\\/\"},\"author\":{\"name\":\"Frederic\",\"@id\":\"https:\\\/\\\/www.chezcora.com\\\/#\\\/schema\\\/person\\\/dcb5c62d3439ed922025241c5de42233\"},\"headline\":\"Une corneille m\u2019a fait cadeau de sa plume!\",\"datePublished\":\"2021-06-11T04:00:00+00:00\",\"dateModified\":\"2021-12-02T22:18:56+00:00\",\"mainEntityOfPage\":{\"@id\":\"https:\\\/\\\/www.chezcora.com\\\/lettre-mme-cora\\\/une-corneille-ma-fait-cadeau-de-sa-plume\\\/\"},\"wordCount\":1577,\"commentCount\":0,\"image\":{\"@id\":\"https:\\\/\\\/www.chezcora.com\\\/lettre-mme-cora\\\/une-corneille-ma-fait-cadeau-de-sa-plume\\\/#primaryimage\"},\"thumbnailUrl\":\"https:\\\/\\\/e3b2rn3eqfa.exactdn.com\\\/wp-content\\\/uploads\\\/2021\\\/11\\\/IMG_7520_article-scale_max-1040x1040-1.png?strip=all\",\"articleSection\":[\"Lettre Mme Cora\"],\"inLanguage\":\"en-CA\",\"potentialAction\":[{\"@type\":\"CommentAction\",\"name\":\"Comment\",\"target\":[\"https:\\\/\\\/www.chezcora.com\\\/lettre-mme-cora\\\/une-corneille-ma-fait-cadeau-de-sa-plume\\\/#respond\"]}]},{\"@type\":\"WebPage\",\"@id\":\"https:\\\/\\\/www.chezcora.com\\\/lettre-mme-cora\\\/une-corneille-ma-fait-cadeau-de-sa-plume\\\/\",\"url\":\"https:\\\/\\\/www.chezcora.com\\\/lettre-mme-cora\\\/une-corneille-ma-fait-cadeau-de-sa-plume\\\/\",\"name\":\"Une corneille m\u2019a fait cadeau de sa plume! &#8211; Cora D\u00e9jeuners et d\u00eeners\",\"isPartOf\":{\"@id\":\"https:\\\/\\\/www.chezcora.com\\\/#website\"},\"primaryImageOfPage\":{\"@id\":\"https:\\\/\\\/www.chezcora.com\\\/lettre-mme-cora\\\/une-corneille-ma-fait-cadeau-de-sa-plume\\\/#primaryimage\"},\"image\":{\"@id\":\"https:\\\/\\\/www.chezcora.com\\\/lettre-mme-cora\\\/une-corneille-ma-fait-cadeau-de-sa-plume\\\/#primaryimage\"},\"thumbnailUrl\":\"https:\\\/\\\/e3b2rn3eqfa.exactdn.com\\\/wp-content\\\/uploads\\\/2021\\\/11\\\/IMG_7520_article-scale_max-1040x1040-1.png?strip=all\",\"datePublished\":\"2021-06-11T04:00:00+00:00\",\"dateModified\":\"2021-12-02T22:18:56+00:00\",\"author\":{\"@id\":\"https:\\\/\\\/www.chezcora.com\\\/#\\\/schema\\\/person\\\/dcb5c62d3439ed922025241c5de42233\"},\"breadcrumb\":{\"@id\":\"https:\\\/\\\/www.chezcora.com\\\/lettre-mme-cora\\\/une-corneille-ma-fait-cadeau-de-sa-plume\\\/#breadcrumb\"},\"inLanguage\":\"en-CA\",\"potentialAction\":[{\"@type\":\"ReadAction\",\"target\":[\"https:\\\/\\\/www.chezcora.com\\\/lettre-mme-cora\\\/une-corneille-ma-fait-cadeau-de-sa-plume\\\/\"]}]},{\"@type\":\"ImageObject\",\"inLanguage\":\"en-CA\",\"@id\":\"https:\\\/\\\/www.chezcora.com\\\/lettre-mme-cora\\\/une-corneille-ma-fait-cadeau-de-sa-plume\\\/#primaryimage\",\"url\":\"https:\\\/\\\/e3b2rn3eqfa.exactdn.com\\\/wp-content\\\/uploads\\\/2021\\\/11\\\/IMG_7520_article-scale_max-1040x1040-1.png?strip=all\",\"contentUrl\":\"https:\\\/\\\/e3b2rn3eqfa.exactdn.com\\\/wp-content\\\/uploads\\\/2021\\\/11\\\/IMG_7520_article-scale_max-1040x1040-1.png?strip=all\",\"width\":1040,\"height\":1040},{\"@type\":\"BreadcrumbList\",\"@id\":\"https:\\\/\\\/www.chezcora.com\\\/lettre-mme-cora\\\/une-corneille-ma-fait-cadeau-de-sa-plume\\\/#breadcrumb\",\"itemListElement\":[{\"@type\":\"ListItem\",\"position\":1,\"name\":\"Lettre Mme Cora\",\"item\":\"https:\\\/\\\/www.chezcora.com\\\/lettre-mme-cora\\\/\"},{\"@type\":\"ListItem\",\"position\":2,\"name\":\"Une corneille m\u2019a fait cadeau de sa plume!\"}]},{\"@type\":\"WebSite\",\"@id\":\"https:\\\/\\\/www.chezcora.com\\\/#website\",\"url\":\"https:\\\/\\\/www.chezcora.com\\\/\",\"name\":\"Cora D\u00e9jeuners et d\u00eeners\",\"description\":\"D\u00e9jeuners spectaculaires livr\u00e9s \u00e0 votre domicile\",\"potentialAction\":[{\"@type\":\"SearchAction\",\"target\":{\"@type\":\"EntryPoint\",\"urlTemplate\":\"https:\\\/\\\/www.chezcora.com\\\/?s={search_term_string}\"},\"query-input\":{\"@type\":\"PropertyValueSpecification\",\"valueRequired\":true,\"valueName\":\"search_term_string\"}}],\"inLanguage\":\"en-CA\"},{\"@type\":\"Person\",\"@id\":\"https:\\\/\\\/www.chezcora.com\\\/#\\\/schema\\\/person\\\/dcb5c62d3439ed922025241c5de42233\",\"name\":\"Frederic\",\"image\":{\"@type\":\"ImageObject\",\"inLanguage\":\"en-CA\",\"@id\":\"https:\\\/\\\/secure.gravatar.com\\\/avatar\\\/1082bab674d453fb78e24eb556b982941cd520a5fc55895a71fda0b2f8b39c70?s=96&d=mm&r=g\",\"url\":\"https:\\\/\\\/secure.gravatar.com\\\/avatar\\\/1082bab674d453fb78e24eb556b982941cd520a5fc55895a71fda0b2f8b39c70?s=96&d=mm&r=g\",\"contentUrl\":\"https:\\\/\\\/secure.gravatar.com\\\/avatar\\\/1082bab674d453fb78e24eb556b982941cd520a5fc55895a71fda0b2f8b39c70?s=96&d=mm&r=g\",\"caption\":\"Frederic\"}}]}<\/script>\n<!-- \/ Yoast SEO plugin. -->","yoast_head_json":{"title":"Une corneille m\u2019a fait cadeau de sa plume! &#8211; Cora D\u00e9jeuners et d\u00eeners","robots":{"index":"index","follow":"follow","max-snippet":"max-snippet:-1","max-image-preview":"max-image-preview:large","max-video-preview":"max-video-preview:-1"},"canonical":"https:\/\/www.chezcora.com\/en\/mme-coras-letter\/une-corneille-ma-fait-cadeau-de-sa-plume\/","og_locale":"en_US","og_type":"article","og_title":"Une corneille m\u2019a fait cadeau de sa plume! &#8211; Cora D\u00e9jeuners et d\u00eeners","og_description":"Ce mois de juin est tellement magnifique qu&#x2019;il me fait oublier toutes [&hellip;]","og_url":"https:\/\/www.chezcora.com\/en\/mme-coras-letter\/une-corneille-ma-fait-cadeau-de-sa-plume\/","og_site_name":"Cora D\u00e9jeuners et d\u00eeners","article_publisher":"https:\/\/www.facebook.com\/corarestaurants","article_published_time":"2021-06-11T04:00:00+00:00","article_modified_time":"2021-12-02T22:18:56+00:00","og_image":[{"width":1040,"height":1040,"url":"https:\/\/e3b2rn3eqfa.exactdn.com\/wp-content\/uploads\/2021\/11\/IMG_7520_article-scale_max-1040x1040-1.png?strip=all&lossy=0&ssl=1","type":"image\/png"}],"author":"Frederic","twitter_card":"summary_large_image","twitter_creator":"@CoraRestaurants","twitter_site":"@CoraRestaurants","twitter_misc":{"Written by":"Frederic","Est. reading time":"8 minutes"},"schema":{"@context":"https:\/\/schema.org","@graph":[{"@type":"Article","@id":"https:\/\/www.chezcora.com\/lettre-mme-cora\/une-corneille-ma-fait-cadeau-de-sa-plume\/#article","isPartOf":{"@id":"https:\/\/www.chezcora.com\/lettre-mme-cora\/une-corneille-ma-fait-cadeau-de-sa-plume\/"},"author":{"name":"Frederic","@id":"https:\/\/www.chezcora.com\/#\/schema\/person\/dcb5c62d3439ed922025241c5de42233"},"headline":"Une corneille m\u2019a fait cadeau de sa plume!","datePublished":"2021-06-11T04:00:00+00:00","dateModified":"2021-12-02T22:18:56+00:00","mainEntityOfPage":{"@id":"https:\/\/www.chezcora.com\/lettre-mme-cora\/une-corneille-ma-fait-cadeau-de-sa-plume\/"},"wordCount":1577,"commentCount":0,"image":{"@id":"https:\/\/www.chezcora.com\/lettre-mme-cora\/une-corneille-ma-fait-cadeau-de-sa-plume\/#primaryimage"},"thumbnailUrl":"https:\/\/e3b2rn3eqfa.exactdn.com\/wp-content\/uploads\/2021\/11\/IMG_7520_article-scale_max-1040x1040-1.png?strip=all","articleSection":["Lettre Mme Cora"],"inLanguage":"en-CA","potentialAction":[{"@type":"CommentAction","name":"Comment","target":["https:\/\/www.chezcora.com\/lettre-mme-cora\/une-corneille-ma-fait-cadeau-de-sa-plume\/#respond"]}]},{"@type":"WebPage","@id":"https:\/\/www.chezcora.com\/lettre-mme-cora\/une-corneille-ma-fait-cadeau-de-sa-plume\/","url":"https:\/\/www.chezcora.com\/lettre-mme-cora\/une-corneille-ma-fait-cadeau-de-sa-plume\/","name":"Une corneille m\u2019a fait cadeau de sa plume! &#8211; Cora D\u00e9jeuners et d\u00eeners","isPartOf":{"@id":"https:\/\/www.chezcora.com\/#website"},"primaryImageOfPage":{"@id":"https:\/\/www.chezcora.com\/lettre-mme-cora\/une-corneille-ma-fait-cadeau-de-sa-plume\/#primaryimage"},"image":{"@id":"https:\/\/www.chezcora.com\/lettre-mme-cora\/une-corneille-ma-fait-cadeau-de-sa-plume\/#primaryimage"},"thumbnailUrl":"https:\/\/e3b2rn3eqfa.exactdn.com\/wp-content\/uploads\/2021\/11\/IMG_7520_article-scale_max-1040x1040-1.png?strip=all","datePublished":"2021-06-11T04:00:00+00:00","dateModified":"2021-12-02T22:18:56+00:00","author":{"@id":"https:\/\/www.chezcora.com\/#\/schema\/person\/dcb5c62d3439ed922025241c5de42233"},"breadcrumb":{"@id":"https:\/\/www.chezcora.com\/lettre-mme-cora\/une-corneille-ma-fait-cadeau-de-sa-plume\/#breadcrumb"},"inLanguage":"en-CA","potentialAction":[{"@type":"ReadAction","target":["https:\/\/www.chezcora.com\/lettre-mme-cora\/une-corneille-ma-fait-cadeau-de-sa-plume\/"]}]},{"@type":"ImageObject","inLanguage":"en-CA","@id":"https:\/\/www.chezcora.com\/lettre-mme-cora\/une-corneille-ma-fait-cadeau-de-sa-plume\/#primaryimage","url":"https:\/\/e3b2rn3eqfa.exactdn.com\/wp-content\/uploads\/2021\/11\/IMG_7520_article-scale_max-1040x1040-1.png?strip=all","contentUrl":"https:\/\/e3b2rn3eqfa.exactdn.com\/wp-content\/uploads\/2021\/11\/IMG_7520_article-scale_max-1040x1040-1.png?strip=all","width":1040,"height":1040},{"@type":"BreadcrumbList","@id":"https:\/\/www.chezcora.com\/lettre-mme-cora\/une-corneille-ma-fait-cadeau-de-sa-plume\/#breadcrumb","itemListElement":[{"@type":"ListItem","position":1,"name":"Lettre Mme Cora","item":"https:\/\/www.chezcora.com\/lettre-mme-cora\/"},{"@type":"ListItem","position":2,"name":"Une corneille m\u2019a fait cadeau de sa plume!"}]},{"@type":"WebSite","@id":"https:\/\/www.chezcora.com\/#website","url":"https:\/\/www.chezcora.com\/","name":"Cora Breakfast and Lunch","description":"D\u00e9jeuners spectaculaires livr\u00e9s \u00e0 votre domicile","potentialAction":[{"@type":"SearchAction","target":{"@type":"EntryPoint","urlTemplate":"https:\/\/www.chezcora.com\/?s={search_term_string}"},"query-input":{"@type":"PropertyValueSpecification","valueRequired":true,"valueName":"search_term_string"}}],"inLanguage":"en-CA"},{"@type":"Person","@id":"https:\/\/www.chezcora.com\/#\/schema\/person\/dcb5c62d3439ed922025241c5de42233","name":"Frederic","image":{"@type":"ImageObject","inLanguage":"en-CA","@id":"https:\/\/secure.gravatar.com\/avatar\/1082bab674d453fb78e24eb556b982941cd520a5fc55895a71fda0b2f8b39c70?s=96&d=mm&r=g","url":"https:\/\/secure.gravatar.com\/avatar\/1082bab674d453fb78e24eb556b982941cd520a5fc55895a71fda0b2f8b39c70?s=96&d=mm&r=g","contentUrl":"https:\/\/secure.gravatar.com\/avatar\/1082bab674d453fb78e24eb556b982941cd520a5fc55895a71fda0b2f8b39c70?s=96&d=mm&r=g","caption":"Frederic"}}]}},"_links":{"self":[{"href":"https:\/\/www.chezcora.com\/en\/wp-json\/wp\/v2\/posts\/837","targetHints":{"allow":["GET"]}}],"collection":[{"href":"https:\/\/www.chezcora.com\/en\/wp-json\/wp\/v2\/posts"}],"about":[{"href":"https:\/\/www.chezcora.com\/en\/wp-json\/wp\/v2\/types\/post"}],"author":[{"embeddable":true,"href":"https:\/\/www.chezcora.com\/en\/wp-json\/wp\/v2\/users\/1"}],"replies":[{"embeddable":true,"href":"https:\/\/www.chezcora.com\/en\/wp-json\/wp\/v2\/comments?post=837"}],"version-history":[{"count":0,"href":"https:\/\/www.chezcora.com\/en\/wp-json\/wp\/v2\/posts\/837\/revisions"}],"wp:featuredmedia":[{"embeddable":true,"href":"https:\/\/www.chezcora.com\/en\/wp-json\/wp\/v2\/media\/843"}],"wp:attachment":[{"href":"https:\/\/www.chezcora.com\/en\/wp-json\/wp\/v2\/media?parent=837"}],"wp:term":[{"taxonomy":"category","embeddable":true,"href":"https:\/\/www.chezcora.com\/en\/wp-json\/wp\/v2\/categories?post=837"},{"taxonomy":"post_tag","embeddable":true,"href":"https:\/\/www.chezcora.com\/en\/wp-json\/wp\/v2\/tags?post=837"}],"curies":[{"name":"wp","href":"https:\/\/api.w.org\/{rel}","templated":true}]}}