{"id":990,"date":"2020-06-19T00:00:00","date_gmt":"2020-06-19T04:00:00","guid":{"rendered":"https:\/\/www-new2022.chezcora.com\/?p=990"},"modified":"2021-12-02T17:20:23","modified_gmt":"2021-12-02T22:20:23","slug":"les-pissenlits-de-juin-envahissent-mon-gazon","status":"publish","type":"post","link":"https:\/\/www.chezcora.com\/en\/lettre-mme-cora\/les-pissenlits-de-juin-envahissent-mon-gazon\/","title":{"rendered":"June dandelions are blanketing my lawn!"},"content":{"rendered":"<p>Ils viennent nous rappeler que la nature est toujours au rendez-vous, que les arbres ont retrouv&#xE9; leur feuillage et que m&#xEA;me les arbrisseaux fr&#xE9;tillent de bonheur. L&#x2019;implacable m&#xE8;re Nature, fid&#xE8;le &#xE0; elle-m&#xEA;me, nous envoie chaleur et beaut&#xE9;.<\/p>\n<p>Ma petite fille, en vacances avant son temps, me demande des sucettes au chocolat glac&#xE9;es. Elle sait que j&#x2019;adore lui en faire,&#xA0;que c&#x2019;est ma sp&#xE9;cialit&#xE9; de l&#x2019;&#xE9;t&#xE9; et que m&#xEA;me les adultes en mangent avec plaisir.<\/p>\n<p>Nous organisons donc, ma fille et moi, la&#xA0;livraison des sucettes&#xA0;avec, dans la glaci&#xE8;re, de d&#xE9;licieux feuillet&#xE9;s aux &#xE9;pinards-f&#xE9;ta, des feuilles de vigne, des baklavas ou des portions de moussaka. Chaque fois, elle ou moi ajoutons quelques autres sp&#xE9;cialit&#xE9;s cuisin&#xE9;es maison et tr&#xE8;s appr&#xE9;ci&#xE9;es de tous les&#xA0;membres de la famille.<\/p>\n<p>Tous, nous avons&#xA0;appris &#xE0; faire plaisir au monde de cette fa&#xE7;on. En partageant un poulet au beurre, un p&#xE2;t&#xE9; chinois, une nouvelle confiture ou une sp&#xE9;cialit&#xE9;&#xA0;grecque dont&#xA0;nous avons h&#xE9;rit&#xE9; l&#x2019;inestimable r&#xE9;pertoire gr&#xE2;ce au p&#xE8;re de mes enfants.<\/p>\n<p>Nos vies ont &#xE9;t&#xE9; chamboul&#xE9;es depuis quelques mois. Mais, tranquillement, le d&#xE9;ploiement de l&#x2019;&#xE9;t&#xE9; amollit nos inqui&#xE9;tudes&#xA0;tout en raffermissant nos espoirs.<\/p>\n<p>Je r&#xE9;alise que j&#x2019;ai moi-m&#xEA;me apprivois&#xE9; une tranquillit&#xE9;&#xA0;tr&#xE8;s b&#xE9;n&#xE9;fique &#xE0; mes &#xE9;panchements cr&#xE9;atifs. Des moments de gr&#xE2;ce et de pr&#xE9;cieux instants de pur bonheur. Chaque jour, je me surprends &#xE0; embellir ma maison tant&#xF4;t de verdures sauvages, tant&#xF4;t&#xA0;de primev&#xE8;res ou tant&#xF4;t des nouvelles boutures venant des plantes vertes de la verri&#xE8;re. J&#x2019;exp&#xE9;rimente&#xA0;qu&#x2019;il est possible de nous&#xA0;recomposer une vie plus calme, plus significative et plus enrichissante. Ces derniers mois nous ont tous&#xA0;appris &#xE0; arr&#xEA;ter de nous presser, &#xE0; vraiment ralentir et &#xE0; r&#xE9;fl&#xE9;chir &#xE0; l&#x2019;utilisation judicieuse de notre temps et de nos ressources.<\/p>\n<p>Bref, vous savez d&#xE9;j&#xE0; tout cela.<\/p>\n<p>Par contre, savez-vous qu&#x2019;il existe mille et une recettes de sucettes glac&#xE9;es (popsicles)? Et que la plus facile au monde est aussi celle que ma petite fille de 8&#xA0;ans&#xA0;pr&#xE9;f&#xE8;re?<\/p>\n<p>La voici avec des ingr&#xE9;dients que vous avez tous dans vos maisons.<\/p>\n<p>Pour les sucettes au chocolat&#xA0;:<\/p>\n<p>- Fouetter&#xA0;un sachet de pouding Jello au chocolat avec deux tasses de lait. Dans un autre bol, fouetter une tasse de cr&#xE8;me 35&#xA0;% et ajouter le tout au pouding au chocolat en brassant pour bien m&#xE9;langer.<\/p>\n<p>Avec une cuill&#xE8;re &#xE0; soupe, remplir les moules &#xE0; sucettes avec le m&#xE9;lange au chocolat puis mettre au cong&#xE9;lateur.<\/p>\n<p>Pour d&#xE9;congeler, tenir la sucette glac&#xE9;e sous l&#x2019;eau chaude jusqu&#x2019;&#xE0; ce que vous puissiez la retirer de son contenant.<\/p>\n<p>M&#xEA;me les adultes en voudront, comme dit ma petite fille.<\/p>\n<p>Pour les sucettes aux fruits&#xA0;:<\/p>\n<p>- Passer au robot culinaire quelques bananes bien m&#xFB;res et deux tasses de fraises fra&#xEE;ches ou&#xA0;congel&#xE9;es<\/p>\n<p>- Remplir les sucettes du m&#xE9;lange obtenu et congeler.<\/p>\n<p>Rafra&#xEE;chissantes, app&#xE9;tissantes, sans lactose et tr&#xE8;s faciles &#xE0; faire, ces sucettes glac&#xE9;es color&#xE9;es sont aussi une d&#xE9;licieuse fa&#xE7;on de faire manger des fruits &#xE0; vos bambins.<\/p>\n<p>Vous pouvez aussi prendre&#xA0;le temps de surprendre les v&#xF4;tres avec des sucettes glac&#xE9;es de tous les genres possibles. Des plus conventionnelles comme les fudges de mademoiselle Nini aux fruits sant&#xE9;, jusqu&#x2019;&#xE0; celles truff&#xE9;es de surprise aux bleuets ou &#xE0; la noix de coco. L&#x2019;important &#xE9;tant de faire plaisir &#xE0; votre monde&#xA0;sans avoir &#xE0; courir au magasin du coin chaque fois.<\/p>\n<p>Bonne exp&#xE9;rimentation et surtout bonne d&#xE9;gustation!<\/p>\n<p>Et je vous souhaite aussi d&#x2019;appr&#xE9;cier pleinement les plaisirs &#xE0; votre port&#xE9;e&#xA0;: marcher tous les jours, lire des histoires d&#x2019;amour,&#xA0;exp&#xE9;rimenter de nouvelles recettes, ouvrir le BBQ, parler aux voisins, faire des couronnes de fleurs, tricoter &#xE0; l&#x2019;ombre en vous ber&#xE7;ant, cultiver des fines herbes sur votre balcon, chercher des tr&#xE8;fles &#xE0; quatre feuilles, commencer votre &#xAB;&#xA0;Bucket List&#xA0;&#xBB; ou tout simplement &#xE9;couter les oiseaux vous chanter fleurette.<\/p>\n<p>&#xA0;&#xA0; <span style=\"font-family:&quot;Apple Color Emoji&quot;\">&#x2764;&#xFE0F;<\/p>\n<p>Cora<\/p>\n<p>Psst&#xA0;: Mille mercis d&#x2019;&#xEA;tre avec moi, si constants &#xE0; me lire.<\/p>","protected":false},"excerpt":{"rendered":"<p>Ils viennent nous rappeler que la nature est toujours au rendez-vous, que [&hellip;]<\/p>\n","protected":false},"author":1,"featured_media":995,"comment_status":"open","ping_status":"open","sticky":false,"template":"","format":"standard","meta":{"_acf_changed":false,"footnotes":""},"categories":[32],"tags":[],"class_list":["post-990","post","type-post","status-publish","format-standard","has-post-thumbnail","hentry","category-lettre-mme-cora"],"acf":[],"yoast_head":"<!-- This site is optimized with the Yoast SEO plugin v27.4 - https:\/\/yoast.com\/product\/yoast-seo-wordpress\/ -->\n<title>Les pissenlits de juin envahissent mon gazon! &#8211; Cora D\u00e9jeuners et d\u00eeners<\/title>\n<meta name=\"robots\" content=\"index, follow, max-snippet:-1, max-image-preview:large, max-video-preview:-1\" \/>\n<link rel=\"canonical\" href=\"https:\/\/www.chezcora.com\/en\/mme-coras-letter\/les-pissenlits-de-juin-envahissent-mon-gazon\/\" \/>\n<meta property=\"og:locale\" content=\"en_US\" \/>\n<meta property=\"og:type\" content=\"article\" \/>\n<meta property=\"og:title\" content=\"Les pissenlits de juin envahissent mon gazon! &#8211; Cora D\u00e9jeuners et d\u00eeners\" \/>\n<meta property=\"og:description\" content=\"Ils viennent nous rappeler que la nature est toujours au rendez-vous, que [&hellip;]\" \/>\n<meta property=\"og:url\" content=\"https:\/\/www.chezcora.com\/en\/mme-coras-letter\/les-pissenlits-de-juin-envahissent-mon-gazon\/\" \/>\n<meta property=\"og:site_name\" content=\"Cora D\u00e9jeuners et d\u00eeners\" \/>\n<meta property=\"article:publisher\" content=\"https:\/\/www.facebook.com\/corarestaurants\" \/>\n<meta property=\"article:published_time\" content=\"2020-06-19T04:00:00+00:00\" \/>\n<meta property=\"article:modified_time\" content=\"2021-12-02T22:20:23+00:00\" \/>\n<meta property=\"og:image\" content=\"https:\/\/e3b2rn3eqfa.exactdn.com\/wp-content\/uploads\/2021\/11\/IMG_9869_article-scale_max-1040x1040-1.png?strip=all&lossy=0&ssl=1\" \/>\n\t<meta property=\"og:image:width\" content=\"1040\" \/>\n\t<meta property=\"og:image:height\" content=\"1040\" \/>\n\t<meta property=\"og:image:type\" content=\"image\/png\" \/>\n<meta name=\"author\" content=\"Frederic\" \/>\n<meta name=\"twitter:card\" content=\"summary_large_image\" \/>\n<meta name=\"twitter:creator\" content=\"@CoraRestaurants\" \/>\n<meta name=\"twitter:site\" content=\"@CoraRestaurants\" \/>\n<meta name=\"twitter:label1\" content=\"Written by\" \/>\n\t<meta name=\"twitter:data1\" content=\"Frederic\" \/>\n\t<meta name=\"twitter:label2\" content=\"Est. reading time\" \/>\n\t<meta name=\"twitter:data2\" content=\"4 minutes\" \/>\n<script type=\"application\/ld+json\" class=\"yoast-schema-graph\">{\"@context\":\"https:\\\/\\\/schema.org\",\"@graph\":[{\"@type\":\"Article\",\"@id\":\"https:\\\/\\\/www.chezcora.com\\\/lettre-mme-cora\\\/les-pissenlits-de-juin-envahissent-mon-gazon\\\/#article\",\"isPartOf\":{\"@id\":\"https:\\\/\\\/www.chezcora.com\\\/lettre-mme-cora\\\/les-pissenlits-de-juin-envahissent-mon-gazon\\\/\"},\"author\":{\"name\":\"Frederic\",\"@id\":\"https:\\\/\\\/www.chezcora.com\\\/#\\\/schema\\\/person\\\/dcb5c62d3439ed922025241c5de42233\"},\"headline\":\"Les pissenlits de juin envahissent mon gazon!\",\"datePublished\":\"2020-06-19T04:00:00+00:00\",\"dateModified\":\"2021-12-02T22:20:23+00:00\",\"mainEntityOfPage\":{\"@id\":\"https:\\\/\\\/www.chezcora.com\\\/lettre-mme-cora\\\/les-pissenlits-de-juin-envahissent-mon-gazon\\\/\"},\"wordCount\":884,\"commentCount\":0,\"image\":{\"@id\":\"https:\\\/\\\/www.chezcora.com\\\/lettre-mme-cora\\\/les-pissenlits-de-juin-envahissent-mon-gazon\\\/#primaryimage\"},\"thumbnailUrl\":\"https:\\\/\\\/e3b2rn3eqfa.exactdn.com\\\/wp-content\\\/uploads\\\/2021\\\/11\\\/IMG_9869_article-scale_max-1040x1040-1.png?strip=all\",\"articleSection\":[\"Lettre Mme Cora\"],\"inLanguage\":\"en-CA\",\"potentialAction\":[{\"@type\":\"CommentAction\",\"name\":\"Comment\",\"target\":[\"https:\\\/\\\/www.chezcora.com\\\/lettre-mme-cora\\\/les-pissenlits-de-juin-envahissent-mon-gazon\\\/#respond\"]}]},{\"@type\":\"WebPage\",\"@id\":\"https:\\\/\\\/www.chezcora.com\\\/lettre-mme-cora\\\/les-pissenlits-de-juin-envahissent-mon-gazon\\\/\",\"url\":\"https:\\\/\\\/www.chezcora.com\\\/lettre-mme-cora\\\/les-pissenlits-de-juin-envahissent-mon-gazon\\\/\",\"name\":\"Les pissenlits de juin envahissent mon gazon! &#8211; Cora D\u00e9jeuners et d\u00eeners\",\"isPartOf\":{\"@id\":\"https:\\\/\\\/www.chezcora.com\\\/#website\"},\"primaryImageOfPage\":{\"@id\":\"https:\\\/\\\/www.chezcora.com\\\/lettre-mme-cora\\\/les-pissenlits-de-juin-envahissent-mon-gazon\\\/#primaryimage\"},\"image\":{\"@id\":\"https:\\\/\\\/www.chezcora.com\\\/lettre-mme-cora\\\/les-pissenlits-de-juin-envahissent-mon-gazon\\\/#primaryimage\"},\"thumbnailUrl\":\"https:\\\/\\\/e3b2rn3eqfa.exactdn.com\\\/wp-content\\\/uploads\\\/2021\\\/11\\\/IMG_9869_article-scale_max-1040x1040-1.png?strip=all\",\"datePublished\":\"2020-06-19T04:00:00+00:00\",\"dateModified\":\"2021-12-02T22:20:23+00:00\",\"author\":{\"@id\":\"https:\\\/\\\/www.chezcora.com\\\/#\\\/schema\\\/person\\\/dcb5c62d3439ed922025241c5de42233\"},\"breadcrumb\":{\"@id\":\"https:\\\/\\\/www.chezcora.com\\\/lettre-mme-cora\\\/les-pissenlits-de-juin-envahissent-mon-gazon\\\/#breadcrumb\"},\"inLanguage\":\"en-CA\",\"potentialAction\":[{\"@type\":\"ReadAction\",\"target\":[\"https:\\\/\\\/www.chezcora.com\\\/lettre-mme-cora\\\/les-pissenlits-de-juin-envahissent-mon-gazon\\\/\"]}]},{\"@type\":\"ImageObject\",\"inLanguage\":\"en-CA\",\"@id\":\"https:\\\/\\\/www.chezcora.com\\\/lettre-mme-cora\\\/les-pissenlits-de-juin-envahissent-mon-gazon\\\/#primaryimage\",\"url\":\"https:\\\/\\\/e3b2rn3eqfa.exactdn.com\\\/wp-content\\\/uploads\\\/2021\\\/11\\\/IMG_9869_article-scale_max-1040x1040-1.png?strip=all\",\"contentUrl\":\"https:\\\/\\\/e3b2rn3eqfa.exactdn.com\\\/wp-content\\\/uploads\\\/2021\\\/11\\\/IMG_9869_article-scale_max-1040x1040-1.png?strip=all\",\"width\":1040,\"height\":1040},{\"@type\":\"BreadcrumbList\",\"@id\":\"https:\\\/\\\/www.chezcora.com\\\/lettre-mme-cora\\\/les-pissenlits-de-juin-envahissent-mon-gazon\\\/#breadcrumb\",\"itemListElement\":[{\"@type\":\"ListItem\",\"position\":1,\"name\":\"Lettre Mme Cora\",\"item\":\"https:\\\/\\\/www.chezcora.com\\\/lettre-mme-cora\\\/\"},{\"@type\":\"ListItem\",\"position\":2,\"name\":\"Les pissenlits de juin envahissent mon gazon!\"}]},{\"@type\":\"WebSite\",\"@id\":\"https:\\\/\\\/www.chezcora.com\\\/#website\",\"url\":\"https:\\\/\\\/www.chezcora.com\\\/\",\"name\":\"Cora D\u00e9jeuners et d\u00eeners\",\"description\":\"D\u00e9jeuners spectaculaires livr\u00e9s \u00e0 votre domicile\",\"potentialAction\":[{\"@type\":\"SearchAction\",\"target\":{\"@type\":\"EntryPoint\",\"urlTemplate\":\"https:\\\/\\\/www.chezcora.com\\\/?s={search_term_string}\"},\"query-input\":{\"@type\":\"PropertyValueSpecification\",\"valueRequired\":true,\"valueName\":\"search_term_string\"}}],\"inLanguage\":\"en-CA\"},{\"@type\":\"Person\",\"@id\":\"https:\\\/\\\/www.chezcora.com\\\/#\\\/schema\\\/person\\\/dcb5c62d3439ed922025241c5de42233\",\"name\":\"Frederic\",\"image\":{\"@type\":\"ImageObject\",\"inLanguage\":\"en-CA\",\"@id\":\"https:\\\/\\\/secure.gravatar.com\\\/avatar\\\/1082bab674d453fb78e24eb556b982941cd520a5fc55895a71fda0b2f8b39c70?s=96&d=mm&r=g\",\"url\":\"https:\\\/\\\/secure.gravatar.com\\\/avatar\\\/1082bab674d453fb78e24eb556b982941cd520a5fc55895a71fda0b2f8b39c70?s=96&d=mm&r=g\",\"contentUrl\":\"https:\\\/\\\/secure.gravatar.com\\\/avatar\\\/1082bab674d453fb78e24eb556b982941cd520a5fc55895a71fda0b2f8b39c70?s=96&d=mm&r=g\",\"caption\":\"Frederic\"}}]}<\/script>\n<!-- \/ Yoast SEO plugin. -->","yoast_head_json":{"title":"Les pissenlits de juin envahissent mon gazon! &#8211; Cora D\u00e9jeuners et d\u00eeners","robots":{"index":"index","follow":"follow","max-snippet":"max-snippet:-1","max-image-preview":"max-image-preview:large","max-video-preview":"max-video-preview:-1"},"canonical":"https:\/\/www.chezcora.com\/en\/mme-coras-letter\/les-pissenlits-de-juin-envahissent-mon-gazon\/","og_locale":"en_US","og_type":"article","og_title":"Les pissenlits de juin envahissent mon gazon! &#8211; Cora D\u00e9jeuners et d\u00eeners","og_description":"Ils viennent nous rappeler que la nature est toujours au rendez-vous, que [&hellip;]","og_url":"https:\/\/www.chezcora.com\/en\/mme-coras-letter\/les-pissenlits-de-juin-envahissent-mon-gazon\/","og_site_name":"Cora D\u00e9jeuners et d\u00eeners","article_publisher":"https:\/\/www.facebook.com\/corarestaurants","article_published_time":"2020-06-19T04:00:00+00:00","article_modified_time":"2021-12-02T22:20:23+00:00","og_image":[{"width":1040,"height":1040,"url":"https:\/\/e3b2rn3eqfa.exactdn.com\/wp-content\/uploads\/2021\/11\/IMG_9869_article-scale_max-1040x1040-1.png?strip=all&lossy=0&ssl=1","type":"image\/png"}],"author":"Frederic","twitter_card":"summary_large_image","twitter_creator":"@CoraRestaurants","twitter_site":"@CoraRestaurants","twitter_misc":{"Written by":"Frederic","Est. reading time":"4 minutes"},"schema":{"@context":"https:\/\/schema.org","@graph":[{"@type":"Article","@id":"https:\/\/www.chezcora.com\/lettre-mme-cora\/les-pissenlits-de-juin-envahissent-mon-gazon\/#article","isPartOf":{"@id":"https:\/\/www.chezcora.com\/lettre-mme-cora\/les-pissenlits-de-juin-envahissent-mon-gazon\/"},"author":{"name":"Frederic","@id":"https:\/\/www.chezcora.com\/#\/schema\/person\/dcb5c62d3439ed922025241c5de42233"},"headline":"Les pissenlits de juin envahissent mon gazon!","datePublished":"2020-06-19T04:00:00+00:00","dateModified":"2021-12-02T22:20:23+00:00","mainEntityOfPage":{"@id":"https:\/\/www.chezcora.com\/lettre-mme-cora\/les-pissenlits-de-juin-envahissent-mon-gazon\/"},"wordCount":884,"commentCount":0,"image":{"@id":"https:\/\/www.chezcora.com\/lettre-mme-cora\/les-pissenlits-de-juin-envahissent-mon-gazon\/#primaryimage"},"thumbnailUrl":"https:\/\/e3b2rn3eqfa.exactdn.com\/wp-content\/uploads\/2021\/11\/IMG_9869_article-scale_max-1040x1040-1.png?strip=all","articleSection":["Lettre Mme Cora"],"inLanguage":"en-CA","potentialAction":[{"@type":"CommentAction","name":"Comment","target":["https:\/\/www.chezcora.com\/lettre-mme-cora\/les-pissenlits-de-juin-envahissent-mon-gazon\/#respond"]}]},{"@type":"WebPage","@id":"https:\/\/www.chezcora.com\/lettre-mme-cora\/les-pissenlits-de-juin-envahissent-mon-gazon\/","url":"https:\/\/www.chezcora.com\/lettre-mme-cora\/les-pissenlits-de-juin-envahissent-mon-gazon\/","name":"Les pissenlits de juin envahissent mon gazon! &#8211; Cora D\u00e9jeuners et d\u00eeners","isPartOf":{"@id":"https:\/\/www.chezcora.com\/#website"},"primaryImageOfPage":{"@id":"https:\/\/www.chezcora.com\/lettre-mme-cora\/les-pissenlits-de-juin-envahissent-mon-gazon\/#primaryimage"},"image":{"@id":"https:\/\/www.chezcora.com\/lettre-mme-cora\/les-pissenlits-de-juin-envahissent-mon-gazon\/#primaryimage"},"thumbnailUrl":"https:\/\/e3b2rn3eqfa.exactdn.com\/wp-content\/uploads\/2021\/11\/IMG_9869_article-scale_max-1040x1040-1.png?strip=all","datePublished":"2020-06-19T04:00:00+00:00","dateModified":"2021-12-02T22:20:23+00:00","author":{"@id":"https:\/\/www.chezcora.com\/#\/schema\/person\/dcb5c62d3439ed922025241c5de42233"},"breadcrumb":{"@id":"https:\/\/www.chezcora.com\/lettre-mme-cora\/les-pissenlits-de-juin-envahissent-mon-gazon\/#breadcrumb"},"inLanguage":"en-CA","potentialAction":[{"@type":"ReadAction","target":["https:\/\/www.chezcora.com\/lettre-mme-cora\/les-pissenlits-de-juin-envahissent-mon-gazon\/"]}]},{"@type":"ImageObject","inLanguage":"en-CA","@id":"https:\/\/www.chezcora.com\/lettre-mme-cora\/les-pissenlits-de-juin-envahissent-mon-gazon\/#primaryimage","url":"https:\/\/e3b2rn3eqfa.exactdn.com\/wp-content\/uploads\/2021\/11\/IMG_9869_article-scale_max-1040x1040-1.png?strip=all","contentUrl":"https:\/\/e3b2rn3eqfa.exactdn.com\/wp-content\/uploads\/2021\/11\/IMG_9869_article-scale_max-1040x1040-1.png?strip=all","width":1040,"height":1040},{"@type":"BreadcrumbList","@id":"https:\/\/www.chezcora.com\/lettre-mme-cora\/les-pissenlits-de-juin-envahissent-mon-gazon\/#breadcrumb","itemListElement":[{"@type":"ListItem","position":1,"name":"Lettre Mme Cora","item":"https:\/\/www.chezcora.com\/lettre-mme-cora\/"},{"@type":"ListItem","position":2,"name":"Les pissenlits de juin envahissent mon gazon!"}]},{"@type":"WebSite","@id":"https:\/\/www.chezcora.com\/#website","url":"https:\/\/www.chezcora.com\/","name":"Cora Breakfast and Lunch","description":"D\u00e9jeuners spectaculaires livr\u00e9s \u00e0 votre domicile","potentialAction":[{"@type":"SearchAction","target":{"@type":"EntryPoint","urlTemplate":"https:\/\/www.chezcora.com\/?s={search_term_string}"},"query-input":{"@type":"PropertyValueSpecification","valueRequired":true,"valueName":"search_term_string"}}],"inLanguage":"en-CA"},{"@type":"Person","@id":"https:\/\/www.chezcora.com\/#\/schema\/person\/dcb5c62d3439ed922025241c5de42233","name":"Frederic","image":{"@type":"ImageObject","inLanguage":"en-CA","@id":"https:\/\/secure.gravatar.com\/avatar\/1082bab674d453fb78e24eb556b982941cd520a5fc55895a71fda0b2f8b39c70?s=96&d=mm&r=g","url":"https:\/\/secure.gravatar.com\/avatar\/1082bab674d453fb78e24eb556b982941cd520a5fc55895a71fda0b2f8b39c70?s=96&d=mm&r=g","contentUrl":"https:\/\/secure.gravatar.com\/avatar\/1082bab674d453fb78e24eb556b982941cd520a5fc55895a71fda0b2f8b39c70?s=96&d=mm&r=g","caption":"Frederic"}}]}},"_links":{"self":[{"href":"https:\/\/www.chezcora.com\/en\/wp-json\/wp\/v2\/posts\/990","targetHints":{"allow":["GET"]}}],"collection":[{"href":"https:\/\/www.chezcora.com\/en\/wp-json\/wp\/v2\/posts"}],"about":[{"href":"https:\/\/www.chezcora.com\/en\/wp-json\/wp\/v2\/types\/post"}],"author":[{"embeddable":true,"href":"https:\/\/www.chezcora.com\/en\/wp-json\/wp\/v2\/users\/1"}],"replies":[{"embeddable":true,"href":"https:\/\/www.chezcora.com\/en\/wp-json\/wp\/v2\/comments?post=990"}],"version-history":[{"count":0,"href":"https:\/\/www.chezcora.com\/en\/wp-json\/wp\/v2\/posts\/990\/revisions"}],"wp:featuredmedia":[{"embeddable":true,"href":"https:\/\/www.chezcora.com\/en\/wp-json\/wp\/v2\/media\/995"}],"wp:attachment":[{"href":"https:\/\/www.chezcora.com\/en\/wp-json\/wp\/v2\/media?parent=990"}],"wp:term":[{"taxonomy":"category","embeddable":true,"href":"https:\/\/www.chezcora.com\/en\/wp-json\/wp\/v2\/categories?post=990"},{"taxonomy":"post_tag","embeddable":true,"href":"https:\/\/www.chezcora.com\/en\/wp-json\/wp\/v2\/tags?post=990"}],"curies":[{"name":"wp","href":"https:\/\/api.w.org\/{rel}","templated":true}]}}